{"id":255392,"date":"2017-10-11T13:55:41","date_gmt":"2017-10-11T10:55:41","guid":{"rendered":"http:\/\/www.nationalturk.com\/?p=255392"},"modified":"2017-10-11T13:55:41","modified_gmt":"2017-10-11T10:55:41","slug":"rajoydan-katalonya-aciklamasi","status":"publish","type":"post","link":"https:\/\/www.nationalturk.com\/tr\/rajoydan-katalonya-aciklamasi\/","title":{"rendered":"Rajoy&#8217;dan Katalonya a\u00e7\u0131klamas\u0131"},"content":{"rendered":"<h2>\u0130spanya Ba\u015fbakan\u0131 Mariano Rajoy, Katalan y\u00f6netiminden &#8220;ba\u011f\u0131ms\u0131zl\u0131k ilan edip etmedi\u011fine&#8221; a\u00e7\u0131kl\u0131k getirmesini, ba\u011f\u0131ms\u0131zl\u0131k ilan edilmesi durumunda Katalonya&#8217;n\u0131n \u00f6zerklik haklar\u0131n\u0131n dondurulmas\u0131n\u0131 \u00f6ng\u00f6ren ilgili maddenin y\u00fcr\u00fcrl\u00fc\u011fe konulmas\u0131 i\u00e7in harekete ge\u00e7eceklerini s\u00f6yledi.<\/h2>\n<p>Ayr\u0131nt\u0131lar birazdan.<\/p>\n<!-- Error, Advert is not available at this time due to schedule\/geolocation restrictions! -->\n","protected":false},"excerpt":{"rendered":"<p>\u0130spanya Ba\u015fbakan\u0131 Mariano Rajoy, Katalan y\u00f6netiminden &#8220;ba\u011f\u0131ms\u0131zl\u0131k ilan edip etmedi\u011fine&#8221; a\u00e7\u0131kl\u0131k getirmesini, ba\u011f\u0131ms\u0131zl\u0131k ilan edilmesi durumunda Katalonya&#8217;n\u0131n \u00f6zerklik haklar\u0131n\u0131n dondurulmas\u0131n\u0131 \u00f6ng\u00f6ren ilgili maddenin y\u00fcr\u00fcrl\u00fc\u011fe konulmas\u0131 i\u00e7in harekete ge\u00e7eceklerini s\u00f6yledi. Ayr\u0131nt\u0131lar birazdan.<\/p>\n","protected":false},"author":4,"featured_media":255393,"comment_status":"open","ping_status":"open","sticky":false,"template":"","format":"standard","meta":{"_acf_changed":false,"footnotes":""},"categories":[6770,6665,6155,5005,6202,349],"tags":[15,17737,85720],"class_list":["post-255392","post","type-post","status-publish","format-standard","has-post-thumbnail","hentry","category-avrupa","category-dunya","category-gundem","category-manset","category-politika","category-son-dakika","tag-ispanya","tag-katalonya","tag-mariano-rajoy"],"acf":[],"_links":{"self":[{"href":"https:\/\/www.nationalturk.com\/tr\/wp-json\/wp\/v2\/posts\/255392","targetHints":{"allow":["GET"]}}],"collection":[{"href":"https:\/\/www.nationalturk.com\/tr\/wp-json\/wp\/v2\/posts"}],"about":[{"href":"https:\/\/www.nationalturk.com\/tr\/wp-json\/wp\/v2\/types\/post"}],"author":[{"embeddable":true,"href":"https:\/\/www.nationalturk.com\/tr\/wp-json\/wp\/v2\/users\/4"}],"replies":[{"embeddable":true,"href":"https:\/\/www.nationalturk.com\/tr\/wp-json\/wp\/v2\/comments?post=255392"}],"version-history":[{"count":0,"href":"https:\/\/www.nationalturk.com\/tr\/wp-json\/wp\/v2\/posts\/255392\/revisions"}],"wp:featuredmedia":[{"embeddable":true,"href":"https:\/\/www.nationalturk.com\/tr\/wp-json\/wp\/v2\/media\/255393"}],"wp:attachment":[{"href":"https:\/\/www.nationalturk.com\/tr\/wp-json\/wp\/v2\/media?parent=255392"}],"wp:term":[{"taxonomy":"category","embeddable":true,"href":"https:\/\/www.nationalturk.com\/tr\/wp-json\/wp\/v2\/categories?post=255392"},{"taxonomy":"post_tag","embeddable":true,"href":"https:\/\/www.nationalturk.com\/tr\/wp-json\/wp\/v2\/tags?post=255392"}],"curies":[{"name":"wp","href":"https:\/\/api.w.org\/{rel}","templated":true}]}}