{"id":255398,"date":"2017-10-11T15:11:08","date_gmt":"2017-10-11T12:11:08","guid":{"rendered":"http:\/\/www.nationalturk.com\/?p=255398"},"modified":"2017-10-11T15:11:08","modified_gmt":"2017-10-11T12:11:08","slug":"ali-agaoglu-ampute-milli-takim-uzerinden-reklam-firsatini-kacirmadi","status":"publish","type":"post","link":"https:\/\/www.nationalturk.com\/tr\/ali-agaoglu-ampute-milli-takim-uzerinden-reklam-firsatini-kacirmadi\/","title":{"rendered":"Ali A\u011fao\u011flu ampute milli tak\u0131m \u00fczerinden reklam f\u0131rsat\u0131n\u0131 ka\u00e7\u0131rmad\u0131"},"content":{"rendered":"<h2>\u0130\u015f adam\u0131 Ali A\u011fao\u011flu, Avrupa Ampute Futbol \u015eampiyonu olan milli tak\u0131m\u0131n oyuncular\u0131na daire hediye etti. A\u011fao\u011flu, yapt\u0131\u011f\u0131 iyili\u011fi bas\u0131n toplant\u0131s\u0131yla duyurdu!<\/h2>\n<p>A\u011fao\u011flu, &#8220;T\u00fcrk insan\u0131n\u0131n b\u00f6yle bir birlikteli\u011fine tan\u0131k olmad\u0131m. Bunu bize sa\u011flayan aslanlar\u0131m\u0131za, \u015fimdi bizim borcumuzu \u00f6demenin zaman\u0131d\u0131r&#8221; dedi.<\/p>\n<p>A\u011fao\u011flu, oyunculara daire hediye etti\u011fini d\u00fczenledi\u011fi bir bas\u0131n toplant\u0131s\u0131yla a\u00e7\u0131klad\u0131 ve \u015fu ifadeleri kulland\u0131:<br \/>\n&#8220;Millet olarak \u00e7e\u015fitli engellerle kar\u015f\u0131la\u015f\u0131yoruz. \u0130\u015f d\u00fcnyas\u0131 da pay\u0131na d\u00fc\u015fen zorluklarla bo\u011fu\u015fuyor. B\u00f6yle bir d\u00f6nemde Avrupa \u015fampiyonu olan T\u00fcrkiye Milli Ampute Futbol Tak\u0131m\u0131m\u0131z\u0131n dosta d\u00fc\u015fmana g\u00f6sterdi\u011fi bir \u015fey var: T\u00fcrk milleti olarak a\u015famayaca\u011f\u0131m\u0131z engel yok. Ampute milli tak\u0131m\u0131n\u0131n birbirinden de\u011ferli oyuncular\u0131n\u0131n elleri kollar\u0131 olmayabilir, ama aslan gibi y\u00fcrekleri var. Bu vatan sevgisi, T\u00fcrkiye sevgisi ile dolu sapasa\u011flam y\u00fcrekleri ile hepimizi onurland\u0131rd\u0131lar.&#8221;<\/p>\n<p>Sporta bu t\u00fcr ba\u015far\u0131lar\u0131n T\u00fcrkiye&#8217;de halk\u0131 birbirine kenetledi\u011fini s\u00f6yleyen Ali A\u011fao\u011flu \u015f\u00f6yle konu\u015ftu:<\/p>\n<p>&#8220;Ben \u00e7ok uzun y\u0131llard\u0131r T\u00fcrk insan\u0131n\u0131n b\u00f6yle bir birlikteli\u011fine tan\u0131k olmad\u0131m. Bunu bize sa\u011flayan aslanlar\u0131m\u0131za, \u015fimdi bizim borcumuzu \u00f6demenin zaman\u0131d\u0131r. Onlar engelleri a\u015ft\u0131 s\u0131ra bizde. Elbette bu vatan sevgisinin bir kar\u015f\u0131l\u0131\u011f\u0131 olamaz ama ben aslan y\u00fcrekli tak\u0131m\u0131m\u0131z\u0131n oyuncular\u0131na birer daire hediye ediyorum. Helali ho\u015f olsun. G\u00fcle g\u00fcle otursunlar.&#8221;<\/p>\n<p>S\u00f6zlerine Mustafa Kemal Atat\u00fcrk\u2019\u00fcn engeller kar\u015f\u0131s\u0131ndaki g\u00f6r\u00fc\u015f\u00fcn\u00fc ifade ederek devam eden A\u011fao\u011flu, &#8220;Atat\u00fcrk\u2019e soruyorlar, &#8216;Pa\u015fam nas\u0131l ba\u015fard\u0131n?&#8217;diye. Atat\u00fcrk \u015f\u00f6yle diyor: Hayal ettim. Hayalimin \u00f6n\u00fcndeki manileri tespit ettim. Manileri kald\u0131rd\u0131\u011f\u0131mda hayalim kendili\u011finden ger\u00e7ekle\u015fti&#8221; diye konu\u015ftu.<\/p>\n<!-- Error, Advert is not available at this time due to schedule\/geolocation restrictions! -->\n","protected":false},"excerpt":{"rendered":"<p>\u0130\u015f adam\u0131 Ali A\u011fao\u011flu, Avrupa Ampute Futbol \u015eampiyonu olan milli tak\u0131m\u0131n oyuncular\u0131na daire hediye etti. A\u011fao\u011flu, yapt\u0131\u011f\u0131 iyili\u011fi bas\u0131n toplant\u0131s\u0131yla duyurdu! A\u011fao\u011flu, &#8220;T\u00fcrk insan\u0131n\u0131n b\u00f6yle bir birlikteli\u011fine tan\u0131k olmad\u0131m. Bunu bize sa\u011flayan aslanlar\u0131m\u0131za, \u015fimdi bizim borcumuzu \u00f6demenin zaman\u0131d\u0131r&#8221; dedi. A\u011fao\u011flu, oyunculara daire hediye etti\u011fini d\u00fczenledi\u011fi bir bas\u0131n toplant\u0131s\u0131yla a\u00e7\u0131klad\u0131 ve \u015fu ifadeleri kulland\u0131: &#8220;Millet olarak &hellip;<\/p>\n","protected":false},"author":4,"featured_media":255399,"comment_status":"open","ping_status":"open","sticky":false,"template":"","format":"standard","meta":{"_acf_changed":false,"footnotes":""},"categories":[6155,6232,5005,6805],"tags":[3833,213727],"class_list":["post-255398","post","type-post","status-publish","format-standard","has-post-thumbnail","hentry","category-gundem","category-magazin","category-manset","category-turkiye","tag-ali-agaoglu","tag-ampute-milli-takim"],"acf":[],"_links":{"self":[{"href":"https:\/\/www.nationalturk.com\/tr\/wp-json\/wp\/v2\/posts\/255398","targetHints":{"allow":["GET"]}}],"collection":[{"href":"https:\/\/www.nationalturk.com\/tr\/wp-json\/wp\/v2\/posts"}],"about":[{"href":"https:\/\/www.nationalturk.com\/tr\/wp-json\/wp\/v2\/types\/post"}],"author":[{"embeddable":true,"href":"https:\/\/www.nationalturk.com\/tr\/wp-json\/wp\/v2\/users\/4"}],"replies":[{"embeddable":true,"href":"https:\/\/www.nationalturk.com\/tr\/wp-json\/wp\/v2\/comments?post=255398"}],"version-history":[{"count":0,"href":"https:\/\/www.nationalturk.com\/tr\/wp-json\/wp\/v2\/posts\/255398\/revisions"}],"wp:featuredmedia":[{"embeddable":true,"href":"https:\/\/www.nationalturk.com\/tr\/wp-json\/wp\/v2\/media\/255399"}],"wp:attachment":[{"href":"https:\/\/www.nationalturk.com\/tr\/wp-json\/wp\/v2\/media?parent=255398"}],"wp:term":[{"taxonomy":"category","embeddable":true,"href":"https:\/\/www.nationalturk.com\/tr\/wp-json\/wp\/v2\/categories?post=255398"},{"taxonomy":"post_tag","embeddable":true,"href":"https:\/\/www.nationalturk.com\/tr\/wp-json\/wp\/v2\/tags?post=255398"}],"curies":[{"name":"wp","href":"https:\/\/api.w.org\/{rel}","templated":true}]}}