{"id":255469,"date":"2017-10-12T18:19:59","date_gmt":"2017-10-12T15:19:59","guid":{"rendered":"http:\/\/www.nationalturk.com\/?p=255469"},"modified":"2022-09-12T12:52:57","modified_gmt":"2022-09-12T09:52:57","slug":"kuzey-kore-yine-atarli-abdye-ates-topuyla-karsilik-verecegiz","status":"publish","type":"post","link":"https:\/\/www.nationalturk.com\/tr\/kuzey-kore-yine-atarli-abdye-ates-topuyla-karsilik-verecegiz\/","title":{"rendered":"Kuzey Kore yine atarl\u0131! &#8220;ABD&#8217;ye ate\u015f topuyla kar\u015f\u0131l\u0131k verece\u011fiz&#8221;"},"content":{"rendered":"<h2>Kuzey Kore D\u0131\u015fi\u015fleri Bakan\u0131 Ri Yong Ho, ABD Ba\u015fkan\u0131 Donald Trump&#8217;\u0131n BM Genel Kurulu&#8217;nda kulland\u0131\u011f\u0131 ifadelerle iki \u00fclke aras\u0131ndaki sava\u015f\u0131n fitilini ate\u015fledi\u011fini, halk ve ordunun ABD&#8217;ye ate\u015f topu ile kar\u015f\u0131l\u0131k verilmesini istedi\u011fini s\u00f6yledi.<\/h2>\n<p>Rus bas\u0131n\u0131na konu\u015fan Kuzey Kore D\u0131\u015fi\u015fleri Bakan\u0131 Ri Yong Ho, \u00fclkesinin lideri Kim Jong Un&#8217;un, ordunun Trump&#8217;\u0131n bu ifadelerinin ard\u0131ndan ABD&#8217;yi cezas\u0131z b\u0131rakmayaca\u011f\u0131n\u0131 s\u00f6yledi\u011fini belirtti.<br \/>\nRi &#8220;ABD&#8217;nin hesap verme vakti geldi. Askerlerimiz ve halk\u0131m\u0131z, ABD&#8217;ye s\u00f6zle de\u011fil, ate\u015f topuyla kar\u015f\u0131l\u0131k verilmesini istiyor&#8221; dedi.<\/p>\n<p>Ri, Kuzey Kore&#8217;nin ba\u011f\u0131ms\u0131zl\u0131\u011f\u0131n\u0131n korunmas\u0131n\u0131n arac\u0131 oldu\u011funu s\u00f6yledi\u011fi n\u00fckleer silahlar\u0131n ana konu oldu\u011fu hi\u00e7bir g\u00f6r\u00fc\u015fmede yer almak istemediklerini ve ABD ile aralar\u0131ndaki g\u00fc\u00e7 dengesi fark\u0131n\u0131 kapatmaya \u00e7ok yakla\u015ft\u0131klar\u0131n\u0131 belirtti.<\/p>\n<p>ABD Ba\u015fkan\u0131 Donald Trump, Birle\u015fmi\u015f Milletler Genel Kurulu&#8217;nda &#8220;Zorunda kal\u0131rsak Kuzey Kore&#8217;yi yok ederiz&#8221; ifadelerini kullanm\u0131\u015ft\u0131.<\/p>\n<p>Kuzey Kore lideri Kim Jong-un da bu ifadelere kar\u015f\u0131l\u0131k &#8220;Akli dengesi bozuk bunak ABD&#8217;liyi kesinlikle ate\u015fle terbiye edece\u011fim&#8221; demi\u015fti.<\/p>\n<!-- Error, Advert is not available at this time due to schedule\/geolocation restrictions! -->\n","protected":false},"excerpt":{"rendered":"<p>Kuzey Kore D\u0131\u015fi\u015fleri Bakan\u0131 Ri Yong Ho, ABD Ba\u015fkan\u0131 Donald Trump&#8217;\u0131n BM Genel Kurulu&#8217;nda kulland\u0131\u011f\u0131 ifadelerle iki \u00fclke aras\u0131ndaki sava\u015f\u0131n fitilini ate\u015fledi\u011fini, halk ve ordunun ABD&#8217;ye ate\u015f topu ile kar\u015f\u0131l\u0131k verilmesini istedi\u011fini s\u00f6yledi. Rus bas\u0131n\u0131na konu\u015fan Kuzey Kore D\u0131\u015fi\u015fleri Bakan\u0131 Ri Yong Ho, \u00fclkesinin lideri Kim Jong Un&#8217;un, ordunun Trump&#8217;\u0131n bu ifadelerinin ard\u0131ndan ABD&#8217;yi cezas\u0131z &hellip;<\/p>\n","protected":false},"author":4,"featured_media":255470,"comment_status":"open","ping_status":"open","sticky":false,"template":"","format":"standard","meta":{"_acf_changed":false,"footnotes":""},"categories":[6768,6769,6665,6155,5005,6202,220816],"tags":[1887,199658,88215,5622],"class_list":["post-255469","post","type-post","status-publish","format-standard","has-post-thumbnail","hentry","category-amerika","category-asya","category-dunya","category-gundem","category-manset","category-politika","category-uzak-dogu","tag-abd","tag-donald-trump","tag-kim-jong-un","tag-kuzey-kore"],"acf":[],"_links":{"self":[{"href":"https:\/\/www.nationalturk.com\/tr\/wp-json\/wp\/v2\/posts\/255469","targetHints":{"allow":["GET"]}}],"collection":[{"href":"https:\/\/www.nationalturk.com\/tr\/wp-json\/wp\/v2\/posts"}],"about":[{"href":"https:\/\/www.nationalturk.com\/tr\/wp-json\/wp\/v2\/types\/post"}],"author":[{"embeddable":true,"href":"https:\/\/www.nationalturk.com\/tr\/wp-json\/wp\/v2\/users\/4"}],"replies":[{"embeddable":true,"href":"https:\/\/www.nationalturk.com\/tr\/wp-json\/wp\/v2\/comments?post=255469"}],"version-history":[{"count":0,"href":"https:\/\/www.nationalturk.com\/tr\/wp-json\/wp\/v2\/posts\/255469\/revisions"}],"wp:featuredmedia":[{"embeddable":true,"href":"https:\/\/www.nationalturk.com\/tr\/wp-json\/wp\/v2\/media\/255470"}],"wp:attachment":[{"href":"https:\/\/www.nationalturk.com\/tr\/wp-json\/wp\/v2\/media?parent=255469"}],"wp:term":[{"taxonomy":"category","embeddable":true,"href":"https:\/\/www.nationalturk.com\/tr\/wp-json\/wp\/v2\/categories?post=255469"},{"taxonomy":"post_tag","embeddable":true,"href":"https:\/\/www.nationalturk.com\/tr\/wp-json\/wp\/v2\/tags?post=255469"}],"curies":[{"name":"wp","href":"https:\/\/api.w.org\/{rel}","templated":true}]}}