{"id":255485,"date":"2017-10-13T11:35:19","date_gmt":"2017-10-13T08:35:19","guid":{"rendered":"http:\/\/www.nationalturk.com\/?p=255485"},"modified":"2017-10-13T11:35:19","modified_gmt":"2017-10-13T08:35:19","slug":"112-calisanlarinin-ifadesi-emrah-serbes-alkolluydu","status":"publish","type":"post","link":"https:\/\/www.nationalturk.com\/tr\/112-calisanlarinin-ifadesi-emrah-serbes-alkolluydu\/","title":{"rendered":"112 \u00e7al\u0131\u015fanlar\u0131n\u0131n ifadesi: Emrah Serbes alkoll\u00fcyd\u00fc"},"content":{"rendered":"<h2>Yapt\u0131\u011f\u0131 trafik kazas\u0131yla 3 ki\u015finin \u00f6l\u00fcm\u00fcne neden olan yazar Emrah Serbes&#8217;i kaza sonras\u0131 muayene eden 112 Acil Servis ekibinde g\u00f6revli personelin, ambulansa al\u0131nan Serbes&#8217;ten alkol kokusu ald\u0131klar\u0131na dair ifade verdikleri ortaya \u00e7\u0131kt\u0131.<\/h2>\n<p>\u0130zmir&#8217;in Torbal\u0131 il\u00e7esinde, kulland\u0131\u011f\u0131 ara\u00e7la \u00f6n\u00fcnde seyreden otomobile \u00e7arparak 3 ki\u015finin \u00f6l\u00fcm\u00fcne neden olan yazar Emrah Serbes&#8217;in kaza sonras\u0131 muayenesini yapan 112 Acil Servis ekibinde g\u00f6revli personelin, Serbes&#8217;in alkoll\u00fc oldu\u011funa dair ifade verdikleri ortaya \u00e7\u0131kt\u0131.<\/p>\n<p>Torbal\u0131 Cumhuriyet Ba\u015fsac\u0131l\u0131\u011f\u0131n\u0131n yazar Serbes&#8217;in neden oldu\u011fu \u00f6l\u00fcml\u00fc kaza sonras\u0131 ba\u015flatt\u0131\u011f\u0131 soru\u015fturma devam ediyor. Bu kapsamda ilgili kurumlardan talep edilen kriminal rapor, deliller ve g\u00f6rg\u00fc tan\u0131klar\u0131n\u0131n ifadeleri soru\u015fturma dosyas\u0131na ekleniyor.<\/p>\n<p>Ayranc\u0131lar Jandarma Karakol Komutanl\u0131\u011f\u0131nda tan\u0131k olarak ifadesi al\u0131nan 112 Acil Servis ekibinde g\u00f6revli bir sa\u011fl\u0131k personeli, kaza yerine gittiklerinde Serbes&#8217;in ambulansa bindi\u011fini ve kendisinin de muayenesini yapt\u0131\u011f\u0131n\u0131 s\u00f6yledi.<\/p>\n<p>\u0130zmir-Ayd\u0131n otoyolunda &#8220;s\u0131k\u0131\u015fmal\u0131 trafik kazas\u0131&#8221; ihbar\u0131 \u00fczerine olay yerine gittiklerini aktaran sa\u011fl\u0131k \u00e7al\u0131\u015fan\u0131, burada ba\u015fka bir ambulans\u0131n da bulundu\u011funu ve durumu acil olan ki\u015filere m\u00fcdahale edildi\u011fini, bu ekibe ba\u015fka yaral\u0131 olup olmad\u0131\u011f\u0131n\u0131 sorduklar\u0131nda olay yerindeki siyah arac\u0131n kendilerine g\u00f6sterildi\u011fini kaydetti.<\/p>\n<p>Daha sonra siyah arac\u0131n yan\u0131na gittiklerini belirten sa\u011fl\u0131k \u00e7al\u0131\u015fan\u0131 ifadesinde \u015fu bilgileri verdi:<\/p>\n<p>&#8220;\u0130smini olay yerinde \u00f6\u011frendi\u011fim Emrah Serbes isimli \u015fah\u0131s, bizim g\u00f6revli oldu\u011fumuz ambulansa bindi ve kendisini muayene ettim. Emrah isimli \u015fahs\u0131 muayene ederken \u015fah\u0131stan alkol kokusu al\u0131yordum. Bu s\u0131rada arac\u0131 kimin kulland\u0131\u011f\u0131n\u0131 sordum. Bana &#8216;arac\u0131 yan\u0131mda bulunan arkada\u015f kullan\u0131yor&#8217; dedi. Bu s\u0131rada olaya kar\u0131\u015fan di\u011fer ara\u00e7lardaki hastalar\u0131n durumunu sordu. Hatta \u00f6len \u015fah\u0131s olup olmad\u0131\u011f\u0131n\u0131 sordu. Ben de &#8216;bir \u00f6len \u015fah\u0131s var ama di\u011fer ekip m\u00fcdahale ediyor&#8217; dedim. Kendisine hastaneye gidip gitmeyece\u011fini sordum. O da gitmek istemedi\u011fini beyan etti.&#8221;<\/p>\n<!-- Error, Advert is not available at this time due to schedule\/geolocation restrictions! -->\n<p>Ambulansta g\u00f6revli bir ba\u015fka personel de tan\u0131k olarak verdi\u011fi ifadesinde, Serbes ile olay yerinde kar\u015f\u0131la\u015ft\u0131\u011f\u0131n\u0131, bitkin g\u00f6r\u00fcnd\u00fc\u011f\u00fcn\u00fc, kendinde olmad\u0131\u011f\u0131n\u0131, konu\u015fmas\u0131ndan ve hareketlerinden ayakta duramaz vaziyette ve alkol kullanm\u0131\u015f gibi oldu\u011funun anla\u015f\u0131ld\u0131\u011f\u0131n\u0131 vurgulad\u0131.<\/p>\n<p>112 Acil Servis \u00e7al\u0131\u015fan\u0131, kaza yapan otomobili kulland\u0131\u011f\u0131n\u0131 s\u00f6yleyen Do\u011fru&#8217;nun kendisine, &#8220;150-160 kilometre h\u0131zla gidiyorduk. Sollamaya \u00e7\u0131kt\u0131m, havan\u0131n ya\u011f\u0131\u015fl\u0131 olmas\u0131ndan dolay\u0131 \u00f6ndeki beyaz renkli araca arkadan \u00e7arpt\u0131m.&#8221; dedi\u011fini aktard\u0131.<\/p>\n<p>Arac\u0131n alt\u0131nda yar\u0131s\u0131 dolu viski \u015fi\u015fesi<br \/>\nMenderes Otoyol Bak\u0131m \u0130\u015fletme \u015eefli\u011finde \u00e7al\u0131\u015fan bir g\u00f6revli de kaza sonras\u0131 otoyolda gerekli g\u00fcvenli\u011fi ald\u0131klar\u0131n\u0131 belirterek, \u015funlar\u0131 kaydetti:<\/p>\n<p>&#8220;Kaza saatinde karanl\u0131k olan hava Emrah Serbes&#8217;e ait arac\u0131n \u00e7ekici taraf\u0131ndan kald\u0131r\u0131ld\u0131\u011f\u0131 s\u0131rada ayd\u0131nlanmaya ba\u015flam\u0131\u015ft\u0131. Otomobil \u00e7ekiciye y\u00fcklenirken alt\u0131nda bir adet yar\u0131s\u0131 dolu viski \u015fi\u015fesinin oldu\u011fu ortaya \u00e7\u0131kt\u0131. Arac\u0131 \u00e7ekiciye y\u00fckleyen ki\u015fi \u015fi\u015feyi eline ald\u0131. Bu \u015fah\u0131s \u015fi\u015feyi bize do\u011fru g\u00f6stererek, &#8216;Bu \u015fi\u015feyi buldum, at\u0131yorum&#8217; dedi. \u015ei\u015feyi oldu\u011fu yere b\u0131rakt\u0131. O s\u0131rada \u00e7evremizde polis ekipleri vard\u0131 ancak kurtar\u0131c\u0131n\u0131n \u015fi\u015feyi polislere g\u00f6sterip g\u00f6stermedi\u011fini g\u00f6rmedim.&#8221;<\/p>\n<p>Karayollar\u0131nda \u00e7al\u0131\u015fan i\u015f\u00e7iler de kazaya kar\u0131\u015fan siyah renkli arac\u0131n \u00e7ekiciye y\u00fcklendi\u011fi s\u0131rada alt\u0131nda viski \u015fi\u015fesini g\u00f6rd\u00fcklerini s\u00f6yledi.<\/p>\n<p>Tan\u0131k olarak ifade veren bir i\u015f\u00e7i, &#8220;\u00c7ekici siyah renkli arac\u0131 vin\u00e7 yard\u0131m\u0131yla kurtar\u0131c\u0131ya y\u00fcklerken siyah renkli arac\u0131n alt\u0131nda bir adet viski \u015fi\u015fesi ortaya \u00e7\u0131kt\u0131. \u015ei\u015fenin ara\u00e7tan d\u00fc\u015f\u00fcp d\u00fc\u015fmedi\u011fini g\u00f6rmedim. \u00c7ekici \u015fi\u015feyi bulundu\u011fu yerden ald\u0131 ve biz karayollar\u0131 \u00e7al\u0131\u015fanlar\u0131na &#8216;\u015fi\u015fe buldum&#8217; diye g\u00f6sterdikten sonra ald\u0131\u011f\u0131 yere b\u0131rakt\u0131.&#8221; ifadelerini kulland\u0131.<\/p>\n<p>\u00d6te yandan s\u00f6z konusu trafik kazas\u0131n\u0131, 112 Acil Servis ekiplerine Torbal\u0131 il\u00e7esinde kahvehanede \u00e7ayc\u0131l\u0131k yapan bir ki\u015finin bildirdi\u011fi ortaya \u00e7\u0131kt\u0131.<\/p>\n<p>Telefon kay\u0131tlar\u0131ndan kendisine ula\u015f\u0131lan ihbarc\u0131, jandarmaya verdi\u011fi ifadesinde, kazay\u0131 g\u00f6r\u00fcnce 112&#8217;ye bildirdi\u011fini, arac\u0131n yan\u0131na gitti\u011finde uzun sa\u00e7l\u0131 olan ki\u015finin siyah arac\u0131n yan\u0131nda oldu\u011funu, arac\u0131n a\u00e7\u0131l\u0131r \u00fcst k\u0131sm\u0131ndan \u00e7\u0131kan \u015fahs\u0131n di\u011fer ara\u00e7takilerin yan\u0131na gidip geldi\u011fi, otomobili kimin kulland\u0131\u011f\u0131n\u0131 anlayamad\u0131\u011f\u0131 y\u00f6n\u00fcnde bilgi verdi\u011fi \u00f6\u011frenildi.<\/p>\n<p>Kaza<br \/>\n\u0130zmir-Ayd\u0131n Otoyolu&#8217;nda 22 Eyl\u00fcl&#8217;de Emrah Serbes&#8217;in kulland\u0131\u011f\u0131 34 NT 5005 plakal\u0131 otomobil, Torbal\u0131 kav\u015fa\u011f\u0131 yak\u0131nlar\u0131nda Ayhan \u00d6z\u00e7elik (59) idaresindeki 34 TV 9335 plakal\u0131 otomobile arkadan \u00e7arpm\u0131\u015f, s\u00fcr\u00fcc\u00fc \u00d6z\u00e7elik ile 16 ya\u015f\u0131ndaki k\u0131z\u0131 Zeynep \u00d6z\u00e7elik kaza yerinde, e\u015fi Nilg\u00fcn \u00d6z\u00e7elik ise tedavi g\u00f6rd\u00fc\u011f\u00fc hastanede olaydan 12 g\u00fcn sonra ya\u015fam\u0131n\u0131 yitirmi\u015fti.<\/p>\n<p>Kazadan sonra 34 NT 5005 plakal\u0131 otomobili kendisinin kulland\u0131\u011f\u0131n\u0131 s\u00f6yleyen Kenan Do\u011fru g\u00f6zalt\u0131na al\u0131nd\u0131ktan sonra tutuklanm\u0131\u015ft\u0131.<\/p>\n<p>Emrah Serbes, Torbal\u0131 Cumhuriyet Savc\u0131l\u0131\u011f\u0131n\u0131n Do\u011fru&#8217;nun emniyet kemeri izi tespiti i\u00e7in ald\u0131\u011f\u0131 karar ve Karayollar\u0131 2. B\u00f6lge M\u00fcd\u00fcrl\u00fc\u011f\u00fcnden ara\u00e7lar\u0131n ortalama h\u0131z\u0131n\u0131n tespiti i\u00e7in gi\u015felere giri\u015f saatleri ve s\u00fcr\u00fcc\u00fclerinin kim oldu\u011funun belirlenmesi i\u00e7in g\u00fcvenlik kamera g\u00f6r\u00fcnt\u00fclerini istemesi \u00fczerine, otomobili kendisinin kulland\u0131\u011f\u0131n\u0131 s\u00f6yleyerek 28 Eyl\u00fcl&#8217;de adliyeye teslim olduktan sonra tutuklanm\u0131\u015ft\u0131.<\/p>\n<p>\u0130zmir Adli T\u0131p Kurumunda yap\u0131lan incelemede ise arac\u0131n s\u00fcr\u00fcc\u00fc koltu\u011funun alt\u0131nda bulunan bira kutusunun a\u011f\u0131z k\u0131sm\u0131ndan al\u0131nan s\u00fcr\u00fcnt\u00fc \u00f6rnekleri, Emrah Serbes&#8217;in DNA profiliyle uyumlu \u00e7\u0131km\u0131\u015ft\u0131.<\/p>\n<!-- Error, Advert is not available at this time due to schedule\/geolocation restrictions! -->\n","protected":false},"excerpt":{"rendered":"<p>Yapt\u0131\u011f\u0131 trafik kazas\u0131yla 3 ki\u015finin \u00f6l\u00fcm\u00fcne neden olan yazar Emrah Serbes&#8217;i kaza sonras\u0131 muayene eden 112 Acil Servis ekibinde g\u00f6revli personelin, ambulansa al\u0131nan Serbes&#8217;ten alkol kokusu ald\u0131klar\u0131na dair ifade verdikleri ortaya \u00e7\u0131kt\u0131. \u0130zmir&#8217;in Torbal\u0131 il\u00e7esinde, kulland\u0131\u011f\u0131 ara\u00e7la \u00f6n\u00fcnde seyreden otomobile \u00e7arparak 3 ki\u015finin \u00f6l\u00fcm\u00fcne neden olan yazar Emrah Serbes&#8217;in kaza sonras\u0131 muayenesini yapan 112 Acil &hellip;<\/p>\n","protected":false},"author":4,"featured_media":255024,"comment_status":"open","ping_status":"open","sticky":false,"template":"","format":"standard","meta":{"_acf_changed":false,"footnotes":""},"categories":[6155,6232,5005,349],"tags":[116115,213673,1681,213672],"class_list":["post-255485","post","type-post","status-publish","format-standard","has-post-thumbnail","hentry","category-gundem","category-magazin","category-manset","category-son-dakika","tag-emrah-serbes","tag-emrah-serbes-kaza","tag-izmir","tag-kenan-dogru"],"acf":[],"_links":{"self":[{"href":"https:\/\/www.nationalturk.com\/tr\/wp-json\/wp\/v2\/posts\/255485","targetHints":{"allow":["GET"]}}],"collection":[{"href":"https:\/\/www.nationalturk.com\/tr\/wp-json\/wp\/v2\/posts"}],"about":[{"href":"https:\/\/www.nationalturk.com\/tr\/wp-json\/wp\/v2\/types\/post"}],"author":[{"embeddable":true,"href":"https:\/\/www.nationalturk.com\/tr\/wp-json\/wp\/v2\/users\/4"}],"replies":[{"embeddable":true,"href":"https:\/\/www.nationalturk.com\/tr\/wp-json\/wp\/v2\/comments?post=255485"}],"version-history":[{"count":0,"href":"https:\/\/www.nationalturk.com\/tr\/wp-json\/wp\/v2\/posts\/255485\/revisions"}],"wp:featuredmedia":[{"embeddable":true,"href":"https:\/\/www.nationalturk.com\/tr\/wp-json\/wp\/v2\/media\/255024"}],"wp:attachment":[{"href":"https:\/\/www.nationalturk.com\/tr\/wp-json\/wp\/v2\/media?parent=255485"}],"wp:term":[{"taxonomy":"category","embeddable":true,"href":"https:\/\/www.nationalturk.com\/tr\/wp-json\/wp\/v2\/categories?post=255485"},{"taxonomy":"post_tag","embeddable":true,"href":"https:\/\/www.nationalturk.com\/tr\/wp-json\/wp\/v2\/tags?post=255485"}],"curies":[{"name":"wp","href":"https:\/\/api.w.org\/{rel}","templated":true}]}}