{"id":255609,"date":"2017-10-17T11:44:57","date_gmt":"2017-10-17T08:44:57","guid":{"rendered":"http:\/\/www.nationalturk.com\/?p=255609"},"modified":"2017-10-17T11:44:57","modified_gmt":"2017-10-17T08:44:57","slug":"son-dakika-ameliyattan-cikti-durumu-iyi","status":"publish","type":"post","link":"https:\/\/www.nationalturk.com\/tr\/son-dakika-ameliyattan-cikti-durumu-iyi\/","title":{"rendered":"Son Dakika: Ameliyattan \u00e7\u0131kt\u0131 durumu iyi"},"content":{"rendered":"<h2>Yeniden ameliyata al\u0131nan eski CHP Genel Ba\u015fkan\u0131 Baykal&#8217;\u0131n beyin dokusunda bir problem olmad\u0131\u011f\u0131, beynindeki \u00f6demin bo\u015falt\u0131ld\u0131\u011f\u0131, sa\u011fl\u0131k durumunun iyi oldu\u011fu bildirildi.<\/h2>\n<p>Ankara \u00dcniversitesi Rekt\u00f6r\u00fc Prof. Dr. Erkan \u0130bi\u015f, eski CHP Genel Ba\u015fkan\u0131 ve CHP Antalya Milletvekili Deniz Baykal&#8217;\u0131n, sa\u011fl\u0131k durumuyla ilgili AA muhabirine bilgi verdi.<\/p>\n<p>\u0130bi\u015f, &#8220;Eski CHP Genel Ba\u015fkan\u0131 Baykal&#8217;a yap\u0131lan beyin tomografisinde \u00f6dem ve kanama art\u0131\u015f\u0131 izlenmesi ve fizik muayenesinde bununla uyumlu bulgular \u00fczerine doktorlar\u0131 taraf\u0131ndan ameliyat karar\u0131 verilmi\u015f olup, \u015fu anda ameliyat\u0131 devam etmektedir.&#8221; ifadelerini kulland\u0131.<\/p>\n<p>Sa\u011fl\u0131k durumu iyi<br \/>\nYeniden ameliyata al\u0131nan eski CHP Genel Ba\u015fkan\u0131 Baykal&#8217;\u0131n beyin dokusunda bir problem olmad\u0131\u011f\u0131, beynindeki \u00f6demin bo\u015falt\u0131ld\u0131\u011f\u0131, sa\u011fl\u0131k durumunun iyi oldu\u011fu bildirildi.<\/p>\n<!-- Error, Advert is not available at this time due to schedule\/geolocation restrictions! -->\n","protected":false},"excerpt":{"rendered":"<p>Yeniden ameliyata al\u0131nan eski CHP Genel Ba\u015fkan\u0131 Baykal&#8217;\u0131n beyin dokusunda bir problem olmad\u0131\u011f\u0131, beynindeki \u00f6demin bo\u015falt\u0131ld\u0131\u011f\u0131, sa\u011fl\u0131k durumunun iyi oldu\u011fu bildirildi. Ankara \u00dcniversitesi Rekt\u00f6r\u00fc Prof. Dr. Erkan \u0130bi\u015f, eski CHP Genel Ba\u015fkan\u0131 ve CHP Antalya Milletvekili Deniz Baykal&#8217;\u0131n, sa\u011fl\u0131k durumuyla ilgili AA muhabirine bilgi verdi. \u0130bi\u015f, &#8220;Eski CHP Genel Ba\u015fkan\u0131 Baykal&#8217;a yap\u0131lan beyin tomografisinde \u00f6dem &hellip;<\/p>\n","protected":false},"author":4,"featured_media":250574,"comment_status":"open","ping_status":"open","sticky":false,"template":"","format":"standard","meta":{"_acf_changed":false,"footnotes":""},"categories":[763],"tags":[5063,213802,27382],"class_list":["post-255609","post","type-post","status-publish","format-standard","has-post-thumbnail","hentry","category-gunun-olayi","tag-deniz-baykal","tag-deniz-baykal-son-durumu","tag-son-dakika"],"acf":[],"_links":{"self":[{"href":"https:\/\/www.nationalturk.com\/tr\/wp-json\/wp\/v2\/posts\/255609","targetHints":{"allow":["GET"]}}],"collection":[{"href":"https:\/\/www.nationalturk.com\/tr\/wp-json\/wp\/v2\/posts"}],"about":[{"href":"https:\/\/www.nationalturk.com\/tr\/wp-json\/wp\/v2\/types\/post"}],"author":[{"embeddable":true,"href":"https:\/\/www.nationalturk.com\/tr\/wp-json\/wp\/v2\/users\/4"}],"replies":[{"embeddable":true,"href":"https:\/\/www.nationalturk.com\/tr\/wp-json\/wp\/v2\/comments?post=255609"}],"version-history":[{"count":0,"href":"https:\/\/www.nationalturk.com\/tr\/wp-json\/wp\/v2\/posts\/255609\/revisions"}],"wp:featuredmedia":[{"embeddable":true,"href":"https:\/\/www.nationalturk.com\/tr\/wp-json\/wp\/v2\/media\/250574"}],"wp:attachment":[{"href":"https:\/\/www.nationalturk.com\/tr\/wp-json\/wp\/v2\/media?parent=255609"}],"wp:term":[{"taxonomy":"category","embeddable":true,"href":"https:\/\/www.nationalturk.com\/tr\/wp-json\/wp\/v2\/categories?post=255609"},{"taxonomy":"post_tag","embeddable":true,"href":"https:\/\/www.nationalturk.com\/tr\/wp-json\/wp\/v2\/tags?post=255609"}],"curies":[{"name":"wp","href":"https:\/\/api.w.org\/{rel}","templated":true}]}}