{"id":255707,"date":"2017-10-19T10:04:01","date_gmt":"2017-10-19T07:04:01","guid":{"rendered":"http:\/\/www.nationalturk.com\/?p=255707"},"modified":"2017-10-19T10:04:01","modified_gmt":"2017-10-19T07:04:01","slug":"beyaz-saray-onunde-trump-protestosu","status":"publish","type":"post","link":"https:\/\/www.nationalturk.com\/tr\/beyaz-saray-onunde-trump-protestosu\/","title":{"rendered":"Beyaz Saray \u00f6n\u00fcnde Trump protestosu"},"content":{"rendered":"<h2>ABD&#8217;nin \u00f6nde gelen M\u00fcsl\u00fcman haklar\u0131 savunucusu sivil toplum \u00f6rg\u00fct\u00fc Amerikan \u0130slam \u0130li\u015fkileri Konseyi (CAIR), Beyaz Saray \u00f6n\u00fcnde ABD Ba\u015fkan\u0131 Donald Trump&#8217;\u0131n seyahat yasa\u011f\u0131 uygulamas\u0131n\u0131 protesto etti.<\/h2>\n<p>CAIR&#8217;in organize etti\u011fi protestoya bir\u00e7ok eyaletten gelen y\u00fczlerce ki\u015fi kat\u0131ld\u0131.<\/p>\n<p>Farkl\u0131 milletlere mensup ABD vatanda\u015f\u0131 g\u00f6stericiler, ellerindeki pankartlarla Trump&#8217;\u0131 hedef alarak s\u00f6z konusu yasaklar\u0131n M\u00fcsl\u00fcmanlara y\u00f6nelik oldu\u011funu savundu.<\/p>\n<p>Trump&#8217;\u0131n g\u00f6reve geldi\u011fi g\u00fcnden itibaren farkl\u0131 zamanlarda g\u00fcndeme getirdi\u011fi seyahat yasaklar\u0131na kar\u015f\u0131 sloganlar atan kalabal\u0131k, &#8220;M\u00fcsl\u00fcman yasa\u011f\u0131 olmas\u0131n&#8221; ve &#8220;M\u00fcsl\u00fcmanlara etiket takmaktan vazge\u00e7in&#8221; yaz\u0131l\u0131 d\u00f6vizler ta\u015f\u0131d\u0131.<\/p>\n<p>Beyaz Saray \u00f6n\u00fcnden Trump&#8217;a ait Trump International Hotel&#8217;e kadar y\u00fcr\u00fcy\u00fc\u015f yapan g\u00f6stericiler daha sonra olays\u0131z da\u011f\u0131ld\u0131.<\/p>\n<p>ABD y\u00f6netiminin 24 Eyl\u00fcl&#8217;de ald\u0131\u011f\u0131 ve 8 \u00fclke vatanda\u015flar\u0131n\u0131 etkileyecek &#8220;seyahat k\u0131s\u0131tlamas\u0131&#8221; karar\u0131yla ilgili \u00f6nce Hawaii Federal Yarg\u0131c\u0131 Derrick Watson, ard\u0131ndan da Maryland Federal Yarg\u0131c\u0131 Theodore Chuang y\u00fcr\u00fctmeyi durdurma karar\u0131 vermi\u015fti.<\/p>\n<p>Trump y\u00f6netimi ise s\u00f6z konusu karar\u0131 temyiz mahkemesine ve gerekirse Y\u00fcksek Mahkemeye ta\u015f\u0131yaca\u011f\u0131n\u0131 a\u00e7\u0131klam\u0131\u015ft\u0131.<\/p>\n<!-- Error, Advert is not available at this time due to schedule\/geolocation restrictions! -->\n","protected":false},"excerpt":{"rendered":"<p>ABD&#8217;nin \u00f6nde gelen M\u00fcsl\u00fcman haklar\u0131 savunucusu sivil toplum \u00f6rg\u00fct\u00fc Amerikan \u0130slam \u0130li\u015fkileri Konseyi (CAIR), Beyaz Saray \u00f6n\u00fcnde ABD Ba\u015fkan\u0131 Donald Trump&#8217;\u0131n seyahat yasa\u011f\u0131 uygulamas\u0131n\u0131 protesto etti. CAIR&#8217;in organize etti\u011fi protestoya bir\u00e7ok eyaletten gelen y\u00fczlerce ki\u015fi kat\u0131ld\u0131. Farkl\u0131 milletlere mensup ABD vatanda\u015f\u0131 g\u00f6stericiler, ellerindeki pankartlarla Trump&#8217;\u0131 hedef alarak s\u00f6z konusu yasaklar\u0131n M\u00fcsl\u00fcmanlara y\u00f6nelik oldu\u011funu savundu. Trump&#8217;\u0131n &hellip;<\/p>\n","protected":false},"author":4,"featured_media":255708,"comment_status":"open","ping_status":"open","sticky":false,"template":"","format":"standard","meta":{"_acf_changed":false,"footnotes":""},"categories":[6768,6665,6155,5005,6202,349],"tags":[1887,199658,213033],"class_list":["post-255707","post","type-post","status-publish","format-standard","has-post-thumbnail","hentry","category-amerika","category-dunya","category-gundem","category-manset","category-politika","category-son-dakika","tag-abd","tag-donald-trump","tag-seyahat-yasagi"],"acf":[],"_links":{"self":[{"href":"https:\/\/www.nationalturk.com\/tr\/wp-json\/wp\/v2\/posts\/255707","targetHints":{"allow":["GET"]}}],"collection":[{"href":"https:\/\/www.nationalturk.com\/tr\/wp-json\/wp\/v2\/posts"}],"about":[{"href":"https:\/\/www.nationalturk.com\/tr\/wp-json\/wp\/v2\/types\/post"}],"author":[{"embeddable":true,"href":"https:\/\/www.nationalturk.com\/tr\/wp-json\/wp\/v2\/users\/4"}],"replies":[{"embeddable":true,"href":"https:\/\/www.nationalturk.com\/tr\/wp-json\/wp\/v2\/comments?post=255707"}],"version-history":[{"count":0,"href":"https:\/\/www.nationalturk.com\/tr\/wp-json\/wp\/v2\/posts\/255707\/revisions"}],"wp:featuredmedia":[{"embeddable":true,"href":"https:\/\/www.nationalturk.com\/tr\/wp-json\/wp\/v2\/media\/255708"}],"wp:attachment":[{"href":"https:\/\/www.nationalturk.com\/tr\/wp-json\/wp\/v2\/media?parent=255707"}],"wp:term":[{"taxonomy":"category","embeddable":true,"href":"https:\/\/www.nationalturk.com\/tr\/wp-json\/wp\/v2\/categories?post=255707"},{"taxonomy":"post_tag","embeddable":true,"href":"https:\/\/www.nationalturk.com\/tr\/wp-json\/wp\/v2\/tags?post=255707"}],"curies":[{"name":"wp","href":"https:\/\/api.w.org\/{rel}","templated":true}]}}