{"id":255745,"date":"2017-10-20T10:57:09","date_gmt":"2017-10-20T07:57:09","guid":{"rendered":"http:\/\/www.nationalturk.com\/?p=255745"},"modified":"2017-10-20T10:57:09","modified_gmt":"2017-10-20T07:57:09","slug":"bulent-arinctan-melih-gokceke-koltugundan-kalkmakta-sikinti-yasiyorsa-altini-kirletmistir","status":"publish","type":"post","link":"https:\/\/www.nationalturk.com\/tr\/bulent-arinctan-melih-gokceke-koltugundan-kalkmakta-sikinti-yasiyorsa-altini-kirletmistir\/","title":{"rendered":"B\u00fclent Ar\u0131n\u00e7&#8217;tan Melih G\u00f6k\u00e7ek&#8217;e: Koltu\u011fundan kalkmakta s\u0131k\u0131nt\u0131 ya\u015f\u0131yorsa alt\u0131n\u0131 kirletmi\u015ftir"},"content":{"rendered":"<h2>Ankara B\u00fcy\u00fck\u015fehir Belediye Ba\u015fkan\u0131 Melih G\u00f6k\u00e7ek\u2019le ilgili tart\u0131\u015fmalara Eski TBMM Ba\u015fkan\u0131 B\u00fclent Ar\u0131n\u00e7 da kat\u0131ld\u0131.<\/h2>\n<p>Ar\u0131n\u00e7 daha \u00f6nce G\u00f6k\u00e7ek i\u00e7in \u201cAnkara\u2019y\u0131 parsel parsel satt\u0131\u201d s\u00f6zleriyle g\u00fcndeme gelmi\u015fti. Ar\u0131n\u00e7 Twitter hesab\u0131nda daha \u00f6nce att\u0131\u011f\u0131 bir payla\u015f\u0131m\u0131 &#8216;sabitlenmi\u015f&#8217; hale getirdi.<\/p>\n<p>\u200bAr\u0131n\u00e7&#8217;\u0131n iletisinde, G\u00f6k\u00e7ek&#8217;in &#8216;Bir d\u00f6nem daha ba\u015fkanl\u0131k yapacak m\u0131s\u0131n\u0131z?&#8217; sorular\u0131na yan\u0131t verdi\u011fi r\u00f6portajlardan derleme g\u00f6r\u00fcnt\u00fcler yer al\u0131yor. G\u00f6r\u00fcnt\u00fcler, &#8220;Bir Hint Atas\u00f6z\u00fcnde denir ki: \u2018E\u011eER B\u0130R\u0130LER\u0130 OTURDU\u011eU KOLTUKTAN KALKMAKTA SIKINTI YA\u015eIYORSA KES\u0130NL\u0130KLE ALTINI K\u0130RLETM\u0130\u015eT\u0130R'&#8221; s\u00f6zleriyle payla\u015f\u0131l\u0131yor.<\/p>\n<!-- Error, Advert is not available at this time due to schedule\/geolocation restrictions! -->\n","protected":false},"excerpt":{"rendered":"<p>Ankara B\u00fcy\u00fck\u015fehir Belediye Ba\u015fkan\u0131 Melih G\u00f6k\u00e7ek\u2019le ilgili tart\u0131\u015fmalara Eski TBMM Ba\u015fkan\u0131 B\u00fclent Ar\u0131n\u00e7 da kat\u0131ld\u0131. Ar\u0131n\u00e7 daha \u00f6nce G\u00f6k\u00e7ek i\u00e7in \u201cAnkara\u2019y\u0131 parsel parsel satt\u0131\u201d s\u00f6zleriyle g\u00fcndeme gelmi\u015fti. Ar\u0131n\u00e7 Twitter hesab\u0131nda daha \u00f6nce att\u0131\u011f\u0131 bir payla\u015f\u0131m\u0131 &#8216;sabitlenmi\u015f&#8217; hale getirdi. \u200bAr\u0131n\u00e7&#8217;\u0131n iletisinde, G\u00f6k\u00e7ek&#8217;in &#8216;Bir d\u00f6nem daha ba\u015fkanl\u0131k yapacak m\u0131s\u0131n\u0131z?&#8217; sorular\u0131na yan\u0131t verdi\u011fi r\u00f6portajlardan derleme g\u00f6r\u00fcnt\u00fcler yer al\u0131yor. &hellip;<\/p>\n","protected":false},"author":4,"featured_media":236554,"comment_status":"open","ping_status":"open","sticky":false,"template":"","format":"standard","meta":{"_acf_changed":false,"footnotes":""},"categories":[763],"tags":[1688,4208,13480,48055],"class_list":["post-255745","post","type-post","status-publish","format-standard","has-post-thumbnail","hentry","category-gunun-olayi","tag-ankara","tag-bulent-arinc","tag-melih-gokcek","tag-twitter"],"acf":[],"_links":{"self":[{"href":"https:\/\/www.nationalturk.com\/tr\/wp-json\/wp\/v2\/posts\/255745","targetHints":{"allow":["GET"]}}],"collection":[{"href":"https:\/\/www.nationalturk.com\/tr\/wp-json\/wp\/v2\/posts"}],"about":[{"href":"https:\/\/www.nationalturk.com\/tr\/wp-json\/wp\/v2\/types\/post"}],"author":[{"embeddable":true,"href":"https:\/\/www.nationalturk.com\/tr\/wp-json\/wp\/v2\/users\/4"}],"replies":[{"embeddable":true,"href":"https:\/\/www.nationalturk.com\/tr\/wp-json\/wp\/v2\/comments?post=255745"}],"version-history":[{"count":0,"href":"https:\/\/www.nationalturk.com\/tr\/wp-json\/wp\/v2\/posts\/255745\/revisions"}],"wp:featuredmedia":[{"embeddable":true,"href":"https:\/\/www.nationalturk.com\/tr\/wp-json\/wp\/v2\/media\/236554"}],"wp:attachment":[{"href":"https:\/\/www.nationalturk.com\/tr\/wp-json\/wp\/v2\/media?parent=255745"}],"wp:term":[{"taxonomy":"category","embeddable":true,"href":"https:\/\/www.nationalturk.com\/tr\/wp-json\/wp\/v2\/categories?post=255745"},{"taxonomy":"post_tag","embeddable":true,"href":"https:\/\/www.nationalturk.com\/tr\/wp-json\/wp\/v2\/tags?post=255745"}],"curies":[{"name":"wp","href":"https:\/\/api.w.org\/{rel}","templated":true}]}}