{"id":255788,"date":"2017-10-22T20:05:24","date_gmt":"2017-10-22T17:05:24","guid":{"rendered":"http:\/\/www.nationalturk.com\/?p=255788"},"modified":"2022-09-06T13:12:12","modified_gmt":"2022-09-06T10:12:12","slug":"italyanin-candela-kasabasina-yerlesenlere-tesvik","status":"publish","type":"post","link":"https:\/\/www.nationalturk.com\/tr\/italyanin-candela-kasabasina-yerlesenlere-tesvik\/","title":{"rendered":"\u0130talya&#8217;n\u0131n Candela kasabas\u0131na yerle\u015fenlere te\u015fvik"},"content":{"rendered":"<h2>\u0130talya&#8217;n\u0131n g\u00fcneyindeki Puglia b\u00f6lgesinde yer alan Candela kasabas\u0131na yerle\u015fmek i\u00e7in belediye taraf\u0131ndan te\u015fvik veriliyor.<\/h2>\n<p>Candela Belediyesi ya\u015fl\u0131l\u0131k ve g\u00f6\u00e7 gibi nedenlerle azalan n\u00fcfusu canland\u0131rmak i\u00e7in \u00e7al\u0131\u015f\u0131yor. Candela kasabas\u0131n\u0131n Belediye Ba\u015fkan\u0131 Nicola Gatta, 1990\u2019larda n\u00fcfusu 8 binin \u00fczerinde olan kasaban\u0131n son y\u0131llarda h\u0131zla n\u00fcfus kaybetti\u011fini ve bug\u00fcn burada yaln\u0131zca 2 bin 700 ki\u015finin ya\u015fad\u0131\u011f\u0131n\u0131 s\u00f6yledi.<\/p>\n<p>CNN Travel\u2019a konu\u015fan Belediye Ba\u015fkan\u0131, kasaban\u0131n yeniden canland\u0131r\u0131lmas\u0131 i\u00e7in hem \u0130talya i\u00e7inden hem de d\u0131\u015f\u0131ndan g\u00f6\u00e7\u00fc te\u015fvik etmeyi ama\u00e7lad\u0131klar\u0131n\u0131 anlatt\u0131.<\/p>\n<p>Belediye Ba\u015fkan\u0131\u2019n\u0131n projesine g\u00f6re, Candela\u2019ya yerle\u015fecek bekarlara 800 euro, \u00e7iftlere 1200 euro, 3 ki\u015filik ailelere 1500-1800, 4-5 ki\u015filik ailelere de 2000 euro verilecek. Kasaban\u0131n yeni sakinlerine vergi kolayl\u0131klar\u0131 da sa\u011flanacak.<\/p>\n<p>Ancak bu te\u015fvik plan\u0131ndan faydalanabilmek i\u00e7in baz\u0131 kriterleri kar\u015f\u0131lama \u015fart\u0131 aranacak. Bu kriterler aras\u0131nda, ikametgah\u0131n\u0131 Candela\u2019ya almak, burada bir ev kiralamak ve y\u0131lda en az 7500 euro maa\u015fl\u0131 bir i\u015fe sahip olmak da yer al\u0131yor.<\/p>\n<p><img loading=\"lazy\" decoding=\"async\" class=\"alignnone  wp-image-255791\" src=\"http:\/\/www.nationalturk.com\/tr\/wp-content\/uploads\/2017\/10\/italya-candela.jpg\" alt=\"\" width=\"617\" height=\"347\" title=\"\"><\/p>\n<h3>Alt\u0131 aile yerle\u015fti, be\u015f aile ba\u015fvurdu<\/h3>\n<p>BBC T\u00fcrk\u00e7e&#8217;de yer alan habere g\u00f6re, Belediye Ba\u015fkan Yard\u0131mc\u0131s\u0131 Stefano Bascianelli, \u201c\u0130nsanlar\u0131n belediye gelirleriyle ge\u00e7inebileceklerini d\u00fc\u015f\u00fcnerek buraya ak\u0131n etmesini de istemiyoruz. T\u00fcm yeni sakinlerimizin \u00e7al\u0131\u015fmas\u0131 ve gelir sahibi olmas\u0131 gerekiyor\u201d dedi.<\/p>\n<p>\u0130talya\u2019n\u0131n kuzeyinden alt\u0131 ailenin \u015fimdiden bu plandan faydalanarak kasabaya yerle\u015fti\u011fi, be\u015f ailenin daha buraya ta\u015f\u0131nmak i\u00e7in ba\u015fvuruda bulundu\u011fu a\u00e7\u0131kland\u0131.<\/p>\n<!-- Error, Advert is not available at this time due to schedule\/geolocation restrictions! -->\n<h4>Candela Kasabas\u0131 K\u00fc\u00e7\u00fck Napoli olarak biliniyordu<\/h4>\n<p>Candela\u2019n\u0131n ge\u00e7mi\u015fte canl\u0131l\u0131\u011f\u0131 ve sokaklar\u0131n\u0131 dolduran gezginler nedeniyle \u201cK\u00fc\u00e7\u00fck Napoli\u201d olarak an\u0131ld\u0131\u011f\u0131n\u0131 anlatan Belediye Ba\u015fkan\u0131 Gatta, \u201cCalenda\u2019y\u0131 eski parlak g\u00fcnlerine d\u00f6nd\u00fcrebilmeyi\u201d ama\u00e7lad\u0131\u011f\u0131n\u0131 s\u00f6yledi.<\/p>\n<p>\u0130talya\u2019da n\u00fcfusu 5 binin alt\u0131nda olan k\u00f6y ve kasabalar\u0131n y\u00fczde 30\u2019unun, g\u00f6\u00e7 ve n\u00fcfus ya\u015flanmas\u0131 gibi nedenlerle tamamen bo\u015falmas\u0131 riski ta\u015f\u0131d\u0131\u011f\u0131 belirtiliyor.<\/p>\n<p>Ge\u00e7en aylarda kuzeydeki Liguria b\u00f6lgesinde yer alan Bormida\u2019da da, n\u00fcfus kayb\u0131n\u0131 tersine d\u00f6nd\u00fcrmek i\u00e7in bir te\u015fvik plan\u0131 a\u00e7\u0131klanm\u0131\u015ft\u0131.<\/p>\n<p>N\u00fcfusu 400\u2019\u00fcn alt\u0131na inen Bormida\u2019n\u0131n Belediye Ba\u015fkan\u0131 Daniele Galliano, ikametgahlar\u0131n\u0131 buraya ta\u015f\u0131yacak ki\u015filere ev sat\u0131n almalar\u0131 ya da kiralamalar\u0131 kar\u015f\u0131l\u0131\u011f\u0131nda tek seferlik 2000 euro \u00f6deme yapmay\u0131 planlad\u0131\u011f\u0131n\u0131 duyurmu\u015ftu.<\/p>\n<p>Bu a\u00e7\u0131klamas\u0131n\u0131n ard\u0131ndan T\u00fcrkiye de dahil olmak \u00fczere d\u00fcnyan\u0131n her yerinden talep ya\u011fmuruna tutulan Belediye Ba\u015fkan\u0131 daha sonra projenin yaln\u0131zca \u0130talyanlara a\u00e7\u0131k oldu\u011funu a\u00e7\u0131klam\u0131\u015ft\u0131.<\/p>\n<!-- Error, Advert is not available at this time due to schedule\/geolocation restrictions! -->\n","protected":false},"excerpt":{"rendered":"<p>\u0130talya&#8217;n\u0131n g\u00fcneyindeki Puglia b\u00f6lgesinde yer alan Candela kasabas\u0131na yerle\u015fmek i\u00e7in belediye taraf\u0131ndan te\u015fvik veriliyor. Candela Belediyesi ya\u015fl\u0131l\u0131k ve g\u00f6\u00e7 gibi nedenlerle azalan n\u00fcfusu canland\u0131rmak i\u00e7in \u00e7al\u0131\u015f\u0131yor. Candela kasabas\u0131n\u0131n Belediye Ba\u015fkan\u0131 Nicola Gatta, 1990\u2019larda n\u00fcfusu 8 binin \u00fczerinde olan kasaban\u0131n son y\u0131llarda h\u0131zla n\u00fcfus kaybetti\u011fini ve bug\u00fcn burada yaln\u0131zca 2 bin 700 ki\u015finin ya\u015fad\u0131\u011f\u0131n\u0131 s\u00f6yledi. CNN &hellip;<\/p>\n","protected":false},"author":3,"featured_media":255790,"comment_status":"open","ping_status":"open","sticky":false,"template":"","format":"standard","meta":{"_acf_changed":false,"footnotes":""},"categories":[6770,6155,5005],"tags":[10,3962],"class_list":["post-255788","post","type-post","status-publish","format-standard","has-post-thumbnail","hentry","category-avrupa","category-gundem","category-manset","tag-italya","tag-napoli"],"acf":[],"_links":{"self":[{"href":"https:\/\/www.nationalturk.com\/tr\/wp-json\/wp\/v2\/posts\/255788","targetHints":{"allow":["GET"]}}],"collection":[{"href":"https:\/\/www.nationalturk.com\/tr\/wp-json\/wp\/v2\/posts"}],"about":[{"href":"https:\/\/www.nationalturk.com\/tr\/wp-json\/wp\/v2\/types\/post"}],"author":[{"embeddable":true,"href":"https:\/\/www.nationalturk.com\/tr\/wp-json\/wp\/v2\/users\/3"}],"replies":[{"embeddable":true,"href":"https:\/\/www.nationalturk.com\/tr\/wp-json\/wp\/v2\/comments?post=255788"}],"version-history":[{"count":0,"href":"https:\/\/www.nationalturk.com\/tr\/wp-json\/wp\/v2\/posts\/255788\/revisions"}],"wp:featuredmedia":[{"embeddable":true,"href":"https:\/\/www.nationalturk.com\/tr\/wp-json\/wp\/v2\/media\/255790"}],"wp:attachment":[{"href":"https:\/\/www.nationalturk.com\/tr\/wp-json\/wp\/v2\/media?parent=255788"}],"wp:term":[{"taxonomy":"category","embeddable":true,"href":"https:\/\/www.nationalturk.com\/tr\/wp-json\/wp\/v2\/categories?post=255788"},{"taxonomy":"post_tag","embeddable":true,"href":"https:\/\/www.nationalturk.com\/tr\/wp-json\/wp\/v2\/tags?post=255788"}],"curies":[{"name":"wp","href":"https:\/\/api.w.org\/{rel}","templated":true}]}}