{"id":255850,"date":"2017-10-23T17:19:51","date_gmt":"2017-10-23T14:19:51","guid":{"rendered":"http:\/\/www.nationalturk.com\/?p=255850"},"modified":"2022-09-10T11:49:34","modified_gmt":"2022-09-10T08:49:34","slug":"basbakan-yildirim-talimat-verdi-galatasarayin-koreografisine-sorusturma","status":"publish","type":"post","link":"https:\/\/www.nationalturk.com\/tr\/basbakan-yildirim-talimat-verdi-galatasarayin-koreografisine-sorusturma\/","title":{"rendered":"Ba\u015fbakan Y\u0131ld\u0131r\u0131m talimat verdi! Galatasaray&#8217;\u0131n koreografisine soru\u015fturma"},"content":{"rendered":"<h2>Ba\u015fbakan Binali Y\u0131ld\u0131r\u0131m, d\u00fcn oynanan Galatasaray-Fenerbah\u00e7e derbisinde, Galatasaray trib\u00fcnlerinde a\u00e7\u0131lan pankarta ili\u015fkin soru\u015fturma a\u00e7\u0131lmas\u0131 talimat\u0131 verdi. \/ Son Dakika&#8230;<\/h2>\n<p>Ba\u015fbakanl\u0131k kaynaklar\u0131ndan al\u0131nan bilgiye g\u00f6re, Ba\u015fbakan Binali Y\u0131ld\u0131r\u0131m, S\u00fcper Lig&#8217;in 9. haftas\u0131nda oynanan Galatasaray-Fenerbah\u00e7e derbisinde, Galatasaray trib\u00fcnlerinde a\u00e7\u0131lan pankarta ili\u015fkin soru\u015fturma a\u00e7\u0131lmas\u0131 y\u00f6n\u00fcnde talimatta bulundu.<\/p>\n<p>Gols\u00fcz e\u015fitlikle tamamlanan derbi kar\u015f\u0131la\u015fmas\u0131 \u00f6ncesi sar\u0131-k\u0131rm\u0131z\u0131l\u0131 taraftar grubu &#8220;UltrAslan&#8221;\u0131n da yer ald\u0131\u011f\u0131 Odeabank trib\u00fcn\u00fcnde \u00f6nce &#8220;Siz diz \u00e7\u00f6kt\u00fc\u011f\u00fcn\u00fcz i\u00e7in onlar b\u00fcy\u00fck g\u00f6r\u00fcn\u00fcyor&#8221; ve &#8220;Aya\u011fa kalk&#8221; pankartlar\u0131 a\u00e7\u0131lm\u0131\u015f, ard\u0131ndan ABD&#8217;li akt\u00f6r Sylvester Stallone&#8217;nin &#8220;Rocky Balboa&#8221; karakterini canland\u0131rd\u0131\u011f\u0131 &#8220;Rocky&#8221; filminden esinlenerek haz\u0131rlanan g\u00f6rsel makaral\u0131 sistemle trib\u00fcne \u00e7ekilmi\u015fti.<\/p>\n<p>Galatasaray&#8217;dan koreografi tepkisi<br \/>\n\u00d6te yandan Galatasaray Kul\u00fcb\u00fc, taraftar grubu ultrAslan&#8217;\u0131n Fenerbah\u00e7e derbisinde ger\u00e7ekle\u015ftirdi\u011fi koreografinin Fetullah\u00e7\u0131 Ter\u00f6r \u00d6rg\u00fct\u00fc (FET\u00d6) ile ili\u015fkilendirilmesine tepki g\u00f6stererek, sar\u0131-k\u0131rm\u0131z\u0131l\u0131 kul\u00fcb\u00fc itibars\u0131zla\u015ft\u0131rma \u00e7abas\u0131n\u0131n oldu\u011funu savundu.<\/p>\n<p>Galatasaray Kul\u00fcb\u00fcnden yap\u0131lan a\u00e7\u0131klamada, sar\u0131-k\u0131rm\u0131z\u0131l\u0131 taraftarlar\u0131n daha \u00f6nce bir\u00e7ok koreografiye imza att\u0131\u011f\u0131 vurgulanarak, \u015fu ifadeler kullan\u0131ld\u0131:<\/p>\n<p>&#8220;Galatasaray taraftar\u0131, kurucumuz Ali Sami Yen&#8217;den Metin Oktay&#8217;a; G\u00fcnd\u00fcz K\u0131l\u0131\u00e7&#8217;tan Greame Souness&#8217;a; Avrupa&#8217;n\u0131n yeniden fethinin resmedildi\u011fi Fatih Sultan Mehmet&#8217;ten Aslan karakterine, Fatih Terim&#8217;den Setrak Dede&#8217;ye, Baba&#8217;dan Fred \u00c7akmakta\u015f&#8217;a kadar uzanan ve t\u00fcm d\u00fcnyaya \u00f6rnek olan koreografiler zincirine bir yenisini 22 Ekim 2017 Pazar g\u00fcn\u00fc oynanan Fenerbah\u00e7e derbisinde ekledi&#8230; Her zaman oldu\u011fu gibi gerekli t\u00fcm resmi makamlardan onay al\u0131narak T\u00fcrk Telekom Stadyumu bir g\u00f6rsel \u015f\u00f6lene daha tan\u0131kl\u0131k etti. Ge\u00e7mi\u015fte oldu\u011fu gibi, d\u00fcnyan\u0131n \u00f6nde gelen taraftar gruplar\u0131 ve uluslararas\u0131 medya organlar\u0131 g\u00fcnlerce, hatta haftalarca emek harcanarak haz\u0131rlanan bu &#8216;Rocky&#8217; koreografisinden \u00f6vg\u00fcyle bahsetti.&#8221;<\/p>\n<p>&#8220;Masaba\u015f\u0131 oyunlar\u0131nda doktora yapanlar\u0131n y\u0131llard\u0131r s\u00fcregelen itibars\u0131zla\u015ft\u0131rma \u00e7abas\u0131 derbi ma\u00e7tan sonra yine hortlad\u0131.&#8221; ifadesinin yer ald\u0131\u011f\u0131 a\u00e7\u0131klamada, &#8220;2017-2018 sezonunun tek nama\u011flup tak\u0131m\u0131n\u0131 a\u015fa\u011f\u0131 \u00e7ekmek isteyenlerin sinsi emelleri bir kez daha g\u00fcn y\u00fcz\u00fcne \u00e7\u0131kt\u0131. Biz yap\u0131lmak istenenin ne oldu\u011funun fark\u0131nday\u0131z! Derbi \u00f6ncesinden sonuna kadar televizyon programlar\u0131ndaki kuklalardan, gazete s\u00fctunlar\u0131ndaki piyonlara ve sosyal medyadaki tetik\u00e7ilere kadar alg\u0131 yarat\u0131larak as\u0131l g\u00fcndem olmas\u0131 gereken hadiseler g\u00f6rmezden gelinmektedir.&#8221; denildi.<\/p>\n<p>Fenerbah\u00e7e derbisinden \u00f6nce ger\u00e7ekle\u015ftirilen koreografideki ifadelerin may\u0131s ay\u0131nda deplasmanda oynanan Bursaspor ma\u00e7\u0131nda a\u00e7\u0131lan pankartta yer ald\u0131\u011f\u0131n\u0131n vurguland\u0131\u011f\u0131 a\u00e7\u0131klamada \u015funlar kaydedildi:<\/p>\n<p>&#8220;May\u0131s 2017&#8217;de Bursa&#8217;da a\u00e7\u0131lan &#8216;Siz diz \u00e7\u00f6kt\u00fc\u011f\u00fcn\u00fcz i\u00e7in onlar b\u00fcy\u00fck g\u00f6r\u00fcn\u00fcyor, aya\u011fa kalk&#8217; pankart\u0131ndan yola \u00e7\u0131karak haz\u0131rlanan, say\u0131s\u0131z \u00f6d\u00fcl alm\u0131\u015f &#8216;Rocky&#8217; filminin temas\u0131n\u0131n i\u015flendi\u011fi g\u00f6rsel \u015f\u00f6len zavall\u0131ca \u00e7arp\u0131t\u0131lmaya \u00e7al\u0131\u015f\u0131lmaktad\u0131r. Aylard\u0131r Galatasaray trib\u00fcnlerinde olan bir pankart\u0131n, kimsenin hayalinden ge\u00e7emeyecek bir koreografiyle sunulmas\u0131n\u0131 a\u015fa\u011f\u0131l\u0131k ter\u00f6r \u00f6rg\u00fct\u00fcne ba\u011flay\u0131p bu g\u00f6rsel muhte\u015femlikte bile o ter\u00f6r \u00f6rg\u00fct\u00fcn\u00fcn reklam\u0131n\u0131 yapan; koreografi bahane edilerek yine a\u015fa\u011f\u0131l\u0131k ter\u00f6r \u00f6rg\u00fct\u00fcn\u00fcn eli kanl\u0131 lideriyle Galatasaray ismini yan yana getirmeye \u00e7al\u0131\u015fan hangi kurum, hangi ki\u015fi, hangi sosyal medya hesab\u0131 varsa her t\u00fcrl\u00fc hukuki hakk\u0131m\u0131z\u0131 kullanaca\u011f\u0131z ve bunun sonuna kadar takip\u00e7isi olaca\u011f\u0131z.&#8221;<\/p>\n<!-- Error, Advert is not available at this time due to schedule\/geolocation restrictions! -->\n","protected":false},"excerpt":{"rendered":"<p>Ba\u015fbakan Binali Y\u0131ld\u0131r\u0131m, d\u00fcn oynanan Galatasaray-Fenerbah\u00e7e derbisinde, Galatasaray trib\u00fcnlerinde a\u00e7\u0131lan pankarta ili\u015fkin soru\u015fturma a\u00e7\u0131lmas\u0131 talimat\u0131 verdi. \/ Son Dakika&#8230; Ba\u015fbakanl\u0131k kaynaklar\u0131ndan al\u0131nan bilgiye g\u00f6re, Ba\u015fbakan Binali Y\u0131ld\u0131r\u0131m, S\u00fcper Lig&#8217;in 9. haftas\u0131nda oynanan Galatasaray-Fenerbah\u00e7e derbisinde, Galatasaray trib\u00fcnlerinde a\u00e7\u0131lan pankarta ili\u015fkin soru\u015fturma a\u00e7\u0131lmas\u0131 y\u00f6n\u00fcnde talimatta bulundu. Gols\u00fcz e\u015fitlikle tamamlanan derbi kar\u015f\u0131la\u015fmas\u0131 \u00f6ncesi sar\u0131-k\u0131rm\u0131z\u0131l\u0131 taraftar grubu &#8220;UltrAslan&#8221;\u0131n da &hellip;<\/p>\n","protected":false},"author":4,"featured_media":255851,"comment_status":"open","ping_status":"open","sticky":false,"template":"","format":"standard","meta":{"_acf_changed":false,"footnotes":""},"categories":[6774,6155,5005,36154,349,6194],"tags":[1079,4114,94078,28790,220796],"class_list":["post-255850","post","type-post","status-publish","format-standard","has-post-thumbnail","hentry","category-futbol","category-gundem","category-manset","category-muzik","category-son-dakika","category-spor","tag-binali-yildirim","tag-galatasaray","tag-galatasaray-koreografi","tag-konser","tag-rock-muzik"],"acf":[],"_links":{"self":[{"href":"https:\/\/www.nationalturk.com\/tr\/wp-json\/wp\/v2\/posts\/255850","targetHints":{"allow":["GET"]}}],"collection":[{"href":"https:\/\/www.nationalturk.com\/tr\/wp-json\/wp\/v2\/posts"}],"about":[{"href":"https:\/\/www.nationalturk.com\/tr\/wp-json\/wp\/v2\/types\/post"}],"author":[{"embeddable":true,"href":"https:\/\/www.nationalturk.com\/tr\/wp-json\/wp\/v2\/users\/4"}],"replies":[{"embeddable":true,"href":"https:\/\/www.nationalturk.com\/tr\/wp-json\/wp\/v2\/comments?post=255850"}],"version-history":[{"count":0,"href":"https:\/\/www.nationalturk.com\/tr\/wp-json\/wp\/v2\/posts\/255850\/revisions"}],"wp:featuredmedia":[{"embeddable":true,"href":"https:\/\/www.nationalturk.com\/tr\/wp-json\/wp\/v2\/media\/255851"}],"wp:attachment":[{"href":"https:\/\/www.nationalturk.com\/tr\/wp-json\/wp\/v2\/media?parent=255850"}],"wp:term":[{"taxonomy":"category","embeddable":true,"href":"https:\/\/www.nationalturk.com\/tr\/wp-json\/wp\/v2\/categories?post=255850"},{"taxonomy":"post_tag","embeddable":true,"href":"https:\/\/www.nationalturk.com\/tr\/wp-json\/wp\/v2\/tags?post=255850"}],"curies":[{"name":"wp","href":"https:\/\/api.w.org\/{rel}","templated":true}]}}