{"id":256135,"date":"2017-11-01T10:05:48","date_gmt":"2017-11-01T07:05:48","guid":{"rendered":"http:\/\/www.nationalturk.com\/?p=256135"},"modified":"2017-11-01T10:05:48","modified_gmt":"2017-11-01T07:05:48","slug":"son-dakika-new-yorkta-teror-saldirisi","status":"publish","type":"post","link":"https:\/\/www.nationalturk.com\/tr\/son-dakika-new-yorkta-teror-saldirisi\/","title":{"rendered":"Son Dakika: New York&#8217;ta ter\u00f6r sald\u0131r\u0131s\u0131!"},"content":{"rendered":"<h2>ABD&#8217;nin New York \u015fehrinin \u00fcnl\u00fc Manhattan semtinde I\u015e\u0130D&#8217;li oldu\u011fu san\u0131lan bir sald\u0131rgan kamyonetini bisikletlilerin \u00fczerine s\u00fcrd\u00fc. Daha sonra kalabal\u0131\u011fa ate\u015f a\u00e7an sald\u0131rgan\u0131n eyleminde 8 ki\u015fi \u00f6ld\u00fc en az 15 ki\u015fi de yaraland\u0131. \/ Son Dakika..<\/h2>\n<p>New York Belediye Ba\u015fkan\u0131, olay\u0131n ter\u00f6r sald\u0131r\u0131s\u0131 oldu\u011funu a\u00e7\u0131klad\u0131.<\/p>\n<p>ABD&#8217;lilerin Cad\u0131lar Bayram\u0131 kutlad\u0131\u011f\u0131 saatlerde, New York&#8217;ta D\u00fcnya Ticaret Merkezi yak\u0131nlar\u0131nda deh\u015fet anlar\u0131 ya\u015fand\u0131. G\u00f6rg\u00fc tan\u0131klar\u0131n\u0131n ifadelerine g\u00f6re bir kamyonet s\u00fcr\u00fcc\u00fcs\u00fc arac\u0131n\u0131 bisiklet yolundaki insanlar\u0131n \u00fczerine s\u00fcrd\u00fc. \u00c7ok say\u0131da ki\u015fiyi ezen s\u00fcr\u00fcc\u00fc, daha sonra ac\u0131ndan indi ve insanlara ate\u015f a\u00e7maya ba\u015flad\u0131.<\/p>\n<p>\u0130lk bilgilere g\u00f6re sald\u0131r\u0131da 8 ki\u015fi \u00f6ld\u00fc 15 ki\u015fi de yaraland\u0131. Baca\u011f\u0131ndan vurulduktan sonra yakalanan ve hastaneye kald\u0131r\u0131lan sald\u0131rgan\u0131n 29 ya\u015f\u0131ndaki \u00d6zbek as\u0131ll\u0131 Sayfullo Saipov oldu\u011fu \u00f6\u011frenildi.<\/p>\n<p>New York Daily News&#8217;e konu\u015fan 45 ya\u015f\u0131ndaki Frank Brito, &#8220;\u0130ki kamyonun \u00e7arp\u0131\u015ft\u0131\u011f\u0131n\u0131 ve birinden mavi e\u015fofmanl\u0131 t\u0131knaz bir adam\u0131n inerek, birisini kovalad\u0131\u011f\u0131n\u0131&#8221; anlatt\u0131. Brito, \u015fahs\u0131n 5 ya da 6 el ate\u015f a\u00e7t\u0131\u011f\u0131n\u0131 s\u00f6yledi. \u00d6te yandan bas\u0131na bilgi veren Beyaz Saray s\u00f6zc\u00fcs\u00fc Samah Sanders olayla ilgili olarak Ba\u015fkan Donald Trump&#8217;a bilgi verildi\u011fini a\u00e7\u0131klad\u0131.<\/p>\n<p>Olay sonras\u0131nda canl\u0131 yay\u0131nda a\u00e7\u0131klamalarda bulunan New York Belediye Ba\u015fkan\u0131 Bill de Blasio, 8 ki\u015finin \u00f6ld\u00fc\u011f\u00fcn\u00fc duyurdu.<\/p>\n<p>&#8216;Bu bir ter\u00f6r sald\u0131r\u0131s\u0131d\u0131r&#8217; diyen Belediye Ba\u015fkan\u0131 Blasio, soru\u015fturman\u0131n daha derinle\u015ftirilece\u011fini duyurdu, &#8216;elimizdeki bilgiler artacak&#8217; a\u00e7\u0131klamas\u0131nda bulundu.<\/p>\n<!-- Error, Advert is not available at this time due to schedule\/geolocation restrictions! -->\n","protected":false},"excerpt":{"rendered":"<p>ABD&#8217;nin New York \u015fehrinin \u00fcnl\u00fc Manhattan semtinde I\u015e\u0130D&#8217;li oldu\u011fu san\u0131lan bir sald\u0131rgan kamyonetini bisikletlilerin \u00fczerine s\u00fcrd\u00fc. Daha sonra kalabal\u0131\u011fa ate\u015f a\u00e7an sald\u0131rgan\u0131n eyleminde 8 ki\u015fi \u00f6ld\u00fc en az 15 ki\u015fi de yaraland\u0131. \/ Son Dakika.. New York Belediye Ba\u015fkan\u0131, olay\u0131n ter\u00f6r sald\u0131r\u0131s\u0131 oldu\u011funu a\u00e7\u0131klad\u0131. ABD&#8217;lilerin Cad\u0131lar Bayram\u0131 kutlad\u0131\u011f\u0131 saatlerde, New York&#8217;ta D\u00fcnya Ticaret Merkezi yak\u0131nlar\u0131nda &hellip;<\/p>\n","protected":false},"author":4,"featured_media":256138,"comment_status":"open","ping_status":"open","sticky":false,"template":"","format":"standard","meta":{"_acf_changed":false,"footnotes":""},"categories":[763],"tags":[1887,56253,11891,2230,19999,75593],"class_list":["post-256135","post","type-post","status-publish","format-standard","has-post-thumbnail","hentry","category-gunun-olayi","tag-abd","tag-cadilar-bayrami","tag-manhattan","tag-new-york","tag-ozbekistan","tag-teror-saldirisi"],"acf":[],"_links":{"self":[{"href":"https:\/\/www.nationalturk.com\/tr\/wp-json\/wp\/v2\/posts\/256135","targetHints":{"allow":["GET"]}}],"collection":[{"href":"https:\/\/www.nationalturk.com\/tr\/wp-json\/wp\/v2\/posts"}],"about":[{"href":"https:\/\/www.nationalturk.com\/tr\/wp-json\/wp\/v2\/types\/post"}],"author":[{"embeddable":true,"href":"https:\/\/www.nationalturk.com\/tr\/wp-json\/wp\/v2\/users\/4"}],"replies":[{"embeddable":true,"href":"https:\/\/www.nationalturk.com\/tr\/wp-json\/wp\/v2\/comments?post=256135"}],"version-history":[{"count":0,"href":"https:\/\/www.nationalturk.com\/tr\/wp-json\/wp\/v2\/posts\/256135\/revisions"}],"wp:featuredmedia":[{"embeddable":true,"href":"https:\/\/www.nationalturk.com\/tr\/wp-json\/wp\/v2\/media\/256138"}],"wp:attachment":[{"href":"https:\/\/www.nationalturk.com\/tr\/wp-json\/wp\/v2\/media?parent=256135"}],"wp:term":[{"taxonomy":"category","embeddable":true,"href":"https:\/\/www.nationalturk.com\/tr\/wp-json\/wp\/v2\/categories?post=256135"},{"taxonomy":"post_tag","embeddable":true,"href":"https:\/\/www.nationalturk.com\/tr\/wp-json\/wp\/v2\/tags?post=256135"}],"curies":[{"name":"wp","href":"https:\/\/api.w.org\/{rel}","templated":true}]}}