{"id":256176,"date":"2017-11-01T13:46:38","date_gmt":"2017-11-01T10:46:38","guid":{"rendered":"http:\/\/www.nationalturk.com\/?p=256176"},"modified":"2017-11-01T13:46:38","modified_gmt":"2017-11-01T10:46:38","slug":"fenerbahce-2-yildir-lider-olamiyor","status":"publish","type":"post","link":"https:\/\/www.nationalturk.com\/tr\/fenerbahce-2-yildir-lider-olamiyor\/","title":{"rendered":"Fenerbah\u00e7e 2 y\u0131ld\u0131r lider olam\u0131yor"},"content":{"rendered":"<h2>S\u00fcper Lig&#8217;de ilk 10 haftada lider Galatasaray&#8217;\u0131n 7 puan gerisine d\u00fc\u015fen Fenerbah\u00e7e, yakla\u015f\u0131k 2 y\u0131ld\u0131r zirveye \u00e7\u0131kam\u0131yor.<\/h2>\n<p>Teknik direkt\u00f6r Aykut Kocaman y\u00f6netiminde sezona mutlak \u015fampiyonluk parolas\u0131yla ba\u015flayan Fenerbah\u00e7e, \u015fu ana kadar beklentilerin uza\u011f\u0131nda kald\u0131. \u0130lk 10 haftada zirveye yakla\u015famayan, hatta ilk 3 s\u0131raya bile y\u00fckselemeyen sar\u0131-lacivertliler, uzun s\u00fcredir lider olam\u0131yor.<\/p>\n<p>Fenerbah\u00e7e, son olarak 2015-2016 sezonunun 13. haftas\u0131nda, 30 Kas\u0131m 2015&#8217;te Trabzonspor&#8217;u 2-0 yenerek liderlik koltu\u011funa oturmu\u015ftu.<\/p>\n<h3>Fenerbah\u00e7e&#8217;nin hasreti 65 haftaya y\u00fckseldi<\/h3>\n<p>Fenerbah\u00e7e, 65 lig haftas\u0131nda taraftar\u0131na liderlik sevinci ya\u015fatamad\u0131.<\/p>\n<p>S\u00fcper Lig&#8217;de son olarak liderli\u011fe teknik direkt\u00f6r Vitor Pereira d\u00f6neminde yerle\u015fen sar\u0131-lacivertliler, Dick Advocaat ve Aykut Kocaman&#8217;la zirveye \u00e7\u0131kamad\u0131.<\/p>\n<h4>Liderlik rekoru hala Fenerbah\u00e7e&#8217;de<\/h4>\n<p>Fenerbah\u00e7e, uzun s\u00fcredir lider olamasa da bu alanda lig rekorunu hala elinde bulunduruyor.<\/p>\n<p>Sar\u0131-lacivertliler, 60. ya\u015f\u0131n\u0131 ge\u00e7iren ligde geride kalan sezonlarda tam 554 haftay\u0131 lider tamamlad\u0131.<\/p>\n<p>Fenerbah\u00e7e&#8217;nin ard\u0131ndan, Galatasaray 530 hafta liderlik koltu\u011funda otururken, 411 hafta ilk s\u0131rada yer alan Be\u015fikta\u015f ise \u00fc\u00e7\u00fcnc\u00fc oldu. Trabzonspor ise 200 haftay\u0131 lider kapad\u0131.<\/p>\n<!-- Error, Advert is not available at this time due to schedule\/geolocation restrictions! -->\n","protected":false},"excerpt":{"rendered":"<p>S\u00fcper Lig&#8217;de ilk 10 haftada lider Galatasaray&#8217;\u0131n 7 puan gerisine d\u00fc\u015fen Fenerbah\u00e7e, yakla\u015f\u0131k 2 y\u0131ld\u0131r zirveye \u00e7\u0131kam\u0131yor. Teknik direkt\u00f6r Aykut Kocaman y\u00f6netiminde sezona mutlak \u015fampiyonluk parolas\u0131yla ba\u015flayan Fenerbah\u00e7e, \u015fu ana kadar beklentilerin uza\u011f\u0131nda kald\u0131. \u0130lk 10 haftada zirveye yakla\u015famayan, hatta ilk 3 s\u0131raya bile y\u00fckselemeyen sar\u0131-lacivertliler, uzun s\u00fcredir lider olam\u0131yor. Fenerbah\u00e7e, son olarak 2015-2016 sezonunun &hellip;<\/p>\n","protected":false},"author":4,"featured_media":256177,"comment_status":"open","ping_status":"open","sticky":false,"template":"","format":"standard","meta":{"_acf_changed":false,"footnotes":""},"categories":[6774,6155,5005,6194],"tags":[1748,849,4114,27427,4117,191592],"class_list":["post-256176","post","type-post","status-publish","format-standard","has-post-thumbnail","hentry","category-futbol","category-gundem","category-manset","category-spor","tag-besiktas","tag-fenerbahce","tag-galatasaray","tag-super-lig","tag-trabzonspor","tag-vitor-pereira"],"acf":[],"_links":{"self":[{"href":"https:\/\/www.nationalturk.com\/tr\/wp-json\/wp\/v2\/posts\/256176","targetHints":{"allow":["GET"]}}],"collection":[{"href":"https:\/\/www.nationalturk.com\/tr\/wp-json\/wp\/v2\/posts"}],"about":[{"href":"https:\/\/www.nationalturk.com\/tr\/wp-json\/wp\/v2\/types\/post"}],"author":[{"embeddable":true,"href":"https:\/\/www.nationalturk.com\/tr\/wp-json\/wp\/v2\/users\/4"}],"replies":[{"embeddable":true,"href":"https:\/\/www.nationalturk.com\/tr\/wp-json\/wp\/v2\/comments?post=256176"}],"version-history":[{"count":0,"href":"https:\/\/www.nationalturk.com\/tr\/wp-json\/wp\/v2\/posts\/256176\/revisions"}],"wp:featuredmedia":[{"embeddable":true,"href":"https:\/\/www.nationalturk.com\/tr\/wp-json\/wp\/v2\/media\/256177"}],"wp:attachment":[{"href":"https:\/\/www.nationalturk.com\/tr\/wp-json\/wp\/v2\/media?parent=256176"}],"wp:term":[{"taxonomy":"category","embeddable":true,"href":"https:\/\/www.nationalturk.com\/tr\/wp-json\/wp\/v2\/categories?post=256176"},{"taxonomy":"post_tag","embeddable":true,"href":"https:\/\/www.nationalturk.com\/tr\/wp-json\/wp\/v2\/tags?post=256176"}],"curies":[{"name":"wp","href":"https:\/\/api.w.org\/{rel}","templated":true}]}}