{"id":256351,"date":"2017-11-03T11:51:18","date_gmt":"2017-11-03T08:51:18","guid":{"rendered":"http:\/\/www.nationalturk.com\/?p=256351"},"modified":"2024-11-26T22:03:46","modified_gmt":"2024-11-26T19:03:46","slug":"akp-sozcusu-ataturk-de-cumhuriyet-de-bizimdir","status":"publish","type":"post","link":"https:\/\/www.nationalturk.com\/tr\/akp-sozcusu-ataturk-de-cumhuriyet-de-bizimdir\/","title":{"rendered":"AKP S\u00f6zc\u00fcs\u00fc: Atat\u00fcrk de Cumhuriyet de bizimdir"},"content":{"rendered":"<h2>AKP Genel Ba\u015fkan Yard\u0131mc\u0131s\u0131 ve S\u00f6zc\u00fcs\u00fc Mahir \u00dcnal,\u00a0&#8220;Cumhuriyet de, Mustafa Kemal Atat\u00fcrk de bizimdir&#8221; dedi.<\/h2>\n<p>Habert\u00fcrk TV\u2019de ekranlara gelen ve K\u00fcbra Par\u2019\u0131n haz\u0131rlay\u0131p sundu\u011fu &#8216;A\u00e7\u0131k ve Net&#8217; program\u0131na konuk olan Mahir \u00dcnal, Cumhurba\u015fkan\u0131 Recep Tayyip Erdo\u011fan\u2019\u0131n \u2018metal yorgunlu\u011fu\u2019 s\u00f6ylemiyle ba\u015flatt\u0131\u011f\u0131 AK Partili belediyelerdeki istifa s\u00fcrecinden \u2018Atat\u00fcrk\u00e7\u00fcl\u00fck\u2019 tart\u0131\u015fmalar\u0131na, 2019 se\u00e7iminden tutuklu gazetecilerin durumuna kadar g\u00fcndeme ili\u015fkin bir\u00e7ok konu hakk\u0131nda de\u011ferlendirmelerde bulundu:<\/p>\n<p>Bizim, AK Parti siyasetinin Mustafa Kemal Atat\u00fcrk ile ve cumhuriyetle hi\u00e7bir zaman, hi\u00e7bir sorunu olmad\u0131. Son 16 y\u0131l partimizin kurulu\u015fu, iktidar\u0131m\u0131z\u0131n da 15. y\u0131l\u0131. Bizim 29 Ekim Cumhuriyet Bayram\u0131&#8217;n\u0131 kutlama afi\u015flerimize bakt\u0131\u011f\u0131m\u0131zda, &#8216;Biz kurduk&#8217;, &#8216;Biz koruduk&#8217; ve &#8216;Biz y\u00fccelttik&#8217;. Bizim cumhuriyetimiz, biz milletiz. Biz Cumhuriyeti, Atat\u00fcrk&#8217;\u00fcn \u00f6nderli\u011finde milletin kurdu\u011funa inanan ve parti program\u0131nda, 2002&#8217;deki parti program\u0131nda, daha sonra parti t\u00fcz\u00fc\u011f\u00fcm\u00fczde, daha sonra 2012 Siyasi Vizyon Belgemizde, daha sonra 2014 Cumhurba\u015fkanl\u0131\u011f\u0131 Se\u00e7imi Siyasi Vizyon Belgemize, b\u00fct\u00fcn bunlara bakt\u0131\u011f\u0131n\u0131z zaman bizim laiklikle, cumhuriyetle, Atat\u00fcrk ile ilgili duru\u015fumuz son derece nettir. Bizim bu g\u00fcne kadar cumhuriyetle, cumhuriyetin kazan\u0131mlar\u0131, de\u011ferleriyle, Mustafa Kemal Atat\u00fcrk ile bir sorunumuz olmad\u0131 ki.<\/p>\n<p>1938&#8217;den sonra in\u015fa edilen Kemalizm, 1950&#8217;li y\u0131llara geldi\u011fimizde \u00f6zellikle \u0130smet \u0130n\u00f6n\u00fc&#8217;n\u00fcn resmi dairelerden Atat\u00fcrk&#8217;\u00fcn resimlerini indirtmesi, \u0130smet \u0130n\u00f6n\u00fc&#8217;n\u00fcn kendi resmiyle para bast\u0131rmas\u0131 ve yava\u015f yava\u015f Atat\u00fcrk&#8217;\u00fcn \u0130smet \u0130n\u00f6n\u00fc d\u00f6neminde adeta unutturulmaya \u00e7al\u0131\u015f\u0131lmas\u0131yla birlikte Demokrat Parti d\u00f6neminde Atat\u00fcrk&#8217;\u00fc Koruma Kanunu \u00e7\u0131kar\u0131lm\u0131\u015ft\u0131r. Demokrat Parti&#8217;nin o g\u00fcn Mustafa Kemal Atat\u00fcrk&#8217;e d\u00f6n\u00fck, Cumhuriyetin kurucu liderine d\u00f6n\u00fck pozisyonu neyse bug\u00fcn, ayn\u0131 gelenekten gelen Adnan Menderes, Turgut \u00d6zal, Necmettin Erbakan ve Recep Tayyip Erdo\u011fan, milletin adamlar\u0131 gelene\u011finden gelen bu gelene\u011fin bak\u0131\u015f a\u00e7\u0131s\u0131 ayn\u0131d\u0131r.<\/p>\n<p>Bizim ge\u00e7mi\u015fle kavga etmek gibi bir niyetimiz s\u00f6z konusu de\u011fil. Ge\u00e7mi\u015fte ya\u015fananlar\u0131 da birilerinin bize yanl\u0131\u015f \u015fekilde aktarmas\u0131n\u0131 da kabul etmiyoruz. Cumhuriyet bizimdir, Mustafa Kemal Atat\u00fcrk bizimdir, Kurtulu\u015f Sava\u015f\u0131&#8217;nda m\u00fccadele veren b\u00fct\u00fcn kahramanlar bizim kahramanlar\u0131m\u0131zd\u0131r. Ama biz \u015fu hatay\u0131 yapm\u0131yoruz, cumhuriyetin miras\u0131n\u0131, kazan\u0131mlar\u0131n\u0131 reddederek b\u00f6yle bir hatay\u0131 tekrarlamak istemiyoruz. Biz diyoruz ki Sel\u00e7uklu da bizimdir, 1071&#8217;de Anadolu&#8217;nun kap\u0131lar\u0131n\u0131 a\u00e7an, Malazgirt&#8217;te bize bu topraklar\u0131n kap\u0131s\u0131n\u0131 a\u00e7an Alparslan da bizimdi, Osman Bey de bizim Fatih de Abd\u00fclhamit Han da Enver Pa\u015fa da Cemal Pa\u015fa da Talat Pa\u015fa da bizim Mustafa Kemal Atat\u00fcrk de bizim. Hatas\u0131yla, sevab\u0131yla bu tarih bizim tarihimiz.<\/p>\n<p>(&#8216;Bug\u00fcne kadar biz hep AK Parti\u2019den, \u2018Bizim belediyelerimiz \u00e7ok ba\u015far\u0131l\u0131d\u0131r\u2019 s\u00f6z\u00fcn\u00fc duymaya al\u0131\u015fm\u0131\u015ft\u0131k. \u015eimdi ne oldu da bu istifalar geldi? Kamuoyu bunun arkas\u0131nda net olarak neyin oldu\u011funu merak ediyor?&#8217; sorusuna) A\u00e7\u0131k ve net olarak program\u0131n\u0131z\u0131n ismine uygun bir \u015fekilde anlatay\u0131m. Asl\u0131nda olan \u015fu: Son \u00fc\u00e7 y\u0131lda siyasetin i\u00e7erisinde olmayan siyasi hareketimizin lideri (Erdo\u011fan), genel ba\u015fkan olduktan sonra hem te\u015fkilatlarda hem belediyelerde hem de h\u00fck\u00fcmette her \u015feyi tekrardan elden ge\u00e7iriyor ve AK Parti\u2019yi 2019\u2019a, T\u00fcrkiye\u2019yi 2023\u2019e haz\u0131rl\u0131yor. Asl\u0131nda olan bu. Say\u0131n genel ba\u015fkan\u0131n parti i\u00e7inde ilgili kurullarda yapt\u0131\u011f\u0131 i\u015fti\u015fareler sonucunda belli belediye ba\u015fkanlar\u0131na istifa \u00e7a\u011fr\u0131s\u0131nda bulunmak. \u2018Bunun gerek\u00e7esi nedir?\u2019 diye sorarsan\u0131z bunu tek bir nedenle izah edemezsiniz.<\/p>\n<p>(&#8216;Se\u00e7imle gelen se\u00e7imle gider&#8217; ilkesi \u00e7i\u011fneniyor&#8217; ele\u015ftirilerine) Belki burada bir demokratik mekanizma olu\u015fturulmal\u0131d\u0131r. Yani geri \u00e7a\u011f\u0131rma hakk\u0131 gibi. Belediye ba\u015fkanlar\u0131yla ilgili geri \u00e7a\u011f\u0131rma hakk\u0131 d\u00fc\u015f\u00fcn\u00fclebilir. 2019 se\u00e7imi, \u00e7ok zor ve me\u015fakkatli olacak herkes i\u00e7in. Biz bunlar\u0131 bir sand\u0131\u011fa haz\u0131rl\u0131k olarak g\u00f6r\u00fcyoruz.Biz bir dava hareketiyiz ve bizim hareketimiz i\u00e7erisindeki milletvekilleri, belediye ba\u015fkanlar\u0131, bunlar\u0131n hepsi kendisini bir nefer olarak g\u00f6r\u00fcr. Kendisini belediye ba\u015fkan\u0131, kendisini milletvekili ya da il ba\u015fkan\u0131 olarak tan\u0131mlamaz. \u0130stifas\u0131 istenen, koltu\u011fu b\u0131rak\u0131r.<\/p>\n<p>Biz Norve\u00e7&#8217;te veya Finlandiya&#8217;da ya\u015fam\u0131yoruz. \u00c7evremizde 9 \u00fclke y\u00f6netilemez durumda ve bir ate\u015f \u00e7emberinin i\u00e7erisinde bu \u00fclkeyi bir g\u00fcven ve istikrar adas\u0131 olarak tutmaya \u00e7al\u0131\u015f\u0131yoruz. Bug\u00fcn biz biliyoruz ki her ay y\u00fczlerce ter\u00f6r sald\u0131r\u0131s\u0131 \u0130\u00e7i\u015fleri Bakanl\u0131\u011f\u0131n\u0131n, Emniyet&#8217;in, Emniyet istihbarat\u0131n ve M\u0130T&#8217;in s\u0131k\u0131 \u00e7al\u0131\u015fmalar\u0131yla engelleniyor. Bir insan\u0131n gazeteci olmas\u0131 o insana su\u00e7 i\u015fleme hakk\u0131 ya da yasalara kar\u015f\u0131 bir koruma kazand\u0131rm\u0131yor.<\/p>\n<!-- Error, Advert is not available at this time due to schedule\/geolocation restrictions! -->\n","protected":false},"excerpt":{"rendered":"<p>AKP Genel Ba\u015fkan Yard\u0131mc\u0131s\u0131 ve S\u00f6zc\u00fcs\u00fc Mahir \u00dcnal,\u00a0&#8220;Cumhuriyet de, Mustafa Kemal Atat\u00fcrk de bizimdir&#8221; dedi. Habert\u00fcrk TV\u2019de ekranlara gelen ve K\u00fcbra Par\u2019\u0131n haz\u0131rlay\u0131p sundu\u011fu &#8216;A\u00e7\u0131k ve Net&#8217; program\u0131na konuk olan Mahir \u00dcnal, Cumhurba\u015fkan\u0131 Recep Tayyip Erdo\u011fan\u2019\u0131n \u2018metal yorgunlu\u011fu\u2019 s\u00f6ylemiyle ba\u015flatt\u0131\u011f\u0131 AK Partili belediyelerdeki istifa s\u00fcrecinden \u2018Atat\u00fcrk\u00e7\u00fcl\u00fck\u2019 tart\u0131\u015fmalar\u0131na, 2019 se\u00e7iminden tutuklu gazetecilerin durumuna kadar g\u00fcndeme ili\u015fkin &hellip;<\/p>\n","protected":false},"author":4,"featured_media":253031,"comment_status":"open","ping_status":"open","sticky":false,"template":"","format":"standard","meta":{"_acf_changed":false,"footnotes":""},"categories":[763],"tags":[9476,7579,2160,4110,137798,128811],"class_list":["post-256351","post","type-post","status-publish","format-standard","has-post-thumbnail","hentry","category-gunun-olayi","tag-akp","tag-ataturk","tag-finlandiya","tag-haberturk","tag-kubra-par","tag-mahir-unal"],"acf":[],"_links":{"self":[{"href":"https:\/\/www.nationalturk.com\/tr\/wp-json\/wp\/v2\/posts\/256351","targetHints":{"allow":["GET"]}}],"collection":[{"href":"https:\/\/www.nationalturk.com\/tr\/wp-json\/wp\/v2\/posts"}],"about":[{"href":"https:\/\/www.nationalturk.com\/tr\/wp-json\/wp\/v2\/types\/post"}],"author":[{"embeddable":true,"href":"https:\/\/www.nationalturk.com\/tr\/wp-json\/wp\/v2\/users\/4"}],"replies":[{"embeddable":true,"href":"https:\/\/www.nationalturk.com\/tr\/wp-json\/wp\/v2\/comments?post=256351"}],"version-history":[{"count":1,"href":"https:\/\/www.nationalturk.com\/tr\/wp-json\/wp\/v2\/posts\/256351\/revisions"}],"predecessor-version":[{"id":305439,"href":"https:\/\/www.nationalturk.com\/tr\/wp-json\/wp\/v2\/posts\/256351\/revisions\/305439"}],"wp:featuredmedia":[{"embeddable":true,"href":"https:\/\/www.nationalturk.com\/tr\/wp-json\/wp\/v2\/media\/253031"}],"wp:attachment":[{"href":"https:\/\/www.nationalturk.com\/tr\/wp-json\/wp\/v2\/media?parent=256351"}],"wp:term":[{"taxonomy":"category","embeddable":true,"href":"https:\/\/www.nationalturk.com\/tr\/wp-json\/wp\/v2\/categories?post=256351"},{"taxonomy":"post_tag","embeddable":true,"href":"https:\/\/www.nationalturk.com\/tr\/wp-json\/wp\/v2\/tags?post=256351"}],"curies":[{"name":"wp","href":"https:\/\/api.w.org\/{rel}","templated":true}]}}