{"id":25636,"date":"2010-05-29T11:03:52","date_gmt":"2010-05-29T09:03:52","guid":{"rendered":"http:\/\/www.nationalturk.com\/?p=25636"},"modified":"2022-08-10T09:18:50","modified_gmt":"2022-08-10T06:18:50","slug":"sirnak-29mayis-uzmancavus-korucu-sehit-3987422","status":"publish","type":"post","link":"https:\/\/www.nationalturk.com\/tr\/sirnak-29mayis-uzmancavus-korucu-sehit-3987422\/","title":{"rendered":"Genel Kurmay a\u00e7\u0131klad\u0131: \u015e\u0131rnak&#8217;ta 1 uzman \u00e7avu\u015f, 1 korucu \u015fehit!"},"content":{"rendered":"<p><strong>\u015e\u0131rnak&#8217;ta PKK&#8217;l\u0131 ter\u00f6ristlerle \u00e7\u0131kan \u00e7at\u0131\u015fmada bir uzman \u00e7avu\u015f ile bir ge\u00e7ici k\u00f6y korucusu \u015fehit oldu. <\/strong><\/p>\n<p>Genelkurmay Ba\u015fkanl\u0131\u011f\u0131&#8217;ndan konuyla ilgili olarak yap\u0131lan a\u00e7\u0131klama \u015f\u00f6yle;<\/p>\n<p>Genelkurmay a\u00e7\u0131klama: \u015e\u0131rnak ili Merkez il\u00e7esi da\u011fl\u0131k arazi kesiminde, sabah saatlerinde bir grup ter\u00f6rist taraf\u0131ndan a\u00e7\u0131lan ate\u015f sonucu; 1 Piyade Uzman \u00c7avu\u015f ve 1 Ge\u00e7ici K\u00f6y Korucusu (GKK) \u015fehit olmu\u015f, 3 askeri personel yaralanm\u0131\u015ft\u0131r. Yaral\u0131 personel hastaneye sevk edilerek tedavi alt\u0131na al\u0131nm\u0131\u015ft\u0131r<\/p>\n","protected":false},"excerpt":{"rendered":"<p>Genel Kurmay a\u00e7\u0131klad\u0131: \u015e\u0131rnak&#8217;ta PKK&#8217;l\u0131 ter\u00f6ristlerle \u00e7\u0131kan \u00e7at\u0131\u015fmada bir uzman \u00e7avu\u015f ile bir ge\u00e7ici k\u00f6y korucusu \u015fehit oldu.<\/p>\n","protected":false},"author":4,"featured_media":291449,"comment_status":"open","ping_status":"open","sticky":false,"template":"","format":"standard","meta":{"_acf_changed":false,"footnotes":""},"categories":[6805,6155,349],"tags":[62079,31650,11502],"class_list":["post-25636","post","type-post","status-publish","format-standard","has-post-thumbnail","hentry","category-turkiye","category-gundem","category-son-dakika","tag-genel-kurmay","tag-sehit","tag-sirnak"],"acf":[],"_links":{"self":[{"href":"https:\/\/www.nationalturk.com\/tr\/wp-json\/wp\/v2\/posts\/25636","targetHints":{"allow":["GET"]}}],"collection":[{"href":"https:\/\/www.nationalturk.com\/tr\/wp-json\/wp\/v2\/posts"}],"about":[{"href":"https:\/\/www.nationalturk.com\/tr\/wp-json\/wp\/v2\/types\/post"}],"author":[{"embeddable":true,"href":"https:\/\/www.nationalturk.com\/tr\/wp-json\/wp\/v2\/users\/4"}],"replies":[{"embeddable":true,"href":"https:\/\/www.nationalturk.com\/tr\/wp-json\/wp\/v2\/comments?post=25636"}],"version-history":[{"count":0,"href":"https:\/\/www.nationalturk.com\/tr\/wp-json\/wp\/v2\/posts\/25636\/revisions"}],"wp:featuredmedia":[{"embeddable":true,"href":"https:\/\/www.nationalturk.com\/tr\/wp-json\/wp\/v2\/media\/291449"}],"wp:attachment":[{"href":"https:\/\/www.nationalturk.com\/tr\/wp-json\/wp\/v2\/media?parent=25636"}],"wp:term":[{"taxonomy":"category","embeddable":true,"href":"https:\/\/www.nationalturk.com\/tr\/wp-json\/wp\/v2\/categories?post=25636"},{"taxonomy":"post_tag","embeddable":true,"href":"https:\/\/www.nationalturk.com\/tr\/wp-json\/wp\/v2\/tags?post=25636"}],"curies":[{"name":"wp","href":"https:\/\/api.w.org\/{rel}","templated":true}]}}