{"id":256437,"date":"2017-11-04T13:19:17","date_gmt":"2017-11-04T10:19:17","guid":{"rendered":"http:\/\/www.nationalturk.com\/?p=256437"},"modified":"2017-11-04T13:22:07","modified_gmt":"2017-11-04T10:22:07","slug":"dev-sirkete-fetoden-el-kondu","status":"publish","type":"post","link":"https:\/\/www.nationalturk.com\/tr\/dev-sirkete-fetoden-el-kondu\/","title":{"rendered":"Dev \u015firkete FET\u00d6&#8217;den el kondu"},"content":{"rendered":"<h2>\u0130n\u015faat ve otomotiv sekt\u00f6r\u00fcnde Antalya merkezli olarak faaliyet g\u00f6steren Durmazlar Grup \u015firketine FET\u00d6&#8217;den \u00f6t\u00fcr\u00fc el kondu. \u015eirketin iki y\u00f6neticisi tutuklan\u0131rken, TMSF \u015firkete kayyum olarak atand\u0131.<\/h2>\n<p>Antalya Cumhuriyet Ba\u015fsavc\u0131l\u0131\u011f\u0131&#8217;n\u0131n y\u00fcr\u00fctt\u00fc\u011f\u00fc bir FET\u00d6 soru\u015fturma kapsam\u0131nda Antalya&#8217;da otomotiv ve in\u015faat sekt\u00f6r\u00fcnde faaliyet g\u00f6steren Durmazlar Grup isimli \u015firkete FET\u00d6 operasyonu d\u00fczenlendi.<\/p>\n<p>Antalya Emniyet M\u00fcd\u00fcrl\u00fc\u011f\u00fc Ka\u00e7ak\u00e7\u0131l\u0131k ve Organize Su\u00e7larla M\u00fccadele \u015eube M\u00fcd\u00fcrl\u00fc\u011f\u00fc taraf\u0131ndan yap\u0131lan operasyon kapsam\u0131nda \u015firket y\u00f6neticileri Selahattin Durmaz, Sebahattin Durmaz ve \u00d6mer Durmaz g\u00f6zalt\u0131na al\u0131nd\u0131. Emniyetteki i\u015flemleri ard\u0131ndan Antalya Adliyesi&#8217;ne sevk edilen \u015f\u00fcphelilere &#8220;silahl\u0131 ter\u00f6r \u00f6rg\u00fct\u00fcne \u00fcye olmak&#8221; ve &#8220;ter\u00f6rizmin finansman\u0131&#8221; su\u00e7lamalar\u0131n\u0131n y\u00f6neltildi\u011fi \u00f6\u011frenildi.<br \/>\n\u015eirketten FET\u00d6\/PDY finans sa\u011fland\u0131\u011f\u0131 y\u00f6n\u00fcnde MASAK raporu bulundu\u011fu \u00f6\u011frenildi.<\/p>\n<h3>Y\u00f6neticiler cezaevinde<\/h3>\n<p>N\u00f6bet\u00e7i Sulh Ceza Hakimli\u011fi&#8217;ne sevk edilen \u015f\u00fcphelilerden Selahattin ve Sebahattin Durmaz, sorgular\u0131n\u0131n ard\u0131ndan tutuklanarak cezaevine g\u00f6nderilirken, \u00d6mer Durmaz adli kontrol \u015fart\u0131 ile serbest b\u0131rak\u0131ld\u0131.<\/p>\n<h4>TMSF y\u00f6netecek<\/h4>\n<p>Soru\u015fturma kapsam\u0131nda ba\u015fsavc\u0131l\u0131k\u00e7a N\u00f6bet\u00e7i Sulh Ceza Hakimli\u011fi&#8217;nden \u015firket y\u00f6netimine kayyum atanmas\u0131 talep edildi. Hakimlik de talebi yerinde buldu ve \u015firket y\u00f6netimine TMSF&#8217;yi kayyum olarak atad\u0131.<\/p>\n","protected":false},"excerpt":{"rendered":"<p>\u0130n\u015faat ve otomotiv sekt\u00f6r\u00fcnde Antalya merkezli olarak faaliyet g\u00f6steren Durmazlar Grup \u015firketine FET\u00d6&#8217;den \u00f6t\u00fcr\u00fc el kondu. \u015eirketin iki y\u00f6neticisi tutuklan\u0131rken, TMSF \u015firkete kayyum olarak atand\u0131. Antalya Cumhuriyet Ba\u015fsavc\u0131l\u0131\u011f\u0131&#8217;n\u0131n y\u00fcr\u00fctt\u00fc\u011f\u00fc bir FET\u00d6 soru\u015fturma kapsam\u0131nda Antalya&#8217;da otomotiv ve in\u015faat sekt\u00f6r\u00fcnde faaliyet g\u00f6steren Durmazlar Grup isimli \u015firkete FET\u00d6 operasyonu d\u00fczenlendi. Antalya Emniyet M\u00fcd\u00fcrl\u00fc\u011f\u00fc Ka\u00e7ak\u00e7\u0131l\u0131k ve Organize Su\u00e7larla M\u00fccadele &hellip;<\/p>\n","protected":false},"author":9192198,"featured_media":256202,"comment_status":"open","ping_status":"open","sticky":false,"template":"","format":"standard","meta":{"_acf_changed":false,"footnotes":""},"categories":[6199,6155,763,6748,5005,6805],"tags":[730,202856,4058],"class_list":["post-256437","post","type-post","status-publish","format-standard","has-post-thumbnail","hentry","category-ekonomi","category-gundem","category-gunun-olayi","category-is-dunyasi","category-manset","category-turkiye","tag-antalya","tag-feto","tag-tmsf"],"acf":[],"_links":{"self":[{"href":"https:\/\/www.nationalturk.com\/tr\/wp-json\/wp\/v2\/posts\/256437","targetHints":{"allow":["GET"]}}],"collection":[{"href":"https:\/\/www.nationalturk.com\/tr\/wp-json\/wp\/v2\/posts"}],"about":[{"href":"https:\/\/www.nationalturk.com\/tr\/wp-json\/wp\/v2\/types\/post"}],"author":[{"embeddable":true,"href":"https:\/\/www.nationalturk.com\/tr\/wp-json\/wp\/v2\/users\/9192198"}],"replies":[{"embeddable":true,"href":"https:\/\/www.nationalturk.com\/tr\/wp-json\/wp\/v2\/comments?post=256437"}],"version-history":[{"count":0,"href":"https:\/\/www.nationalturk.com\/tr\/wp-json\/wp\/v2\/posts\/256437\/revisions"}],"wp:featuredmedia":[{"embeddable":true,"href":"https:\/\/www.nationalturk.com\/tr\/wp-json\/wp\/v2\/media\/256202"}],"wp:attachment":[{"href":"https:\/\/www.nationalturk.com\/tr\/wp-json\/wp\/v2\/media?parent=256437"}],"wp:term":[{"taxonomy":"category","embeddable":true,"href":"https:\/\/www.nationalturk.com\/tr\/wp-json\/wp\/v2\/categories?post=256437"},{"taxonomy":"post_tag","embeddable":true,"href":"https:\/\/www.nationalturk.com\/tr\/wp-json\/wp\/v2\/tags?post=256437"}],"curies":[{"name":"wp","href":"https:\/\/api.w.org\/{rel}","templated":true}]}}