{"id":256501,"date":"2017-11-06T14:57:49","date_gmt":"2017-11-06T11:57:49","guid":{"rendered":"http:\/\/www.nationalturk.com\/?p=256501"},"modified":"2017-11-06T14:57:49","modified_gmt":"2017-11-06T11:57:49","slug":"buyuk-birlik-partisini-feto-kurdu","status":"publish","type":"post","link":"https:\/\/www.nationalturk.com\/tr\/buyuk-birlik-partisini-feto-kurdu\/","title":{"rendered":"&#8220;B\u00fcy\u00fck Birlik Partisi&#8217;ni FET\u00d6 kurdu&#8221;"},"content":{"rendered":"<h2>MHP Genel Ba\u015fkan Yard\u0131mc\u0131s\u0131 Oktay \u00d6zt\u00fcrk, B\u00fcy\u00fck Birlik Partisi&#8217;ni (BBP) FET\u00d6&#8217;n\u00fcn kurdu\u011funu iddia etti.<\/h2>\n<p>Kanal 7&#8217;de Mehmet Acet\u2019in sundu\u011fu Ba\u015fkent Kulisi program\u0131na kat\u0131lan MHP\u2019li \u00d6zt\u00fcrk, BBP\u2019nin kurulu\u015funda \u201cFET\u00d6\u2019nin eli var\u201d diyerek BBP\u2019ye y\u00f6nelik su\u00e7lamalarda bulundu.<br \/>\n\u00d6zt\u00fcrk a\u00e7\u0131klamas\u0131nda \u201cMHP bu tablolar\u0131 daha \u00f6ncede ya\u015fad\u0131. Herkes \u00e7\u0131k\u0131\u015fta MHP&#8217;nin yerini alaca\u011f\u0131n\u0131 iddia ediyordu. Orada da FET\u00d6&#8217;n\u00fcn eli var. 1992&#8217;deki kopmalarda da FET\u00d6&#8217;n\u00fcn eli var. Sonra da Ayd\u0131nl\u0131k T\u00fcrkiye Partisi&#8217;nde. BBP&#8217;yi FET\u00d6 kurdu&#8221; dedi.<\/p>\n<p>\u00d6zt\u00fcrk\u2019\u00fcn su\u00e7lamalar\u0131na BBP\u2019nin kurucu isimlerinden Osman T\u00fcfek\u00e7i ve \u00d6kke\u015f \u015eendiller&#8217;den tepkiler geldi.<\/p>\n<p>Eski BBP Genel Ba\u015fkan Yard\u0131mc\u0131s\u0131 ve parti \u00fcyesi Osman T\u00fcfek\u00e7i yapt\u0131\u011f\u0131 a\u00e7\u0131klamada \u201cOktay \u00d6zt\u00fcrk daha \u00f6nce MHP&#8217;den ayr\u0131l\u0131p ATP diye parti kurdular. Daha sonra tekrar MHP&#8217;ye d\u00f6nd\u00fcler. O d\u00f6nemde Milliyet\u00e7i \u00c7al\u0131\u015fma Partisi (M\u00c7P), SHP bug\u00fcn ki PKK&#8217;l\u0131lar\u0131 Meclis&#8217;e sokma konusunda anla\u015ft\u0131lar. \u015eimdi aradan 25 sene ge\u00e7ti d\u00fc\u015f\u00fcn\u00fcn \u015f\u00f6yle BBP&#8217;nin ad\u0131n\u0131n ambleminin verildi\u011fi ayr\u0131 ayr\u0131 toplant\u0131larda 10&#8217;ar ki\u015filik gruplar halinde isti\u015fare halinde bunlar yap\u0131ld\u0131\u201d dedi.<\/p>\n<p>\u00d6zt\u00fcrk\u2019\u00fcn FET\u00d6 su\u00e7lamalar\u0131na eski BBP Kahramanmara\u015f Milletvekili \u00d6kke\u015f \u015eendiller de tepki g\u00f6sterdi. \u015eendiller sosyal medya hesab\u0131ndan yay\u0131nlad\u0131\u011f\u0131 mesajda \u201cOktay Efendi FET\u00d6\u2019c\u00fc ar\u0131yorsan yalakal\u0131\u011f\u0131na soyundu\u011funuz \u2018Ne istedin de vermedik\u2019 diye feryat figan edenlere, devleti o hainlere teslim edenlere bakacaks\u0131n\u201d dedi.<\/p>\n<p>\u015eendiller yay\u0131nlad\u0131\u011f\u0131 mesajda ayr\u0131ca \u201cHakk&#8217;a y\u00fcr\u00fcm\u00fc\u015f, Senin gibi iftirac\u0131lara cevap verme imkan\u0131 kalmam\u0131\u015f \u015fehit Muhsin ba\u015fkana ve onun onurlu, haysiyetli, \u015ferefli ve bu kutlu davada her t\u00fcrl\u00fc bedeli \u00d6demi\u015f dava arkada\u015flar\u0131na att\u0131\u011f\u0131n bu al\u00e7ak iftiray\u0131 ispatlamak zorundas\u0131n. Bu al\u00e7ak ve \u015ferefsiz iftira bizlerin hazmedece\u011fi bir sald\u0131r\u0131 de\u011fildir\u201d \u015feklinde ifadelerde bulundu.<\/p>\n<!-- Error, Advert is not available at this time due to schedule\/geolocation restrictions! -->\n","protected":false},"excerpt":{"rendered":"<p>MHP Genel Ba\u015fkan Yard\u0131mc\u0131s\u0131 Oktay \u00d6zt\u00fcrk, B\u00fcy\u00fck Birlik Partisi&#8217;ni (BBP) FET\u00d6&#8217;n\u00fcn kurdu\u011funu iddia etti. Kanal 7&#8217;de Mehmet Acet\u2019in sundu\u011fu Ba\u015fkent Kulisi program\u0131na kat\u0131lan MHP\u2019li \u00d6zt\u00fcrk, BBP\u2019nin kurulu\u015funda \u201cFET\u00d6\u2019nin eli var\u201d diyerek BBP\u2019ye y\u00f6nelik su\u00e7lamalarda bulundu. \u00d6zt\u00fcrk a\u00e7\u0131klamas\u0131nda \u201cMHP bu tablolar\u0131 daha \u00f6ncede ya\u015fad\u0131. Herkes \u00e7\u0131k\u0131\u015fta MHP&#8217;nin yerini alaca\u011f\u0131n\u0131 iddia ediyordu. Orada da FET\u00d6&#8217;n\u00fcn eli var. &hellip;<\/p>\n","protected":false},"author":4,"featured_media":256502,"comment_status":"open","ping_status":"open","sticky":false,"template":"","format":"standard","meta":{"_acf_changed":false,"footnotes":""},"categories":[6155,5005,6202,349],"tags":[6158,8517,202856,10829,82079],"class_list":["post-256501","post","type-post","status-publish","format-standard","has-post-thumbnail","hentry","category-gundem","category-manset","category-politika","category-son-dakika","tag-bbp","tag-buyuk-birlik-partisi","tag-feto","tag-mhp","tag-oktay-ozturk"],"acf":[],"_links":{"self":[{"href":"https:\/\/www.nationalturk.com\/tr\/wp-json\/wp\/v2\/posts\/256501","targetHints":{"allow":["GET"]}}],"collection":[{"href":"https:\/\/www.nationalturk.com\/tr\/wp-json\/wp\/v2\/posts"}],"about":[{"href":"https:\/\/www.nationalturk.com\/tr\/wp-json\/wp\/v2\/types\/post"}],"author":[{"embeddable":true,"href":"https:\/\/www.nationalturk.com\/tr\/wp-json\/wp\/v2\/users\/4"}],"replies":[{"embeddable":true,"href":"https:\/\/www.nationalturk.com\/tr\/wp-json\/wp\/v2\/comments?post=256501"}],"version-history":[{"count":0,"href":"https:\/\/www.nationalturk.com\/tr\/wp-json\/wp\/v2\/posts\/256501\/revisions"}],"wp:featuredmedia":[{"embeddable":true,"href":"https:\/\/www.nationalturk.com\/tr\/wp-json\/wp\/v2\/media\/256502"}],"wp:attachment":[{"href":"https:\/\/www.nationalturk.com\/tr\/wp-json\/wp\/v2\/media?parent=256501"}],"wp:term":[{"taxonomy":"category","embeddable":true,"href":"https:\/\/www.nationalturk.com\/tr\/wp-json\/wp\/v2\/categories?post=256501"},{"taxonomy":"post_tag","embeddable":true,"href":"https:\/\/www.nationalturk.com\/tr\/wp-json\/wp\/v2\/tags?post=256501"}],"curies":[{"name":"wp","href":"https:\/\/api.w.org\/{rel}","templated":true}]}}