{"id":256572,"date":"2017-11-07T14:49:51","date_gmt":"2017-11-07T11:49:51","guid":{"rendered":"http:\/\/www.nationalturk.com\/?p=256572"},"modified":"2017-11-07T14:49:51","modified_gmt":"2017-11-07T11:49:51","slug":"yarbay-mehmet-alkan-siyasete-girdi","status":"publish","type":"post","link":"https:\/\/www.nationalturk.com\/tr\/yarbay-mehmet-alkan-siyasete-girdi\/","title":{"rendered":"Yarbay Mehmet Alkan siyasete girdi"},"content":{"rendered":"<h2>\u015e\u0131rnak&#8217;ta \u015fehit olan karde\u015fi Ali Alkan&#8217;\u0131n Osmaniye&#8217;deki cenazesinde tepki g\u00f6stermesiyle ve TSK&#8217;dan ihra\u00e7 edilmesiyle g\u00fcndeme gelen Yarbay Mehmet Alkan CHP&#8217;ye \u00fcye oldu.<\/h2>\n<p>Mehmet Alkan, CHP grup toplant\u0131s\u0131 yap\u0131lmadan \u00f6nce Kemal K\u0131l\u0131\u00e7daro\u011flu&#8217;nun davetiyle k\u00fcrs\u00fcye geldi. CHP&#8217;ye \u00fcye olan Alkan&#8217;\u0131n rozetini CHP Genel Ba\u015fkan\u0131 K\u0131l\u0131\u00e7daro\u011flu takt\u0131.<\/p>\n<p>CHP Lideri K\u0131l\u0131\u00e7daro\u011flu, bug\u00fcn yap\u0131lan grup toplant\u0131s\u0131ndaki konu\u015fmada \u015fu a\u00e7\u0131klamalar\u0131 yapt\u0131:<\/p>\n<p>&#8220;Yarbay Mehmet Alkan aram\u0131za ho\u015f geldi, \u015feref verdi. Karde\u015fi Y\u00fczba\u015f\u0131 Ali Alkan, Beyt\u00fc\u015f\u015febap&#8217;ta \u015fehit oldu. O b\u00fct\u00fcn \u015fehitler gibi, gaziler gibi bizim onurumuz. Bir \u015fehit yak\u0131n\u0131 ordudan at\u0131ld\u0131. Sadece ve sadece b\u00f6yle konu\u015ftu\u011fu i\u00e7in bir KHK ile ordudan at\u0131l\u0131yorsa, b\u00fct\u00fcn gazilere, \u015fehit yak\u0131nlar\u0131na sesleniyorum; Bu tabloyu i\u00e7inize sindiriyor musunuz? Elinizi vicdan\u0131n\u0131za koyacaks\u0131n\u0131z ve oyunuzu \u00f6yle kullanacaks\u0131n\u0131z&#8221;<\/p>\n<p>CHP Lideri ayr\u0131ca Yarbay Mehmet Alkan&#8217;\u0131n sadece ordudan ihra\u00e7 edilmekle kalmad\u0131\u011f\u0131n\u0131n da alt\u0131n\u0131 \u00e7izerek, &#8220;Sadece ordudan at\u0131lmad\u0131, pasaport verilmedi, beylik tabancas\u0131 verilmedi, emekli ikramiyesi verilmedi, OYAK&#8217;taki birikimine el konuldu, kredi kart\u0131 bile verilmedi. Sivil \u00f6l\u00fcme mahkum oldu. Bunlar\u0131 yapanlar\u0131n yatacaklar\u0131 yeri yok. Sevgili yarbay\u0131m aram\u0131za ho\u015f geldiniz.&#8221; ifadelerini kulland\u0131.<\/p>\n<!-- Error, Advert is not available at this time due to schedule\/geolocation restrictions! -->\n<p>&nbsp;<\/p>\n<p>&nbsp;<\/p>\n","protected":false},"excerpt":{"rendered":"<p>\u015e\u0131rnak&#8217;ta \u015fehit olan karde\u015fi Ali Alkan&#8217;\u0131n Osmaniye&#8217;deki cenazesinde tepki g\u00f6stermesiyle ve TSK&#8217;dan ihra\u00e7 edilmesiyle g\u00fcndeme gelen Yarbay Mehmet Alkan CHP&#8217;ye \u00fcye oldu. Mehmet Alkan, CHP grup toplant\u0131s\u0131 yap\u0131lmadan \u00f6nce Kemal K\u0131l\u0131\u00e7daro\u011flu&#8217;nun davetiyle k\u00fcrs\u00fcye geldi. CHP&#8217;ye \u00fcye olan Alkan&#8217;\u0131n rozetini CHP Genel Ba\u015fkan\u0131 K\u0131l\u0131\u00e7daro\u011flu takt\u0131. CHP Lideri K\u0131l\u0131\u00e7daro\u011flu, bug\u00fcn yap\u0131lan grup toplant\u0131s\u0131ndaki konu\u015fmada \u015fu a\u00e7\u0131klamalar\u0131 yapt\u0131: &hellip;<\/p>\n","protected":false},"author":9192198,"featured_media":256577,"comment_status":"open","ping_status":"open","sticky":false,"template":"","format":"standard","meta":{"_acf_changed":false,"footnotes":""},"categories":[5005,6202,349,6805],"tags":[99549,5115,195299],"class_list":["post-256572","post","type-post","status-publish","format-standard","has-post-thumbnail","hentry","category-manset","category-politika","category-son-dakika","category-turkiye","tag-ali-alkan","tag-kemal-kilicdaroglu","tag-yarbay-mehmet-alkan"],"acf":[],"_links":{"self":[{"href":"https:\/\/www.nationalturk.com\/tr\/wp-json\/wp\/v2\/posts\/256572","targetHints":{"allow":["GET"]}}],"collection":[{"href":"https:\/\/www.nationalturk.com\/tr\/wp-json\/wp\/v2\/posts"}],"about":[{"href":"https:\/\/www.nationalturk.com\/tr\/wp-json\/wp\/v2\/types\/post"}],"author":[{"embeddable":true,"href":"https:\/\/www.nationalturk.com\/tr\/wp-json\/wp\/v2\/users\/9192198"}],"replies":[{"embeddable":true,"href":"https:\/\/www.nationalturk.com\/tr\/wp-json\/wp\/v2\/comments?post=256572"}],"version-history":[{"count":0,"href":"https:\/\/www.nationalturk.com\/tr\/wp-json\/wp\/v2\/posts\/256572\/revisions"}],"wp:featuredmedia":[{"embeddable":true,"href":"https:\/\/www.nationalturk.com\/tr\/wp-json\/wp\/v2\/media\/256577"}],"wp:attachment":[{"href":"https:\/\/www.nationalturk.com\/tr\/wp-json\/wp\/v2\/media?parent=256572"}],"wp:term":[{"taxonomy":"category","embeddable":true,"href":"https:\/\/www.nationalturk.com\/tr\/wp-json\/wp\/v2\/categories?post=256572"},{"taxonomy":"post_tag","embeddable":true,"href":"https:\/\/www.nationalturk.com\/tr\/wp-json\/wp\/v2\/tags?post=256572"}],"curies":[{"name":"wp","href":"https:\/\/api.w.org\/{rel}","templated":true}]}}