{"id":256664,"date":"2017-11-08T14:09:23","date_gmt":"2017-11-08T11:09:23","guid":{"rendered":"http:\/\/www.nationalturk.com\/?p=256664"},"modified":"2017-11-08T14:09:23","modified_gmt":"2017-11-08T11:09:23","slug":"barbaros-sansalin-hapis-cezasi-onandi","status":"publish","type":"post","link":"https:\/\/www.nationalturk.com\/tr\/barbaros-sansalin-hapis-cezasi-onandi\/","title":{"rendered":"Barbaros \u015eansal&#8217;\u0131n hapis cezas\u0131 onand\u0131"},"content":{"rendered":"<h2>Payla\u015ft\u0131\u011f\u0131 videoda sarf etti\u011fi s\u00f6zleri nedeniyle &#8220;T\u00fcrk milletini ve T\u00fcrkiye Cumhuriyeti Devleti&#8217;ni alenen a\u015fa\u011f\u0131lama&#8221; su\u00e7undan 6 ay 20 g\u00fcn hapis cezas\u0131na \u00e7arpt\u0131r\u0131lan modac\u0131 Barbaros \u015eansal&#8217;\u0131n cezas\u0131 \u0130stinaf Mahkemesi taraf\u0131ndan onad\u0131.<\/h2>\n<p>\u0130stanbul B\u00f6lge Adliye Mahkemesi 2. Ceza Dairesi, Barbaros \u015eansal\u2019\u0131n ba\u015fvurusu \u00fczerine \u0130stanbul 43. Asliye Ceza Mahkemesi taraf\u0131ndan verilen cezaya ili\u015fkin incelemesini tamamlad\u0131.<\/p>\n<p>\u015eansal\u2019\u0131n avukat\u0131 Efkan Bola\u00e7\u2019\u0131n itiraz\u0131 \u00fczerine dosya \u00fczerinden yerel mahkemenin karar\u0131n\u0131 inceleyen 2. Ceza Dairesi, san\u0131\u011f\u0131n davaya konu videoda sarf etti\u011fi s\u00f6zlerin T\u00fcrk milletini a\u015fa\u011f\u0131lar i\u00e7erikte oldu\u011funu, eylemin de sosyal medya \u00fczerinden alenen ger\u00e7ekle\u015fti\u011finin sabit oldu\u011funu kaydetti.<\/p>\n<p>Yerel mahkemenin h\u00fckm\u00fcn\u00fcn kanuna ve yasaya uygun oldu\u011funu belirten 2. Ceza Dairesi, san\u0131\u011f\u0131n avukat\u0131n\u0131n istinaf ba\u015fvurusunu esastan reddederek yerel mahkemenin karar\u0131n\u0131 onad\u0131.<\/p>\n<!-- Error, Advert is not available at this time due to schedule\/geolocation restrictions! -->\n","protected":false},"excerpt":{"rendered":"<p>Payla\u015ft\u0131\u011f\u0131 videoda sarf etti\u011fi s\u00f6zleri nedeniyle &#8220;T\u00fcrk milletini ve T\u00fcrkiye Cumhuriyeti Devleti&#8217;ni alenen a\u015fa\u011f\u0131lama&#8221; su\u00e7undan 6 ay 20 g\u00fcn hapis cezas\u0131na \u00e7arpt\u0131r\u0131lan modac\u0131 Barbaros \u015eansal&#8217;\u0131n cezas\u0131 \u0130stinaf Mahkemesi taraf\u0131ndan onad\u0131. \u0130stanbul B\u00f6lge Adliye Mahkemesi 2. Ceza Dairesi, Barbaros \u015eansal\u2019\u0131n ba\u015fvurusu \u00fczerine \u0130stanbul 43. Asliye Ceza Mahkemesi taraf\u0131ndan verilen cezaya ili\u015fkin incelemesini tamamlad\u0131. \u015eansal\u2019\u0131n avukat\u0131 Efkan &hellip;<\/p>\n","protected":false},"author":9192198,"featured_media":247124,"comment_status":"open","ping_status":"open","sticky":false,"template":"","format":"standard","meta":{"_acf_changed":false,"footnotes":""},"categories":[6155,5005,6229,6805],"tags":[130972,162151,214023],"class_list":["post-256664","post","type-post","status-publish","format-standard","has-post-thumbnail","hentry","category-gundem","category-manset","category-moda","category-turkiye","tag-barbaros-sansal","tag-efkan-bolac","tag-istinaf-mahkemesi"],"acf":[],"_links":{"self":[{"href":"https:\/\/www.nationalturk.com\/tr\/wp-json\/wp\/v2\/posts\/256664","targetHints":{"allow":["GET"]}}],"collection":[{"href":"https:\/\/www.nationalturk.com\/tr\/wp-json\/wp\/v2\/posts"}],"about":[{"href":"https:\/\/www.nationalturk.com\/tr\/wp-json\/wp\/v2\/types\/post"}],"author":[{"embeddable":true,"href":"https:\/\/www.nationalturk.com\/tr\/wp-json\/wp\/v2\/users\/9192198"}],"replies":[{"embeddable":true,"href":"https:\/\/www.nationalturk.com\/tr\/wp-json\/wp\/v2\/comments?post=256664"}],"version-history":[{"count":0,"href":"https:\/\/www.nationalturk.com\/tr\/wp-json\/wp\/v2\/posts\/256664\/revisions"}],"wp:featuredmedia":[{"embeddable":true,"href":"https:\/\/www.nationalturk.com\/tr\/wp-json\/wp\/v2\/media\/247124"}],"wp:attachment":[{"href":"https:\/\/www.nationalturk.com\/tr\/wp-json\/wp\/v2\/media?parent=256664"}],"wp:term":[{"taxonomy":"category","embeddable":true,"href":"https:\/\/www.nationalturk.com\/tr\/wp-json\/wp\/v2\/categories?post=256664"},{"taxonomy":"post_tag","embeddable":true,"href":"https:\/\/www.nationalturk.com\/tr\/wp-json\/wp\/v2\/tags?post=256664"}],"curies":[{"name":"wp","href":"https:\/\/api.w.org\/{rel}","templated":true}]}}