{"id":256711,"date":"2017-11-09T10:10:52","date_gmt":"2017-11-09T07:10:52","guid":{"rendered":"http:\/\/www.nationalturk.com\/?p=256711"},"modified":"2017-11-09T10:10:52","modified_gmt":"2017-11-09T07:10:52","slug":"lucescu-cark-etti","status":"publish","type":"post","link":"https:\/\/www.nationalturk.com\/tr\/lucescu-cark-etti\/","title":{"rendered":"Lucescu \u00e7ark etti!"},"content":{"rendered":"<h2>A Milli Futbol Tak\u0131m\u0131 Teknik Direkt\u00f6r\u00fc Mircea Lucescu, Romanya ile oynanacak \u00f6zel ma\u00e7 \u00f6ncesi Dr. Constantin Radulescu Stad\u0131&#8217;nda milli oyuncu Hakan \u00c7alhano\u011flu ile bas\u0131n toplant\u0131s\u0131 d\u00fczenledi.<\/h2>\n<p>Mircea Lucescu, a\u00e7\u0131klamalar\u0131n\u0131n \u00f6nemli b\u00f6l\u00fcm\u00fcn\u00fc, La Gazzetta dello Sport&#8217;a verdi\u011fi r\u00f6portajdaki s\u00f6zleriyle ilgili sorulara ay\u0131rmak zorunda kald\u0131.<\/p>\n<p>Rumen teknik adam, S\u00fcper Lig&#8217;de sahadaki yabanc\u0131 oyuncu say\u0131s\u0131n\u0131 a\u015fa\u011f\u0131 \u00e7ekecekleri y\u00f6n\u00fcndeki s\u00f6zlerinin aktar\u0131lmas\u0131 \u00fczerine, &#8220;Ben yabanc\u0131 oyuncuya kar\u015f\u0131y\u0131m, demedim. Oldu\u011fu gibi kals\u0131n ama milli tak\u0131mdaki oyunculara daha fazla f\u0131rsat verilmesini istedim. Durum bu.&#8221; dedi.<\/p>\n<p>Lucescu, Romanya ile \u00f6zel bir m\u00fcsabaka oynayacaklar\u0131n\u0131 ve b\u00f6yle bir g\u00fcnde r\u00f6portaj\u0131yla ilgili konu\u015fman\u0131n hata oldu\u011funu belirtti. Rumen teknik adam, \u0130talyan gazetesine verdi\u011fi r\u00f6portajdaki &#8220;Federasyonla yabanc\u0131 say\u0131s\u0131na s\u0131n\u0131rlama getirece\u011fiz. Do\u011fu \u00fclkelerinde bunu yapmadan olmaz.&#8221; ifadesiyle ilgili \u015funlar\u0131 s\u00f6yledi:<\/p>\n<p>&#8220;Ben o r\u00f6portaj\u0131mda Bat\u0131 Avrupa ve Do\u011fu Avrupa \u00fclkeleri olarak s\u00f6yledim. Romanya, Polonya, Rusya, Ukrayna, Yunanistan gibi. Bu \u00fclkeler Do\u011fu Avrupa \u00fclkeleri. Ama bunu de\u011fi\u015fik bir \u015fekilde yorumlamak istiyorsan\u0131z, o zaman ba\u015fka. Benim s\u00f6yledi\u011fim bu. O r\u00f6portaj\u0131mda daha ilgin\u00e7 a\u00e7\u0131klamalar\u0131m vard\u0131. T\u00fcrkiye Ligi&#8217;nin ortalama ya\u015f\u0131 29-30 aras\u0131. Avrupa&#8217;n\u0131n ya\u015f ortalamas\u0131na g\u00f6re yukar\u0131da. T\u00fcrkiye&#8217;deki kadar yabanc\u0131 oyuncu Avrupa&#8217;da oynam\u0131yor. M\u00fccadeleci bir milli tak\u0131m\u0131 kiminle yapabilirim?&#8221;<\/p>\n<p>&#8220;Gen\u00e7leri \u00fcst seviyeye ta\u015f\u0131mak istiyorum&#8221;<br \/>\n\u0130yi futbolcular\u0131n 37 ya\u015f\u0131na kadar oynayabildi\u011fini belirten Rumen \u00e7al\u0131\u015ft\u0131r\u0131c\u0131, &#8220;Sakatl\u0131klar\u0131 nedeniyle gelmeyen \u00f6nemli isimler de oldu. \u0130leride gelecekler. Kul\u00fcplerinin oynatamad\u0131\u011f\u0131 gen\u00e7lere, ben milli tak\u0131mda f\u0131rsat vererek onlar\u0131 \u00fcst seviyeye ta\u015f\u0131mak istiyorum. Burada, kendi kul\u00fcplerinde daha fazla \u015fans bulmalar\u0131n\u0131 istiyorum.&#8221; diye konu\u015ftu.<\/p>\n<!-- Error, Advert is not available at this time due to schedule\/geolocation restrictions! -->\n","protected":false},"excerpt":{"rendered":"<p>A Milli Futbol Tak\u0131m\u0131 Teknik Direkt\u00f6r\u00fc Mircea Lucescu, Romanya ile oynanacak \u00f6zel ma\u00e7 \u00f6ncesi Dr. Constantin Radulescu Stad\u0131&#8217;nda milli oyuncu Hakan \u00c7alhano\u011flu ile bas\u0131n toplant\u0131s\u0131 d\u00fczenledi. Mircea Lucescu, a\u00e7\u0131klamalar\u0131n\u0131n \u00f6nemli b\u00f6l\u00fcm\u00fcn\u00fc, La Gazzetta dello Sport&#8217;a verdi\u011fi r\u00f6portajdaki s\u00f6zleriyle ilgili sorulara ay\u0131rmak zorunda kald\u0131. Rumen teknik adam, S\u00fcper Lig&#8217;de sahadaki yabanc\u0131 oyuncu say\u0131s\u0131n\u0131 a\u015fa\u011f\u0131 \u00e7ekecekleri y\u00f6n\u00fcndeki &hellip;<\/p>\n","protected":false},"author":4,"featured_media":256713,"comment_status":"open","ping_status":"open","sticky":false,"template":"","format":"standard","meta":{"_acf_changed":false,"footnotes":""},"categories":[6774,6155,5005,6194],"tags":[145416,6498,29440,5315,132994],"class_list":["post-256711","post","type-post","status-publish","format-standard","has-post-thumbnail","hentry","category-futbol","category-gundem","category-manset","category-spor","tag-hakan-calhanoglu","tag-milli-takim","tag-mircea-lucescu","tag-romanya","tag-yabanci-siniri"],"acf":[],"_links":{"self":[{"href":"https:\/\/www.nationalturk.com\/tr\/wp-json\/wp\/v2\/posts\/256711","targetHints":{"allow":["GET"]}}],"collection":[{"href":"https:\/\/www.nationalturk.com\/tr\/wp-json\/wp\/v2\/posts"}],"about":[{"href":"https:\/\/www.nationalturk.com\/tr\/wp-json\/wp\/v2\/types\/post"}],"author":[{"embeddable":true,"href":"https:\/\/www.nationalturk.com\/tr\/wp-json\/wp\/v2\/users\/4"}],"replies":[{"embeddable":true,"href":"https:\/\/www.nationalturk.com\/tr\/wp-json\/wp\/v2\/comments?post=256711"}],"version-history":[{"count":0,"href":"https:\/\/www.nationalturk.com\/tr\/wp-json\/wp\/v2\/posts\/256711\/revisions"}],"wp:featuredmedia":[{"embeddable":true,"href":"https:\/\/www.nationalturk.com\/tr\/wp-json\/wp\/v2\/media\/256713"}],"wp:attachment":[{"href":"https:\/\/www.nationalturk.com\/tr\/wp-json\/wp\/v2\/media?parent=256711"}],"wp:term":[{"taxonomy":"category","embeddable":true,"href":"https:\/\/www.nationalturk.com\/tr\/wp-json\/wp\/v2\/categories?post=256711"},{"taxonomy":"post_tag","embeddable":true,"href":"https:\/\/www.nationalturk.com\/tr\/wp-json\/wp\/v2\/tags?post=256711"}],"curies":[{"name":"wp","href":"https:\/\/api.w.org\/{rel}","templated":true}]}}