{"id":256729,"date":"2017-11-09T11:55:21","date_gmt":"2017-11-09T08:55:21","guid":{"rendered":"http:\/\/www.nationalturk.com\/?p=256729"},"modified":"2017-11-09T11:56:19","modified_gmt":"2017-11-09T08:56:19","slug":"iki-parti-anlasti-leyla-zananin-vekilligi-dusuyor","status":"publish","type":"post","link":"https:\/\/www.nationalturk.com\/tr\/iki-parti-anlasti-leyla-zananin-vekilligi-dusuyor\/","title":{"rendered":"\u0130ki parti anla\u015ft\u0131&#8230; Leyla Zana&#8217;n\u0131n vekilli\u011fi d\u00fc\u015f\u00fcyor"},"content":{"rendered":"<h2>HDP&#8217;li Leyla Zana&#8217;n\u0131n milletvekilli\u011finin d\u00fc\u015f\u00fcr\u00fclmesi oylamas\u0131nda AK Parti, CHP ve HDP \u00fcyelerinden kurulu 5 ki\u015filik komisyondan CHP ve AK Partili \u00fcyelerin oyuyla 4\u2019e 1 \u201cd\u00fc\u015f\u00fcr\u00fcls\u00fcn\u201d y\u00f6n\u00fcnde karar \u00e7\u0131kt\u0131.<\/h2>\n<p>TBMM Ba\u015fkanl\u0131k Divan\u0131, yemin etmedi\u011fi i\u00e7in Meclis \u00e7al\u0131\u015fmalar\u0131na kat\u0131lamayan HDP A\u011fr\u0131 Milletvekili Leyla Zana\u2019n\u0131n \u201cdevams\u0131zl\u0131\u011f\u0131 nedeniyle milletvekilli\u011finin d\u00fc\u015f\u00fcr\u00fclmesine\u201d ili\u015fkin dosyay\u0131, Anayasa ve Adalet Komisyonlar\u0131n\u0131n \u00fcyelerinden kurulu Karma Komisyon\u2019a sevk etti.<\/p>\n<p>17 Ekim Sal\u0131 g\u00fcn\u00fc toplanan Karma Komisyon, dosya \u00fczerinde \u00e7al\u0131\u015f\u0131lmas\u0131 i\u00e7in Haz\u0131rl\u0131k Komisyonu kurdu. Milliyet&#8217;in haberine g\u00f6re, Haz\u0131rl\u0131k Komisyonu \u00e7al\u0131\u015fmas\u0131n\u0131 tamamlad\u0131. AK Parti, CHP ve HDP \u00fcyelerinden kurulu 5 ki\u015filik komisyonda AK Parti ve CHP\u2019li \u00fcyeler ba\u015fkanl\u0131k tezkeresi y\u00f6n\u00fcnde oy kullan\u0131rken, HDP&#8217;li \u00fcye \u015ferh d\u00fc\u015ft\u00fc b\u00f6ylece 4\u2019e 1 \u201cd\u00fc\u015f\u00fcr\u00fcls\u00fcn\u201d y\u00f6n\u00fcnde oy \u00e7\u0131kt\u0131.<\/p>\n<p>Karar TBMM Genel Kurulu&#8217;nda oyland\u0131ktan sonra kesinle\u015fecek.<\/p>\n<!-- Error, Advert is not available at this time due to schedule\/geolocation restrictions! -->\n","protected":false},"excerpt":{"rendered":"<p>HDP&#8217;li Leyla Zana&#8217;n\u0131n milletvekilli\u011finin d\u00fc\u015f\u00fcr\u00fclmesi oylamas\u0131nda AK Parti, CHP ve HDP \u00fcyelerinden kurulu 5 ki\u015filik komisyondan CHP ve AK Partili \u00fcyelerin oyuyla 4\u2019e 1 \u201cd\u00fc\u015f\u00fcr\u00fcls\u00fcn\u201d y\u00f6n\u00fcnde karar \u00e7\u0131kt\u0131. TBMM Ba\u015fkanl\u0131k Divan\u0131, yemin etmedi\u011fi i\u00e7in Meclis \u00e7al\u0131\u015fmalar\u0131na kat\u0131lamayan HDP A\u011fr\u0131 Milletvekili Leyla Zana\u2019n\u0131n \u201cdevams\u0131zl\u0131\u011f\u0131 nedeniyle milletvekilli\u011finin d\u00fc\u015f\u00fcr\u00fclmesine\u201d ili\u015fkin dosyay\u0131, Anayasa ve Adalet Komisyonlar\u0131n\u0131n \u00fcyelerinden kurulu Karma &hellip;<\/p>\n","protected":false},"author":9192198,"featured_media":224832,"comment_status":"open","ping_status":"open","sticky":false,"template":"","format":"standard","meta":{"_acf_changed":false,"footnotes":""},"categories":[5005,349,6805],"tags":[9476,8723,11200,6871],"class_list":["post-256729","post","type-post","status-publish","format-standard","has-post-thumbnail","hentry","category-manset","category-son-dakika","category-turkiye","tag-akp","tag-chp","tag-leyla-zana","tag-tbmm"],"acf":[],"_links":{"self":[{"href":"https:\/\/www.nationalturk.com\/tr\/wp-json\/wp\/v2\/posts\/256729","targetHints":{"allow":["GET"]}}],"collection":[{"href":"https:\/\/www.nationalturk.com\/tr\/wp-json\/wp\/v2\/posts"}],"about":[{"href":"https:\/\/www.nationalturk.com\/tr\/wp-json\/wp\/v2\/types\/post"}],"author":[{"embeddable":true,"href":"https:\/\/www.nationalturk.com\/tr\/wp-json\/wp\/v2\/users\/9192198"}],"replies":[{"embeddable":true,"href":"https:\/\/www.nationalturk.com\/tr\/wp-json\/wp\/v2\/comments?post=256729"}],"version-history":[{"count":0,"href":"https:\/\/www.nationalturk.com\/tr\/wp-json\/wp\/v2\/posts\/256729\/revisions"}],"wp:featuredmedia":[{"embeddable":true,"href":"https:\/\/www.nationalturk.com\/tr\/wp-json\/wp\/v2\/media\/224832"}],"wp:attachment":[{"href":"https:\/\/www.nationalturk.com\/tr\/wp-json\/wp\/v2\/media?parent=256729"}],"wp:term":[{"taxonomy":"category","embeddable":true,"href":"https:\/\/www.nationalturk.com\/tr\/wp-json\/wp\/v2\/categories?post=256729"},{"taxonomy":"post_tag","embeddable":true,"href":"https:\/\/www.nationalturk.com\/tr\/wp-json\/wp\/v2\/tags?post=256729"}],"curies":[{"name":"wp","href":"https:\/\/api.w.org\/{rel}","templated":true}]}}