{"id":256732,"date":"2017-11-09T12:19:21","date_gmt":"2017-11-09T09:19:21","guid":{"rendered":"http:\/\/www.nationalturk.com\/?p=256732"},"modified":"2017-11-09T12:19:21","modified_gmt":"2017-11-09T09:19:21","slug":"en-iyi-takim-besiktas-ama-galatasaray-sampiyon-olur","status":"publish","type":"post","link":"https:\/\/www.nationalturk.com\/tr\/en-iyi-takim-besiktas-ama-galatasaray-sampiyon-olur\/","title":{"rendered":"&#8220;En iyi tak\u0131m Be\u015fikta\u015f ama Galatasaray \u015fampiyon olur&#8221;"},"content":{"rendered":"<h2>Kas\u0131mpa\u015fa&#8217;n\u0131n \u00c7ek futbolcusu David Pavelka, S\u00fcper Lig&#8217;deki \u015fampiyonluk yar\u0131\u015f\u0131nda Galatasaray&#8217;\u0131 favori g\u00f6rd\u00fc\u011f\u00fcn\u00fc s\u00f6yledi.<\/h2>\n<p>Milli ma\u00e7lar sebebiyle lige verilen arada haz\u0131rl\u0131klar\u0131n\u0131 s\u00fcrd\u00fcren Kas\u0131mpa\u015fa&#8217;n\u0131n 26 ya\u015f\u0131ndaki orta saha oyuncusu, AA muhabirine a\u00e7\u0131klamalarda bulundu.<\/p>\n<p>Pavelka, ligde geride kalan 11 hafta sonunda sezon ba\u015f\u0131nda hedefledikleri pozisyonda olamad\u0131klar\u0131n\u0131 belirtti.<\/p>\n<p>Kas\u0131mpa\u015fa&#8217;n\u0131n yetenekli oyunculardan kurulu \u00e7ok iyi bir kadroya sahip oldu\u011funu anlatan Pavelka, ligdeki \u015fampiyonluk favorisiyle ilgili \u015fu ifadeleri kulland\u0131:<\/p>\n<p>&#8220;Galatasaray \u015fu anda olduk\u00e7a iyi gidiyor. Galatasaray&#8217;\u0131n iyi bir form durumu var. Ayn\u0131 zamanda UEFA Avrupa Ligi&#8217;nde veya UEFA \u015eampiyonlar Ligi&#8217;nde de oynam\u0131yorlar. O y\u00fczden \u015fampiyonluk yar\u0131\u015f\u0131nda Galatasaray&#8217;\u0131 \u015fansl\u0131 g\u00f6r\u00fcyorum.&#8221;<\/p>\n<p>Be\u015fikta\u015f&#8217;a \u00f6vg\u00fc<br \/>\nDavid Pavelka, ligde \u015fampiyonluk yar\u0131\u015f\u0131nda bu sezon Galatasaray&#8217;\u0131 favori g\u00f6rmesine ra\u011fmen Be\u015fikta\u015f&#8217;a kar\u015f\u0131 oynamaktan daha fazla keyif ald\u0131\u011f\u0131n\u0131 dile getirdi.<\/p>\n<p>\u00c7ekya&#8217;dan T\u00fcrkiye&#8217;ye gelmenin kendisi i\u00e7in zor bir karar oldu\u011funu anlatan orta saha oyuncusu, S\u00fcper Lig&#8217;de \u00e7ok kaliteli tak\u0131mlar bulundu\u011funu aktard\u0131.<\/p>\n<p>S\u00fcper Lig&#8217;in \u00fclkesinde fazla takip edilmedi\u011fini ve Kas\u0131mpa\u015fa&#8217;ya geldi\u011finde neyle kar\u015f\u0131la\u015faca\u011f\u0131n\u0131 bilmedi\u011fini vurgulayan Pavelka, &#8220;S\u00fcper Lig her sene daha iyiye gidiyor. Ligdeki kalitenin \u00fcst d\u00fczey oldu\u011funu d\u00fc\u015f\u00fcn\u00fcyorum. B\u00fcy\u00fck tak\u0131mlar da ma\u00e7lar kaybedebiliyor. Neden oldu\u011funu bilmedi\u011fim bir \u015fekilde Be\u015fikta\u015f&#8217;a kar\u015f\u0131 oynamaktan fazlas\u0131yla keyif al\u0131yorum. Bence ligdeki en iyi ve en b\u00fcy\u00fck tak\u0131m Be\u015fikta\u015f. Be\u015fikta\u015f&#8217;a kar\u015f\u0131 oynamak daha fazla keyif veriyor.&#8221; diye konu\u015ftu.<\/p>\n<p>Kas\u0131mpa\u015fa&#8217;n\u0131n lige iyi bir ba\u015flang\u0131\u00e7 yapt\u0131\u011f\u0131n\u0131 ancak \u015fu anda bulunduklar\u0131 konumun beklentilerinin d\u0131\u015f\u0131nda oldu\u011funu kaydeden Pavelka, \u015f\u00f6yle devam etti:<\/p>\n<p>&#8220;Umar\u0131m bu k\u00f6t\u00fc zamanlar\u0131 arkam\u0131zda b\u0131rakaca\u011f\u0131z. Daha iyi i\u015fler yaparak hedefledi\u011fimiz yere ula\u015faca\u011f\u0131z. \u00c7ok tecr\u00fcbeli bir tak\u0131m de\u011filiz. Ayn\u0131 zamanda \u015fanss\u0131z anlar da ya\u015fad\u0131k. \u00d6zellikle son d\u00f6nemde tak\u0131m olarak ne yapabilece\u011fimizi ma\u00e7lar\u0131n tamam\u0131nda olmasa da b\u00f6l\u00fcm b\u00f6l\u00fcm g\u00f6sterebildik ve istedi\u011fimiz performans\u0131 sahaya yans\u0131tabildik. Son dakikada yedi\u011fimiz goller ya da bu ya\u015fad\u0131\u011f\u0131m\u0131z \u015fanss\u0131z anlar hakk\u0131nda kendimizi biraz daha geli\u015ftirebilir ve bunu durdurabilirsek daha fazla puan kazanarak yukar\u0131lara do\u011fru t\u0131rmanaca\u011f\u0131m\u0131za inan\u0131yorum.&#8221;<\/p>\n<p>&#8220;T\u00fcrkiye&#8217;nin D\u00fcnya Kupas\u0131&#8217;na kat\u0131lamamas\u0131 \u015fa\u015f\u0131rt\u0131c\u0131yd\u0131&#8221;<br \/>\nDavid Pavelka, T\u00fcrkiye&#8217;nin 2018 FIFA D\u00fcnya Kupas\u0131&#8217;na kat\u0131lamamas\u0131n\u0131n kendisini \u00e7ok \u015fa\u015f\u0131rtt\u0131\u011f\u0131n\u0131 s\u00f6yledi.<\/p>\n<p>\u00c7ekya&#8217;n\u0131n en iyi jenerasyonunun sonuna geldi\u011fini ve bu sebeple yeni oyuncularla yeni bir tak\u0131m kuruldu\u011funu ifade eden Pavelka, &#8220;\u00c7ekya bu y\u00fczden D\u00fcnya Kupas\u0131&#8217;na gidemedi belki ama T\u00fcrkiye&#8217;nin D\u00fcnya Kupas\u0131&#8217;na kat\u0131lamamas\u0131 benim i\u00e7in olduk\u00e7a b\u00fcy\u00fck bir s\u00fcrpriz oldu. T\u00fcrkiye&#8217;nin, bu kadar \u00fcnl\u00fc oyunculara sahipken D\u00fcnya Kupas\u0131&#8217;na kat\u0131lamamas\u0131 beni \u015fa\u015f\u0131rtt\u0131.&#8221; de\u011ferlendirmesinde bulundu.<\/p>\n<p>VAR sistemi<br \/>\nPavelka, hakem kararlar\u0131 ve Video Yard\u0131mc\u0131 Hakem (VAR) sistemi ile ilgili olarak ise \u015funlar\u0131 kaydetti:<\/p>\n<p>&#8220;Hakemlerin k\u00f6t\u00fc kararlar\u0131ndan dolay\u0131 baz\u0131 puanlar kaybetti\u011fimizi d\u00fc\u015f\u00fcn\u00fcyorum ama son kar\u015f\u0131la\u015fmada 2-0 \u00f6ndeyken, fark\u0131 3&#8217;e \u00e7\u0131karacak pozisyonlar\u0131 da yakalam\u0131\u015ft\u0131k. Ma\u00e7\u0131 bitiremedi\u011finiz zamanlarda b\u00f6yle \u015feyler ba\u015f\u0131n\u0131za gelebiliyor. Hakemlerde ayn\u0131 futbolcular gibi saha i\u00e7erisinde hatalar yapabiliyor. E\u011fer Video Yard\u0131mc\u0131 Hakem sistemi hakemin hata yapmas\u0131n\u0131 engelleyecekse, kullan\u0131lmas\u0131 gerekti\u011fini d\u00fc\u015f\u00fcn\u00fcyorum.&#8221;<\/p>\n<!-- Error, Advert is not available at this time due to schedule\/geolocation restrictions! -->\n","protected":false},"excerpt":{"rendered":"<p>Kas\u0131mpa\u015fa&#8217;n\u0131n \u00c7ek futbolcusu David Pavelka, S\u00fcper Lig&#8217;deki \u015fampiyonluk yar\u0131\u015f\u0131nda Galatasaray&#8217;\u0131 favori g\u00f6rd\u00fc\u011f\u00fcn\u00fc s\u00f6yledi. Milli ma\u00e7lar sebebiyle lige verilen arada haz\u0131rl\u0131klar\u0131n\u0131 s\u00fcrd\u00fcren Kas\u0131mpa\u015fa&#8217;n\u0131n 26 ya\u015f\u0131ndaki orta saha oyuncusu, AA muhabirine a\u00e7\u0131klamalarda bulundu. Pavelka, ligde geride kalan 11 hafta sonunda sezon ba\u015f\u0131nda hedefledikleri pozisyonda olamad\u0131klar\u0131n\u0131 belirtti. Kas\u0131mpa\u015fa&#8217;n\u0131n yetenekli oyunculardan kurulu \u00e7ok iyi bir kadroya sahip oldu\u011funu anlatan &hellip;<\/p>\n","protected":false},"author":4,"featured_media":256733,"comment_status":"open","ping_status":"open","sticky":false,"template":"","format":"standard","meta":{"_acf_changed":false,"footnotes":""},"categories":[6774,6155,5005,6194],"tags":[1748,4114,7635],"class_list":["post-256732","post","type-post","status-publish","format-standard","has-post-thumbnail","hentry","category-futbol","category-gundem","category-manset","category-spor","tag-besiktas","tag-galatasaray","tag-kasimpasa"],"acf":[],"_links":{"self":[{"href":"https:\/\/www.nationalturk.com\/tr\/wp-json\/wp\/v2\/posts\/256732","targetHints":{"allow":["GET"]}}],"collection":[{"href":"https:\/\/www.nationalturk.com\/tr\/wp-json\/wp\/v2\/posts"}],"about":[{"href":"https:\/\/www.nationalturk.com\/tr\/wp-json\/wp\/v2\/types\/post"}],"author":[{"embeddable":true,"href":"https:\/\/www.nationalturk.com\/tr\/wp-json\/wp\/v2\/users\/4"}],"replies":[{"embeddable":true,"href":"https:\/\/www.nationalturk.com\/tr\/wp-json\/wp\/v2\/comments?post=256732"}],"version-history":[{"count":0,"href":"https:\/\/www.nationalturk.com\/tr\/wp-json\/wp\/v2\/posts\/256732\/revisions"}],"wp:featuredmedia":[{"embeddable":true,"href":"https:\/\/www.nationalturk.com\/tr\/wp-json\/wp\/v2\/media\/256733"}],"wp:attachment":[{"href":"https:\/\/www.nationalturk.com\/tr\/wp-json\/wp\/v2\/media?parent=256732"}],"wp:term":[{"taxonomy":"category","embeddable":true,"href":"https:\/\/www.nationalturk.com\/tr\/wp-json\/wp\/v2\/categories?post=256732"},{"taxonomy":"post_tag","embeddable":true,"href":"https:\/\/www.nationalturk.com\/tr\/wp-json\/wp\/v2\/tags?post=256732"}],"curies":[{"name":"wp","href":"https:\/\/api.w.org\/{rel}","templated":true}]}}