{"id":256777,"date":"2017-11-09T18:26:11","date_gmt":"2017-11-09T15:26:11","guid":{"rendered":"http:\/\/www.nationalturk.com\/?p=256777"},"modified":"2017-11-09T18:26:11","modified_gmt":"2017-11-09T15:26:11","slug":"turk-is-adamina-katarda-ekmekten-gozalti","status":"publish","type":"post","link":"https:\/\/www.nationalturk.com\/tr\/turk-is-adamina-katarda-ekmekten-gozalti\/","title":{"rendered":"T\u00fcrk i\u015f adam\u0131na Katar&#8217;da &#8216;ekmek&#8217;ten g\u00f6zalt\u0131!"},"content":{"rendered":"<h2>Katar&#8217;da d\u00fczenlenen g\u0131da fuar\u0131na kat\u0131lan i\u015f adam\u0131 tam tah\u0131ll\u0131 lava\u015f \u00fcr\u00fcn\u00fcn\u00fcn i\u00e7inde &#8216;ha\u015fha\u015f&#8217; oldu\u011fu gerek\u00e7esiyle \u00fclkeye uyu\u015fturucu sokmaktan g\u00f6zalt\u0131na al\u0131nd\u0131.<\/h2>\n<p>7-9 Kas\u0131m tarihlerinde Katar&#8217;da d\u00fczenlenen ve Aksular G\u0131da \u015firketinin kat\u0131l\u0131mc\u0131 oldu\u011fu Food Hospitality Qatar 2017 Fuar\u0131&#8217;na gitmekte olan \u015firketin genel m\u00fcd\u00fcr\u00fc \u00c7a\u011flar Aksu, Katar&#8217;\u0131n narkotik polisi taraf\u0131ndan d\u00fcn tutukland\u0131\u011f\u0131n\u0131 bildirdi.<\/p>\n<p>Lava\u015f ekme\u011fi (Mexican tortilla) ve \u00e7e\u015fitleri, kurabiye, mant\u0131, kemalpa\u015fa, \u015fekerpare, g\u00fclla\u00e7, haz\u0131r toz \u00e7orba \u00e7e\u015fitleri, baklaval\u0131k ve b\u00f6reklik yufka, kaday\u0131f, k\u00fcnefe, chapati ekme\u011fi gibi \u00fcr\u00fcnlerini fuarda sergileyecek olan \u015firket y\u00f6neticisinin \u00fclkeye giri\u015finde sorun \u00e7\u0131kart\u0131lan \u00fcr\u00fcn ise tam tah\u0131ll\u0131 Mexican tortilla\/tam tah\u0131ll\u0131 lava\u015f ekme\u011fi oldu.<\/p>\n<p>H\u00fcrriyet&#8217;in haberine g\u00f6re, fuar i\u00e7in g\u00f6nderilen 50-60 \u00e7e\u015fit \u00fcr\u00fcnden bir tanesi olan tam tah\u0131ll\u0131 ekmek \u00fcr\u00fcn\u00fcn i\u00e7inde ha\u015fha\u015f bulunmas\u0131 sebebiyle tutuklanan Aksu, g\u00f6zalt\u0131 \u015fartlar\u0131n\u0131n \u00e7ok k\u00f6t\u00fc oldu\u011funu s\u00f6yledi.<\/p>\n<h3>&#8220;\u015eiddet uygulad\u0131lar&#8221;<\/h3>\n<p>Aksu, &#8220;T\u00fcm g\u00fcn boyunca farelerin oldu\u011fu, yataklar\u0131n idrar ve d\u0131\u015fk\u0131 koktu\u011fu, i\u011fren\u00e7 bir h\u00fccrede, insanl\u0131\u011fa ve karde\u015fli\u011fe yak\u0131\u015fmayan \u015fartlarda g\u00f6zalt\u0131nda tutuldum. Fiziksel ve psikolojik \u015fiddet uygulad\u0131lar, konsoloslukla g\u00f6r\u00fc\u015fmeme izin vermediler, avukat tutmama izin vermediler. \u00c7evremden herhangi birine bilgi vermeme izin vermeden kolumdan tutup zorla Arap\u00e7a yaz\u0131l\u0131 belgelerin alt\u0131na parmak bast\u0131rmak suretiyle imza att\u0131rd\u0131lar. Bunu yapanlar uyu\u015fturucu ve ka\u00e7ak\u00e7\u0131l\u0131ktan sorumlu emniyet biriminin 8 Kas\u0131m 2017 tarihinde 07:00-17:00 saatleri aras\u0131nda g\u00f6revli t\u00fcm polis memurlar\u0131d\u0131r.&#8221; ifadelerini kulland\u0131.<\/p>\n<p>T\u00fcrk i\u015f adam\u0131 serbest b\u0131rak\u0131ld\u0131ktan sonra &#8220;Ya\u015fad\u0131\u011f\u0131m olayla birlikte g\u00f6r\u00fcnen o ki; Katar bas\u0131nda yans\u0131t\u0131ld\u0131\u011f\u0131 gibi T\u00fcrklere kar\u015f\u0131 dost de\u011fil, karde\u015f hi\u00e7 de\u011fildir&#8221; s\u00f6zleriyle sitemini dile getirdi.<\/p>\n<!-- Error, Advert is not available at this time due to schedule\/geolocation restrictions! -->\n","protected":false},"excerpt":{"rendered":"<p>Katar&#8217;da d\u00fczenlenen g\u0131da fuar\u0131na kat\u0131lan i\u015f adam\u0131 tam tah\u0131ll\u0131 lava\u015f \u00fcr\u00fcn\u00fcn\u00fcn i\u00e7inde &#8216;ha\u015fha\u015f&#8217; oldu\u011fu gerek\u00e7esiyle \u00fclkeye uyu\u015fturucu sokmaktan g\u00f6zalt\u0131na al\u0131nd\u0131. 7-9 Kas\u0131m tarihlerinde Katar&#8217;da d\u00fczenlenen ve Aksular G\u0131da \u015firketinin kat\u0131l\u0131mc\u0131 oldu\u011fu Food Hospitality Qatar 2017 Fuar\u0131&#8217;na gitmekte olan \u015firketin genel m\u00fcd\u00fcr\u00fc \u00c7a\u011flar Aksu, Katar&#8217;\u0131n narkotik polisi taraf\u0131ndan d\u00fcn tutukland\u0131\u011f\u0131n\u0131 bildirdi. Lava\u015f ekme\u011fi (Mexican tortilla) ve &hellip;<\/p>\n","protected":false},"author":9192198,"featured_media":256778,"comment_status":"open","ping_status":"open","sticky":false,"template":"","format":"standard","meta":{"_acf_changed":false,"footnotes":""},"categories":[6199,6155,6748,5005,6772,349],"tags":[41637,853],"class_list":["post-256777","post","type-post","status-publish","format-standard","has-post-thumbnail","hentry","category-ekonomi","category-gundem","category-is-dunyasi","category-manset","category-ortadogu","category-son-dakika","tag-hashas","tag-katar"],"acf":[],"_links":{"self":[{"href":"https:\/\/www.nationalturk.com\/tr\/wp-json\/wp\/v2\/posts\/256777","targetHints":{"allow":["GET"]}}],"collection":[{"href":"https:\/\/www.nationalturk.com\/tr\/wp-json\/wp\/v2\/posts"}],"about":[{"href":"https:\/\/www.nationalturk.com\/tr\/wp-json\/wp\/v2\/types\/post"}],"author":[{"embeddable":true,"href":"https:\/\/www.nationalturk.com\/tr\/wp-json\/wp\/v2\/users\/9192198"}],"replies":[{"embeddable":true,"href":"https:\/\/www.nationalturk.com\/tr\/wp-json\/wp\/v2\/comments?post=256777"}],"version-history":[{"count":0,"href":"https:\/\/www.nationalturk.com\/tr\/wp-json\/wp\/v2\/posts\/256777\/revisions"}],"wp:featuredmedia":[{"embeddable":true,"href":"https:\/\/www.nationalturk.com\/tr\/wp-json\/wp\/v2\/media\/256778"}],"wp:attachment":[{"href":"https:\/\/www.nationalturk.com\/tr\/wp-json\/wp\/v2\/media?parent=256777"}],"wp:term":[{"taxonomy":"category","embeddable":true,"href":"https:\/\/www.nationalturk.com\/tr\/wp-json\/wp\/v2\/categories?post=256777"},{"taxonomy":"post_tag","embeddable":true,"href":"https:\/\/www.nationalturk.com\/tr\/wp-json\/wp\/v2\/tags?post=256777"}],"curies":[{"name":"wp","href":"https:\/\/api.w.org\/{rel}","templated":true}]}}