{"id":256828,"date":"2017-11-10T15:22:48","date_gmt":"2017-11-10T12:22:48","guid":{"rendered":"http:\/\/www.nationalturk.com\/?p=256828"},"modified":"2017-11-10T15:26:58","modified_gmt":"2017-11-10T12:26:58","slug":"talisca-insanlarin-tarihlerine-sahip-cikmasi-cok-guzel","status":"publish","type":"post","link":"https:\/\/www.nationalturk.com\/tr\/talisca-insanlarin-tarihlerine-sahip-cikmasi-cok-guzel\/","title":{"rendered":"Talisca: \u0130nsanlar\u0131n tarihlerine sahip \u00e7\u0131kmas\u0131 \u00e7ok g\u00fczel"},"content":{"rendered":"<h2>Be\u015fikta\u015f&#8217;\u0131n y\u0131ld\u0131z\u0131 Anderson Talisca, gelece\u011fi hakk\u0131nda \u00f6nemli a\u00e7\u0131klamalarda bulunurken, 10 Kas\u0131m nedeniyle ilgili haberleri okudu\u011funu belirterek, &#8220;\u0130nsanlar\u0131n ara\u00e7lar\u0131ndan inip sayg\u0131 duru\u015funa ge\u00e7melerine \u015fa\u015f\u0131rd\u0131m&#8221; dedi.<\/h2>\n<p>Siyah-beyazl\u0131 kul\u00fcb\u00fcn y\u0131ld\u0131z\u0131 Anderson Talisca, NTV Spor&#8217;da \u00e7ok \u00f6nemli a\u00e7\u0131klamalarda bulundu. Atat\u00fcrk&#8217;\u00fcn \u00f6l\u00fcm y\u0131l d\u00f6n\u00fcm\u00fcnde g\u00f6rd\u00fcg\u00fckleri kar\u015f\u0131s\u0131nda \u015fa\u015f\u0131rd\u0131\u011f\u0131n\u0131 itiraf eden Talisca, &#8220;Trafikte insanlar\u0131n ara\u00e7lar\u0131ndan inip haz\u0131r ol duru\u015funa ge\u00e7mesine \u015fa\u015f\u0131rd\u0131m. Daha sonra 10 Kas\u0131m ile ilgili bilgileri \u00f6\u011frendim. \u0130nsanlar\u0131n tarihlerine sahip \u00e7\u0131kmas\u0131 \u00e7ok g\u00fczel. \u0130nsanlar T\u00fcrkiye&#8217;de tehlike var diyordu ancak burada tehlike yok. Ailem burada \u00e7ok mutlu. Yemekler de \u00e7ok g\u00fczel&#8221; ifadelerini kulland\u0131.<\/p>\n<h3>&#8220;\u0130lk tercihim Be\u015fikta\u015f&#8221;<\/h3>\n<p>Tak\u0131m\u0131ndan \u00e7ok memnun oldu\u011funu s\u00f6yleyen Talisca, tercihinin Be\u015fikta\u015f oldu\u011funu belirterek, &#8220;Gelecek ile ilgili \u00e7ok fazla plan yapm\u0131yorum. B\u00fcy\u00fck kul\u00fcpler, b\u00fcy\u00fck antren\u00f6rlerin ilgisi beni mutlu ediyor ama \u015fu anda Be\u015fikta\u015f&#8217;\u0131n oyuncusuyum ve Be\u015fikta\u015f&#8217;a minnettar\u0131m. Elimden geldi\u011fi kadar Be\u015fikta\u015f&#8217;\u0131n \u015ferefli formas\u0131n\u0131 terletmek istiyorum. Birinci tercihim Be\u015fikta\u015f&#8217;ta kalmak. Ama durumum biraz kar\u0131\u015f\u0131k.<\/p>\n<p>Kul\u00fcplerin birbirini anlamas\u0131 gerekiyor. Benfica beni anlar m\u0131? Bilemiyorum. Ben ne kadar istesem de kendi iste\u011fimin bir sonuca ula\u015fmayaca\u011f\u0131n\u0131 biliyorum.Benfica ile maa\u015f sorunum vard\u0131. Be\u015fikta\u015f formas\u0131yla orada att\u0131\u011f\u0131m golden sonra hissettiklerimi s\u00f6yledim. Taraftarlar do\u011fal olarak k\u0131zd\u0131. Fakat y\u00f6neticilerin yapt\u0131klar\u0131 benim \u00f6zel hayat\u0131m\u0131 etkilemi\u015fti&#8221; dedi.<\/p>\n<h4>&#8220;Haks\u0131zl\u0131\u011fa u\u011frad\u0131m&#8221;<\/h4>\n<p>Portekiz kul\u00fcb\u00fc taraf\u0131ndan haks\u0131zl\u0131\u011fa u\u011frad\u0131\u011f\u0131n\u0131n alt\u0131n\u0131 \u00e7izen Brezilyal\u0131 y\u0131ld\u0131z, &#8220;Benfica&#8217;n\u0131n g\u00f6zlemcisi beni ke\u015ffetti ve Benfica&#8217;ya kazand\u0131rd\u0131.Portekiz Avrupa&#8217;ya giri\u015f i\u00e7in \u00e7ok \u00f6nemli bir \u00fclke, ve Benfica da \u00e7ok b\u00fcy\u00fck bir tak\u0131m. Asl\u0131nda Benfica&#8217;da iyi bir sene ge\u00e7irdim ama ikinci y\u0131l\u0131mda teknik direkt\u00f6r de\u011fi\u015fikli\u011fi nedeniyle forma \u015fans\u0131n\u0131 bulamad\u0131m. Orada haks\u0131zl\u0131\u011fa u\u011frad\u0131m. Be\u015fikta\u015f&#8217;\u0131n bana verdi\u011fi \u015fans kadar orada \u015fans verilseydi \u00e7ok daha ba\u015far\u0131l\u0131 olabilirdim&#8221; diye konu\u015ftu.<\/p>\n<h5>Devler Ligi&#8217;nde hataya yer yok<\/h5>\n<p>Aboubakar&#8217;\u0131n b\u00fcy\u00fck bir golc\u00fc oldu\u011funu vurgulayan Anderson Talisca, &#8220;Ma\u00e7tan sonra bizim soyunma odam\u0131za gelmesi ele\u015ftirildi ama \u00e7ok iyi arkada\u015fl\u0131\u011f\u0131m\u0131z vard\u0131. Ona haks\u0131zl\u0131k yap\u0131ld\u0131. \u015eampiyonlar Ligi en y\u00fcksek seviyedeki \u015fampiyona. Fizik, zeka ve mental olarak en y\u00fcksek seviyeyi ortaya koyman\u0131z laz\u0131m. \u015eampiyonlar Ligi&#8217;nde hataya yer yok. \u015eampiyonlar Ligi bayra\u011f\u0131 dalgalanmaya ba\u015flad\u0131\u011f\u0131nda farkl\u0131 bir his yarat\u0131yor&#8221; \u015feklinde konu\u015ftu.<\/p>\n<h6>&#8220;Caner ile sorunumuz yok&#8221;<\/h6>\n<p>&#8220;Hedeflerimize ad\u0131m ad\u0131m ilerliyoruz&#8221; diyen Be\u015fikta\u015f&#8217;\u0131n y\u0131ld\u0131z futbolcusu, &#8220;. Ge\u00e7en sene ya\u015fad\u0131\u011f\u0131m sakatl\u0131k beni baya\u011f\u0131 geride b\u0131rakt\u0131 ama 17 gol atmam m\u00fckemmel bir \u015fey. Bu sene de \u00e7al\u0131\u015fmalara devam edip daha iyi olmak istiyorum. Kafa golleri atmaya T\u00fcrkiye&#8217;de ba\u015flad\u0131m, daha \u00f6nce hi\u00e7 kafa gol\u00fcm yoktu. Bunu \u015eenol Hoca ke\u015ffetti. Kendi kendime \u015fa\u015f\u0131r\u0131yorum. Benfica ve Bahia&#8217;da bu kadar \u00f6nde de hi\u00e7 oynamam\u0131\u015ft\u0131m.<\/p>\n<p>Caner ile aram\u0131zda \u015fu an hi\u00e7bir sorun yok. Ayn\u0131 tak\u0131m i\u00e7in ayn\u0131 hedefler i\u00e7in \u00e7al\u0131\u015fan oyuncular aras\u0131nda bu tip \u015feyler ya\u015fan\u0131r. Ligde 4 ma\u00e7 kazanamamam\u0131z bizim i\u00e7in farkl\u0131 bir deneyim oldu. O ma\u00e7larda \u015fanss\u0131zl\u0131klar da ya\u015fad\u0131k. Ama bu durumu atlatt\u0131k&#8221; ifadelerini kulland\u0131.<\/p>\n<h6>&#8220;Negredo ile ili\u015fkimiz daha iyi&#8221;<\/h6>\n<p>Brezilyal\u0131 y\u0131ld\u0131z, &#8220;Hocan\u0131n koydu\u011fu her yerde oynar\u0131m ama kendimi rahat hissetti\u011fim mevki forvetin arkas\u0131d\u0131r. Hoca e\u011fer ba\u015fka pozisyonda oynamam\u0131 talep ederse seve seve oynar\u0131m. Beni \u00e7izgiye koydu\u011funda \u00e7izgi oyuncusunun performans\u0131 gibi performans g\u00f6steremem. B\u00fcy\u00fck oyuncularla oynamay\u0131 tercih ederdim. B\u00fcy\u00fck oyuncularla oynad\u0131\u011f\u0131n\u0131zda o y\u00fcksek \u00fccretlere zaten gelirsiniz. \u0130yi \u00e7al\u0131\u015ft\u0131ktan sonra, i\u015fler iyi y\u00f6netildikten sonra s\u0131k\u0131nt\u0131 olmaz. Yeni transferler her ge\u00e7en daha fazla anla\u015f\u0131yorlar. \u0130kisi de b\u00fcy\u00fck oyuncular. Negredo ile dilden dolay\u0131 ili\u015fkimiz daha iyi. G\u00fcn ge\u00e7tik\u00e7e daha iyi olacakt\u0131r&#8221; dedi.<\/p>\n<h6>&#8220;Sizde m\u00fccadele eksikli\u011fi var&#8221;<\/h6>\n<p>&#8220;Trabzonspor formas\u0131 giyen Yusuf Yaz\u0131c\u0131&#8217;n\u0131n b\u00fcy\u00fck bir yetenek oldu\u011funu d\u00fc\u015f\u00fcn\u00fcyorum. T\u00fcrkiye&#8217;de yabanc\u0131 konusunu takip etmiyorum&#8221; ifadelerini kullanan Talibca, &#8220;Bence s\u0131n\u0131rlama kelimesi kula\u011fa ho\u015f gelmiyor. O \u00fclkenin oyuncusu fazla oynas\u0131n diye yap\u0131l\u0131yor ama ligin kalitesi ortada. Bir\u00e7ok y\u0131ld\u0131z burada oynamak istiyor, gelirse oynamak istemeyebilirler. Eski\u015fehir&#8217;deki milli tak\u0131m ma\u00e7\u0131na gitmi\u015ftim. Bir milli tak\u0131m ancak bu kadar desteklenebilir ama m\u00fccadele eksikli\u011fi vard\u0131 sahada. D\u00fcnya Kupas\u0131&#8217;nda favorim Brezilya. 7-1&#8217;lik Almanya ma\u00e7\u0131 bizi sarsmad\u0131.<\/p>\n<p>Almanya&#8217;yla bug\u00fcn oynasak rahat kazan\u0131r\u0131z. Evden d\u0131\u015far\u0131 \u00e7\u0131kmam ben. Otururum kuru fasulye pilav yerim. Yan\u0131nda da so\u011fan olur. Baz\u0131lar\u0131yla iyi, baz\u0131lar\u0131yla k\u00f6t\u00fc. Bazen \u00e7ok tekme yiyorum. Normalde sert oynamam, ufak faulde sar\u0131 yiyorum. Daha \u015fiddetlisi bana yap\u0131ld\u0131\u011f\u0131nda sar\u0131 verilmezse sinirleniyorum&#8221; diyerek s\u00f6zlerine noktay\u0131 koydu.<\/p>\n<!-- Error, Advert is not available at this time due to schedule\/geolocation restrictions! -->\n<p>&nbsp;<\/p>\n","protected":false},"excerpt":{"rendered":"<p>Be\u015fikta\u015f&#8217;\u0131n y\u0131ld\u0131z\u0131 Anderson Talisca, gelece\u011fi hakk\u0131nda \u00f6nemli a\u00e7\u0131klamalarda bulunurken, 10 Kas\u0131m nedeniyle ilgili haberleri okudu\u011funu belirterek, &#8220;\u0130nsanlar\u0131n ara\u00e7lar\u0131ndan inip sayg\u0131 duru\u015funa ge\u00e7melerine \u015fa\u015f\u0131rd\u0131m&#8221; dedi. Siyah-beyazl\u0131 kul\u00fcb\u00fcn y\u0131ld\u0131z\u0131 Anderson Talisca, NTV Spor&#8217;da \u00e7ok \u00f6nemli a\u00e7\u0131klamalarda bulundu. Atat\u00fcrk&#8217;\u00fcn \u00f6l\u00fcm y\u0131l d\u00f6n\u00fcm\u00fcnde g\u00f6rd\u00fcg\u00fckleri kar\u015f\u0131s\u0131nda \u015fa\u015f\u0131rd\u0131\u011f\u0131n\u0131 itiraf eden Talisca, &#8220;Trafikte insanlar\u0131n ara\u00e7lar\u0131ndan inip haz\u0131r ol duru\u015funa ge\u00e7mesine \u015fa\u015f\u0131rd\u0131m. Daha &hellip;<\/p>\n","protected":false},"author":9192198,"featured_media":256833,"comment_status":"open","ping_status":"open","sticky":false,"template":"","format":"standard","meta":{"_acf_changed":false,"footnotes":""},"categories":[6155,5005,349,6805],"tags":[212771,7579,7937,1748,1178,5848,195938],"class_list":["post-256828","post","type-post","status-publish","format-standard","has-post-thumbnail","hentry","category-gundem","category-manset","category-son-dakika","category-turkiye","tag-anderson-talisca","tag-ataturk","tag-benfica","tag-besiktas","tag-brezilya","tag-portekiz","tag-turkiye"],"acf":[],"_links":{"self":[{"href":"https:\/\/www.nationalturk.com\/tr\/wp-json\/wp\/v2\/posts\/256828","targetHints":{"allow":["GET"]}}],"collection":[{"href":"https:\/\/www.nationalturk.com\/tr\/wp-json\/wp\/v2\/posts"}],"about":[{"href":"https:\/\/www.nationalturk.com\/tr\/wp-json\/wp\/v2\/types\/post"}],"author":[{"embeddable":true,"href":"https:\/\/www.nationalturk.com\/tr\/wp-json\/wp\/v2\/users\/9192198"}],"replies":[{"embeddable":true,"href":"https:\/\/www.nationalturk.com\/tr\/wp-json\/wp\/v2\/comments?post=256828"}],"version-history":[{"count":0,"href":"https:\/\/www.nationalturk.com\/tr\/wp-json\/wp\/v2\/posts\/256828\/revisions"}],"wp:featuredmedia":[{"embeddable":true,"href":"https:\/\/www.nationalturk.com\/tr\/wp-json\/wp\/v2\/media\/256833"}],"wp:attachment":[{"href":"https:\/\/www.nationalturk.com\/tr\/wp-json\/wp\/v2\/media?parent=256828"}],"wp:term":[{"taxonomy":"category","embeddable":true,"href":"https:\/\/www.nationalturk.com\/tr\/wp-json\/wp\/v2\/categories?post=256828"},{"taxonomy":"post_tag","embeddable":true,"href":"https:\/\/www.nationalturk.com\/tr\/wp-json\/wp\/v2\/tags?post=256828"}],"curies":[{"name":"wp","href":"https:\/\/api.w.org\/{rel}","templated":true}]}}