{"id":256848,"date":"2017-11-10T17:49:06","date_gmt":"2017-11-10T14:49:06","guid":{"rendered":"http:\/\/www.nationalturk.com\/?p=256848"},"modified":"2017-11-10T17:50:30","modified_gmt":"2017-11-10T14:50:30","slug":"enis-berberoglu-icin-flas-karar-cikti","status":"publish","type":"post","link":"https:\/\/www.nationalturk.com\/tr\/enis-berberoglu-icin-flas-karar-cikti\/","title":{"rendered":"Enis Berbero\u011flu i\u00e7in fla\u015f karar \u00e7\u0131kt\u0131"},"content":{"rendered":"<h2>Tutuklu olan CHP Milletvekili Enis Berbero\u011flu&#8217;nun 1 Aral\u0131k&#8217;ta istinaf mahkemesinde yarg\u0131lanaca\u011f\u0131\u00a0 a\u00e7\u0131kland\u0131.<\/h2>\n<p>\u0130stanbul B\u00f6lge Adliye Mahkemesi 2\u2019nci Ceza Dairesi, CHP \u0130stanbul Milletvekili Enis Berbero\u011flu hakk\u0131ndaki dosyay\u0131 esasa kaydedip, duru\u015fma g\u00fcn\u00fc verdi.<\/p>\n<p>Mahkeme, Berbero\u011flu\u2019nun tutukluluk halinin devam\u0131na karar vererek dosyay\u0131 da 1 Aral\u0131k 2017 g\u00fcn\u00fc yap\u0131lacak duru\u015fmada ele alma karar\u0131 ald\u0131.<\/p>\n<p>\u0130stanbul 14. A\u011f\u0131r Ceza Mahkemesi, CHP Milletvekili Enis Berbero\u011flu hakk\u0131nda verilen 25 y\u0131ll\u0131k hapis cezas\u0131na ili\u015fkin \u0130stanbul B\u00f6lge Adliye Mahkemesi 2. Ceza Dairesi\u2019nin bozma karar\u0131n\u0131 usul ve yasaya ayk\u0131r\u0131 bularak, dosyay\u0131 iade etmi\u015fti.<\/p>\n<h3>\u00c7\u0131kabilecek 4 karar<\/h3>\n<p>\u0130stinaf mahkemesi bu do\u011frultuda karar hakk\u0131nda esastan ret, d\u00fczeltme, h\u00fckm\u00fcn bozulmas\u0131 ya da yeniden g\u00f6r\u00fclmesine ili\u015fkin karar verebilir.<\/p>\n<!-- Error, Advert is not available at this time due to schedule\/geolocation restrictions! -->\n","protected":false},"excerpt":{"rendered":"<p>Tutuklu olan CHP Milletvekili Enis Berbero\u011flu&#8217;nun 1 Aral\u0131k&#8217;ta istinaf mahkemesinde yarg\u0131lanaca\u011f\u0131\u00a0 a\u00e7\u0131kland\u0131. \u0130stanbul B\u00f6lge Adliye Mahkemesi 2\u2019nci Ceza Dairesi, CHP \u0130stanbul Milletvekili Enis Berbero\u011flu hakk\u0131ndaki dosyay\u0131 esasa kaydedip, duru\u015fma g\u00fcn\u00fc verdi. Mahkeme, Berbero\u011flu\u2019nun tutukluluk halinin devam\u0131na karar vererek dosyay\u0131 da 1 Aral\u0131k 2017 g\u00fcn\u00fc yap\u0131lacak duru\u015fmada ele alma karar\u0131 ald\u0131. \u0130stanbul 14. A\u011f\u0131r Ceza Mahkemesi, &hellip;<\/p>\n","protected":false},"author":9192198,"featured_media":251771,"comment_status":"open","ping_status":"open","sticky":false,"template":"","format":"standard","meta":{"_acf_changed":false,"footnotes":""},"categories":[5005,349,6805],"tags":[8723,12795,214102,214023],"class_list":["post-256848","post","type-post","status-publish","format-standard","has-post-thumbnail","hentry","category-manset","category-son-dakika","category-turkiye","tag-chp","tag-enis-berberoglu","tag-istanbul-14-agir-ceza","tag-istinaf-mahkemesi"],"acf":[],"_links":{"self":[{"href":"https:\/\/www.nationalturk.com\/tr\/wp-json\/wp\/v2\/posts\/256848","targetHints":{"allow":["GET"]}}],"collection":[{"href":"https:\/\/www.nationalturk.com\/tr\/wp-json\/wp\/v2\/posts"}],"about":[{"href":"https:\/\/www.nationalturk.com\/tr\/wp-json\/wp\/v2\/types\/post"}],"author":[{"embeddable":true,"href":"https:\/\/www.nationalturk.com\/tr\/wp-json\/wp\/v2\/users\/9192198"}],"replies":[{"embeddable":true,"href":"https:\/\/www.nationalturk.com\/tr\/wp-json\/wp\/v2\/comments?post=256848"}],"version-history":[{"count":0,"href":"https:\/\/www.nationalturk.com\/tr\/wp-json\/wp\/v2\/posts\/256848\/revisions"}],"wp:featuredmedia":[{"embeddable":true,"href":"https:\/\/www.nationalturk.com\/tr\/wp-json\/wp\/v2\/media\/251771"}],"wp:attachment":[{"href":"https:\/\/www.nationalturk.com\/tr\/wp-json\/wp\/v2\/media?parent=256848"}],"wp:term":[{"taxonomy":"category","embeddable":true,"href":"https:\/\/www.nationalturk.com\/tr\/wp-json\/wp\/v2\/categories?post=256848"},{"taxonomy":"post_tag","embeddable":true,"href":"https:\/\/www.nationalturk.com\/tr\/wp-json\/wp\/v2\/tags?post=256848"}],"curies":[{"name":"wp","href":"https:\/\/api.w.org\/{rel}","templated":true}]}}