{"id":257364,"date":"2017-11-20T11:29:10","date_gmt":"2017-11-20T08:29:10","guid":{"rendered":"http:\/\/www.nationalturk.com\/?p=257364"},"modified":"2017-11-20T11:29:10","modified_gmt":"2017-11-20T08:29:10","slug":"dunyanin-en-unlu-seri-katili-charles-manson-oldu","status":"publish","type":"post","link":"https:\/\/www.nationalturk.com\/tr\/dunyanin-en-unlu-seri-katili-charles-manson-oldu\/","title":{"rendered":"D\u00fcnyan\u0131n en \u00fcnl\u00fc seri katili Charles Manson \u00f6ld\u00fc!"},"content":{"rendered":"<h2>Kurbanlar\u0131 aras\u0131nda, y\u00f6netmen Roman Polanski&#8217;nin hamile e\u015fi de bulunan, dokuz insan\u0131n \u00f6l\u00fcm\u00fcnden sorumlu 82 ya\u015f\u0131ndaki cani Charles Manson, 48 y\u0131ll\u0131k hapishane ser\u00fcveninin ard\u0131ndan hastanede \u00f6ld\u00fc.<\/h2>\n<p>D\u00fcnyan\u0131n gelmi\u015f ge\u00e7mi\u015f en bilinen seri katili Charles Manson hastaneye kald\u0131r\u0131ld\u0131ktan g\u00fcnler sonra \u00f6ld\u00fc. Dokuz cinayetten yarg\u0131lanan 82 ya\u015f\u0131ndaki seri katilin California&#8217;da \u00f6l\u00fcm\u00fcn\u00fc, uluslararas\u0131 haber ajanslar\u0131 son dakika olarak duyurdu.<\/p>\n<p>Hakk\u0131nda belgeseller \u00e7ekilen Charles Manson, 1969&#8217;dan bu yana hapiste tutuluyordu. Cani, Kas\u0131m ay\u0131 ba\u015f\u0131nda hastaneye kald\u0131r\u0131lm\u0131\u015ft\u0131.<\/p>\n<h3>Manson: Bana direkt bak, kendini g\u00f6receksin<\/h3>\n<p>Charles Manson, &#8220;Bana tepeden bak, bir ahmak g\u00f6receksin. A\u015fa\u011f\u0131dan bak, efendini g\u00f6receksin. Bana direkt bak, kendini g\u00f6receksin&#8221; s\u00f6zleriyle tan\u0131n\u0131yordu.<\/p>\n<p>D\u00fcnya seri katilin ad\u0131n\u0131 ilk kez, 1969 y\u0131l\u0131nda \u00fcnl\u00fc y\u00f6netmen Roman Polanski&#8217;nin e\u015fine ait malikanede i\u015flenen cinayetlerle duydu. Katliam gecesinde Polanski&#8217;nin hamile e\u015fi Sharon Tate&#8217;le birlikte Jay Sebring, Abigail Folger ve Voytek Frykowski de \u00f6ld\u00fcr\u00fclm\u00fc\u015ft\u00fc. Malikaneyi inceleyen polis, duvara kanla yaz\u0131lm\u0131\u015f &#8216;Domuz&#8217; kelimesini buldu.<\/p>\n<h4>Tarikat lideri Manson<\/h4>\n<p>Dedektifler cinayetleri kimin i\u015fledi\u011fini ara\u015ft\u0131r\u0131rken, o g\u00fcnlerde hapiste yatan Susan Atkins isimli kad\u0131n\u0131n anlatt\u0131klar\u0131 korkun\u00e7 ger\u00e7e\u011fi ortaya \u00e7\u0131kard\u0131.<\/p>\n<p>Katliam gecesinde teti\u011fi \u00e7ekenler bir tarikat\u0131n \u00fcyesiydi ve tarikat\u0131n ba\u015f\u0131nda da Charles Manson vard\u0131. Gerisi \u00e7orap s\u00f6k\u00fc\u011f\u00fc gibi geldi, Manson su\u00e7lar\u0131n\u0131 itiraf etti.<\/p>\n<p>Yaln\u0131zca ABD de\u011fil t\u00fcm d\u00fcnyan\u0131n solu\u011funu tutarak takip etti\u011fi mahkeme s\u00fcrecinin ard\u0131ndan seri katil idama mahkum edildi ancak yasa de\u011fi\u015fikli\u011fi nedeniyle \u00f6m\u00fcr boyu hapis yatt\u0131.<\/p>\n<p>ABD&#8217;de bir\u00e7ok taraftar toplayan Manson, kendisinin peygamber oldu\u011funa inan\u0131yordu.<\/p>\n<p>&nbsp;<\/p>\n","protected":false},"excerpt":{"rendered":"<p>Kurbanlar\u0131 aras\u0131nda, y\u00f6netmen Roman Polanski&#8217;nin hamile e\u015fi de bulunan, dokuz insan\u0131n \u00f6l\u00fcm\u00fcnden sorumlu 82 ya\u015f\u0131ndaki cani Charles Manson, 48 y\u0131ll\u0131k hapishane ser\u00fcveninin ard\u0131ndan hastanede \u00f6ld\u00fc. D\u00fcnyan\u0131n gelmi\u015f ge\u00e7mi\u015f en bilinen seri katili Charles Manson hastaneye kald\u0131r\u0131ld\u0131ktan g\u00fcnler sonra \u00f6ld\u00fc. Dokuz cinayetten yarg\u0131lanan 82 ya\u015f\u0131ndaki seri katilin California&#8217;da \u00f6l\u00fcm\u00fcn\u00fc, uluslararas\u0131 haber ajanslar\u0131 son dakika olarak duyurdu. &hellip;<\/p>\n","protected":false},"author":9192198,"featured_media":257365,"comment_status":"open","ping_status":"open","sticky":false,"template":"","format":"standard","meta":{"_acf_changed":false,"footnotes":""},"categories":[6768,6155,5005,349],"tags":[1887,9443,165867],"class_list":["post-257364","post","type-post","status-publish","format-standard","has-post-thumbnail","hentry","category-amerika","category-gundem","category-manset","category-son-dakika","tag-abd","tag-california","tag-roman-polanski"],"acf":[],"_links":{"self":[{"href":"https:\/\/www.nationalturk.com\/tr\/wp-json\/wp\/v2\/posts\/257364","targetHints":{"allow":["GET"]}}],"collection":[{"href":"https:\/\/www.nationalturk.com\/tr\/wp-json\/wp\/v2\/posts"}],"about":[{"href":"https:\/\/www.nationalturk.com\/tr\/wp-json\/wp\/v2\/types\/post"}],"author":[{"embeddable":true,"href":"https:\/\/www.nationalturk.com\/tr\/wp-json\/wp\/v2\/users\/9192198"}],"replies":[{"embeddable":true,"href":"https:\/\/www.nationalturk.com\/tr\/wp-json\/wp\/v2\/comments?post=257364"}],"version-history":[{"count":0,"href":"https:\/\/www.nationalturk.com\/tr\/wp-json\/wp\/v2\/posts\/257364\/revisions"}],"wp:featuredmedia":[{"embeddable":true,"href":"https:\/\/www.nationalturk.com\/tr\/wp-json\/wp\/v2\/media\/257365"}],"wp:attachment":[{"href":"https:\/\/www.nationalturk.com\/tr\/wp-json\/wp\/v2\/media?parent=257364"}],"wp:term":[{"taxonomy":"category","embeddable":true,"href":"https:\/\/www.nationalturk.com\/tr\/wp-json\/wp\/v2\/categories?post=257364"},{"taxonomy":"post_tag","embeddable":true,"href":"https:\/\/www.nationalturk.com\/tr\/wp-json\/wp\/v2\/tags?post=257364"}],"curies":[{"name":"wp","href":"https:\/\/api.w.org\/{rel}","templated":true}]}}