{"id":257485,"date":"2017-11-22T14:19:27","date_gmt":"2017-11-22T11:19:27","guid":{"rendered":"http:\/\/www.nationalturk.com\/?p=257485"},"modified":"2017-11-22T14:50:22","modified_gmt":"2017-11-22T11:50:22","slug":"bosna-kasabi-ratko-mladic-suclu-bulundu","status":"publish","type":"post","link":"https:\/\/www.nationalturk.com\/tr\/bosna-kasabi-ratko-mladic-suclu-bulundu\/","title":{"rendered":"&#8216;Bosna Kasab\u0131&#8217; Ratko Mladi\u00e7 su\u00e7lu bulundu: Cezas\u0131 m\u00fcebbet"},"content":{"rendered":"<h2>&#8216;Bosna Kasab\u0131&#8217; olarak adland\u0131r\u0131lan eski S\u0131rp komutan Ratko Mladi\u00e7, Lahey&#8217;deki Eski Yugoslavya Uluslararas\u0131 Ceza Mahkemesi&#8217;nce \u00f6m\u00fcr boyu hapis cezas\u0131na \u00e7arpt\u0131r\u0131ld\u0131. Mladi\u00e7&#8217;in Srebrenitsa katliam\u0131yla soyk\u0131r\u0131ma katk\u0131da bulundu\u011funu ve insanl\u0131\u011fa kar\u015f\u0131 su\u00e7 i\u015fledi\u011fini kabul edildi.<\/h2>\n<p>Birle\u015fmi\u015f Milletler Yugoslavya Uluslararas\u0131 Ceza Mahkemesi, Bosna Sava\u015f\u0131 s\u0131ras\u0131nda Srebrenitsa\u2019da soyk\u0131r\u0131m yap\u0131ld\u0131\u011f\u0131na h\u00fckmetti.<\/p>\n<p>Yarg\u0131\u00e7 Alphons Orie, &#8220;Srebrenitsa ve \u00e7evresinde 1995 y\u0131l\u0131nda soyk\u0131r\u0131m, zul\u00fcm, imha, cinayet ve insanl\u0131k d\u0131\u015f\u0131 g\u00f6\u00e7e zorlama ger\u00e7ekle\u015ftirilmi\u015ftir&#8221; dedi. Mahkemenin bug\u00fcn soyk\u0131r\u0131m su\u00e7lamas\u0131yla yarg\u0131lanan Ratko Mladi\u00e7 hakk\u0131ndaki karar\u0131n\u0131 da a\u00e7\u0131klamas\u0131 bekleniyor.<\/p>\n<p>Lahey&#8217;deki Eski Yugoslavya Uluslararas\u0131 Ceza Mahkemesinde g\u00f6r\u00fclecek davan\u0131n hemen \u00f6ncesinde, elinde S\u0131rbistan bayra\u011f\u0131 bulunan bir ki\u015finin Bo\u015fnak kurban yak\u0131nlar\u0131n\u0131n durdu\u011fu alana gelmesi \u00fczerine arbede \u00e7\u0131kt\u0131.<\/p>\n<h3>Mladi\u00e7 i\u015fbirli\u011fi yapmad\u0131<\/h3>\n<p>Karar\u0131n okunmas\u0131 s\u0131ras\u0131nda \u201cBosna kasab\u0131\u201d Ratko Mladi\u00e7 ba\u011f\u0131rmay\u0131nca ba\u015flay\u0131nca yarg\u0131\u00e7, san\u0131\u011f\u0131n salondan \u00e7\u0131kar\u0131lmas\u0131n\u0131 istedi. Yarg\u0131\u00e7 karar\u0131n okunmas\u0131na ara verdi. Yarg\u0131\u00e7, Mladi\u00e7\u2019in mahkemeyle \u201ci\u015fbirli\u011fi\u201d yapmad\u0131\u011f\u0131n\u0131 da belirtti.<\/p>\n<p>Mladi\u00e7\u2019in avukat\u0131 da, m\u00fcvekilinin tansiyonunun y\u00fckseldi\u011fini gerek\u00e7e g\u00f6stererek karar\u0131n ertelenmesini talep etti. Ama mahkeme Mladi\u00e7\u2019 su\u00e7lu buldu ve sarp komutan\u0131 Mladic sava\u015f su\u00e7lar\u0131na i\u015ftirak etti dedi.<\/p>\n<h4>Mladi\u00e7 16 y\u0131l ka\u00e7t\u0131, 2011&#8217;de yakaland\u0131<\/h4>\n<p>Bosna Sava\u015f\u0131 s\u0131ras\u0131nda S\u0131rp askerlerin komutanl\u0131\u011f\u0131n\u0131 yapan Ratko Mladi\u00e7 yakla\u015f\u0131k 16 y\u0131l sakland\u0131ktan sonra 2011&#8217;de S\u0131rbistan&#8217;da yakalanm\u0131\u015ft\u0131.<br \/>\nHollanda\u2019daki Lahey&#8217;de Eski Yugoslavya Uluslararas\u0131 Ceza Mahkemesi\u2019ne teslim edildi.<br \/>\n\u201cBosna kasab\u0131\u201d Ratko Mladi\u00e7 1995\u2019te S\u0131rp g\u00fc\u00e7lerince 8 binden fazla Bo\u015fnak sivilin \u00f6ld\u00fcr\u00fcld\u00fc\u011f\u00fc Srebrenitsa katliam\u0131 da dahil 11 su\u00e7tan yarg\u0131land\u0131.<br \/>\nSavc\u0131l\u0131k, iddianamede sava\u015f su\u00e7u ve soyk\u0131r\u0131m zanl\u0131s\u0131 Mladi\u00e7\u2019e m\u00fcebbet hapis cezas\u0131 verilmesini talep etmi\u015fti.<\/p>\n<h5>Mladi\u00e7 davas\u0131 530 g\u00fcn s\u00fcrd\u00fc<\/h5>\n<p>530 g\u00fcn g\u00f6r\u00fclen davada, toplam 591 tan\u0131k ifadesine ba\u015fvuruldu. 9 bin 914 kan\u0131t mahkemece kabul edildi.<\/p>\n<p>Srebrenitsa katliam\u0131n\u0131n siyasi sorumlular\u0131ndan Radovan Karaci\u00e7 40 y\u0131l hapis cezas\u0131na \u00e7apr\u0131t\u0131lm\u0131\u015f, Slobodan Milo\u015fevi\u00e7 ise 2006\u2019da Lahey\u2019de yarg\u0131lan\u0131rken hayat\u0131n\u0131 kaybetmi\u015fti.<\/p>\n<!-- Error, Advert is not available at this time due to schedule\/geolocation restrictions! -->\n","protected":false},"excerpt":{"rendered":"<p>&#8216;Bosna Kasab\u0131&#8217; olarak adland\u0131r\u0131lan eski S\u0131rp komutan Ratko Mladi\u00e7, Lahey&#8217;deki Eski Yugoslavya Uluslararas\u0131 Ceza Mahkemesi&#8217;nce \u00f6m\u00fcr boyu hapis cezas\u0131na \u00e7arpt\u0131r\u0131ld\u0131. Mladi\u00e7&#8217;in Srebrenitsa katliam\u0131yla soyk\u0131r\u0131ma katk\u0131da bulundu\u011funu ve insanl\u0131\u011fa kar\u015f\u0131 su\u00e7 i\u015fledi\u011fini kabul edildi. Birle\u015fmi\u015f Milletler Yugoslavya Uluslararas\u0131 Ceza Mahkemesi, Bosna Sava\u015f\u0131 s\u0131ras\u0131nda Srebrenitsa\u2019da soyk\u0131r\u0131m yap\u0131ld\u0131\u011f\u0131na h\u00fckmetti. Yarg\u0131\u00e7 Alphons Orie, &#8220;Srebrenitsa ve \u00e7evresinde 1995 y\u0131l\u0131nda soyk\u0131r\u0131m, &hellip;<\/p>\n","protected":false},"author":9192198,"featured_media":257489,"comment_status":"open","ping_status":"open","sticky":false,"template":"","format":"standard","meta":{"_acf_changed":false,"footnotes":""},"categories":[6665,763,5005,349],"tags":[28609,60066,214472,1668,100453,71091,35207],"class_list":["post-257485","post","type-post","status-publish","format-standard","has-post-thumbnail","hentry","category-dunya","category-gunun-olayi","category-manset","category-son-dakika","tag-bm","tag-bosna","tag-eski-yugoslavya-uluslararasi-ceza-mahkemesi","tag-hollanda","tag-lahey","tag-ratko-mladic","tag-srebrenitsa"],"acf":[],"_links":{"self":[{"href":"https:\/\/www.nationalturk.com\/tr\/wp-json\/wp\/v2\/posts\/257485","targetHints":{"allow":["GET"]}}],"collection":[{"href":"https:\/\/www.nationalturk.com\/tr\/wp-json\/wp\/v2\/posts"}],"about":[{"href":"https:\/\/www.nationalturk.com\/tr\/wp-json\/wp\/v2\/types\/post"}],"author":[{"embeddable":true,"href":"https:\/\/www.nationalturk.com\/tr\/wp-json\/wp\/v2\/users\/9192198"}],"replies":[{"embeddable":true,"href":"https:\/\/www.nationalturk.com\/tr\/wp-json\/wp\/v2\/comments?post=257485"}],"version-history":[{"count":0,"href":"https:\/\/www.nationalturk.com\/tr\/wp-json\/wp\/v2\/posts\/257485\/revisions"}],"wp:featuredmedia":[{"embeddable":true,"href":"https:\/\/www.nationalturk.com\/tr\/wp-json\/wp\/v2\/media\/257489"}],"wp:attachment":[{"href":"https:\/\/www.nationalturk.com\/tr\/wp-json\/wp\/v2\/media?parent=257485"}],"wp:term":[{"taxonomy":"category","embeddable":true,"href":"https:\/\/www.nationalturk.com\/tr\/wp-json\/wp\/v2\/categories?post=257485"},{"taxonomy":"post_tag","embeddable":true,"href":"https:\/\/www.nationalturk.com\/tr\/wp-json\/wp\/v2\/tags?post=257485"}],"curies":[{"name":"wp","href":"https:\/\/api.w.org\/{rel}","templated":true}]}}