{"id":257643,"date":"2017-11-24T15:03:49","date_gmt":"2017-11-24T12:03:49","guid":{"rendered":"http:\/\/www.nationalturk.com\/?p=257643"},"modified":"2017-11-24T15:03:49","modified_gmt":"2017-11-24T12:03:49","slug":"veli-cocugunun-ogretmeninin-boyun-kemigini-kirdi","status":"publish","type":"post","link":"https:\/\/www.nationalturk.com\/tr\/veli-cocugunun-ogretmeninin-boyun-kemigini-kirdi\/","title":{"rendered":"Veli, \u00e7ocu\u011funun \u00f6\u011fretmeninin boyun kemi\u011fini k\u0131rd\u0131!"},"content":{"rendered":"<h2>Gaziantep&#8217;te, s\u0131n\u0131f \u00f6\u011fretmenli\u011fi yapan Mustafa Ko\u00e7, okumay\u0131 \u00f6\u011frenen \u00f6\u011frencisini tebrik etmek i\u00e7in yana\u011f\u0131n\u0131 s\u0131kt\u0131. K\u0131zaran yana\u011f\u0131n\u0131 g\u00f6ren \u00f6\u011frencinin babas\u0131, i\u015fyerine \u00e7a\u011f\u0131rd\u0131\u011f\u0131 Mustafa Ko\u00e7&#8217;a 4 yak\u0131n\u0131yla birlikte sald\u0131r\u0131p, tekme tokat d\u00f6vd\u00fc. Ko\u00e7&#8217;un hayati tehlikesi s\u00fcr\u00fcyor.<\/h2>\n<p>D\u00fcn ak\u015fam Gaziantep&#8217;te meydana gelen olayda Solmaz G\u00fczel \u0130lkokulu&#8217;nda g\u00f6revli 14 y\u0131ll\u0131k \u00f6\u011fretmen Mustafa Ko\u00e7, okumay\u0131 \u00f6\u011frenen \u00f6\u011frencisini tebrik i\u00e7in yana\u011f\u0131n\u0131 s\u0131kt\u0131. Bir s\u00fcre sonra \u00f6\u011frencinin yana\u011f\u0131 k\u0131zard\u0131. Eve giden \u00f6\u011frencinin yana\u011f\u0131ndaki k\u0131zar\u0131kl\u0131\u011f\u0131 fark eden annesi, o\u011fluna ne oldu\u011funu sordu.<\/p>\n<p>\u00d6\u011frenci, \u00f6\u011fretmenin yana\u011f\u0131n\u0131 s\u0131kt\u0131\u011f\u0131n\u0131 s\u00f6yledi. Kad\u0131n\u0131n durumu anlatt\u0131\u011f\u0131 e\u015fi, \u00f6\u011fretmen Ko\u00e7&#8217;u arayarak, o\u011flu hakk\u0131nda konu\u015fmak i\u00e7in okulun yak\u0131n\u0131nda bulunan kendisine ait oto y\u0131kamac\u0131ya \u00e7a\u011f\u0131rd\u0131. Mustafa Ko\u00e7, kendisi gibi \u00f6\u011fretmen e\u015fi \u00d6zlem Ko\u00e7&#8217;u okul \u00e7\u0131k\u0131\u015f\u0131nda yan\u0131na alarak velinin i\u015fyerine gitti.<\/p>\n<p>Burada \u00f6\u011frenci velisi ve yan\u0131nda bulunan 4 yak\u0131n\u0131, bir anda Mustafa Ko\u00e7&#8217;a sald\u0131rd\u0131. \u00d6\u011fretmene i\u015fyerindeki aletlerle vuran ve tekme tokat d\u00f6ven grup, e\u015fi \u00d6zlem Ko\u00e7&#8217;u da yumruklad\u0131.<\/p>\n<p><img loading=\"lazy\" decoding=\"async\" class=\"alignnone  wp-image-257645\" src=\"http:\/\/www.nationalturk.com\/tr\/wp-content\/uploads\/2017\/11\/mustafa-koc-ogreatmen.jpg\" alt=\"\" width=\"726\" height=\"410\" title=\"\"><\/p>\n<p>\u00d6\u011fretmen Mustafa Ko\u00e7, e\u015finin ihbar\u0131yla gelen sa\u011fl\u0131k g\u00f6revlileri taraf\u0131ndan ambulansla \u015eehitkamil Devlet Hastanesi&#8217;ne g\u00f6t\u00fcr\u00fcld\u00fc. Acil serviste m\u00fcdahale edilen Mustafa Ko\u00e7&#8217;un boyun kemi\u011finin k\u0131r\u0131ld\u0131\u011f\u0131 belirlendi. Ko\u00e7, hayati tehlikesi nedeniyle yo\u011fun bak\u0131m \u00fcnitesine al\u0131nd\u0131.<\/p>\n<h3>\u00d6\u011fretmen Ko\u00e7&#8217;u d\u00f6venler serbest<\/h3>\n<p>\u00d6\u011fretmen \u00e7iftin \u015fikayeti \u00fczerine g\u00f6zalt\u0131na al\u0131nan isimleri a\u00e7\u0131klanmayan 5 ki\u015fi emniyetteki ifadelerinin ard\u0131ndan serbest b\u0131rak\u0131ld\u0131.<\/p>\n<p>Ya\u015fad\u0131klar\u0131n\u0131 g\u00f6zya\u015flar\u0131 i\u00e7inde anlatan \u00d6zlem Ko\u00e7, grubun kendisi ve e\u015fine aralar\u0131nda \u0130ngiliz anahtar\u0131n\u0131n da bulundu\u011fu aletler ile tekme tokat sald\u0131rd\u0131klar\u0131n\u0131 s\u00f6yledi. E\u015finin, en mutlu olmas\u0131 gereken 24 Kas\u0131m \u00d6\u011fretmenler G\u00fcn\u00fc&#8217;nde ya\u015fam sava\u015f\u0131 verdi\u011fini belirten Ko\u00e7,\u00a0&#8220;E\u015fimin s\u0131n\u0131f\u0131ndaki \u00f6\u011frenciler okumay\u0131 s\u00f6k\u00fcnce, s\u0131n\u0131fta herkes \u00e7ok mutlu olmu\u015f. E\u015fim de \u00f6\u011frencisinin yana\u011f\u0131ndan makas alarak mutlulu\u011funu g\u00f6stermi\u015f.<\/p>\n<p>Okul sonras\u0131nda eve giden \u00f6\u011frenciyi g\u00f6ren annesi yana\u011f\u0131ndaki k\u0131zar\u0131kl\u0131\u011f\u0131 sorunca \u00f6\u011fretmeninin yana\u011f\u0131n\u0131 s\u0131kt\u0131\u011f\u0131n\u0131 s\u00f6ylemi\u015f. O da e\u015fine durumu anlatarak, e\u015fimin \u00e7ocu\u011funa \u015fiddet uygulad\u0131\u011f\u0131n\u0131 s\u00f6ylemi\u015f. Okul \u00e7\u0131k\u0131\u015f\u0131nda e\u015fimin yan\u0131na geldim. Beraber eve giderken, \u00f6\u011frencinin velisi arayarak okulun yan\u0131ndaki kendisine ait i\u015fyerine \u00e7ocu\u011fu hakk\u0131nda konu\u015fmak i\u00e7in \u00e7a\u011f\u0131rd\u0131. Biz de beraber gittik. &#8216;Sen o\u011fluma nas\u0131l b\u00f6yle bir \u015fey yapars\u0131n?&#8217; dedi.<\/p>\n<p>&#8216;E\u015fim de ben o\u011fluna bir \u015fey yapmad\u0131m ama kabahatim varsa \u00f6z\u00fcr dilerim&#8217; dedi. Bunun \u00fczerine \u00f6\u011frenci velisi ve yan\u0131ndaki 4 ki\u015fi, e\u015fime sald\u0131rd\u0131. \u0130\u00e7lerinden birisi elindeki \u0130ngiliz anahtar\u0131 ile kocama vuruyordu. Ben araya girmek isteyince birisi benim g\u00f6\u011fs\u00fcme yumruk att\u0131. E\u015fimi b\u0131rakt\u0131klar\u0131nda yar\u0131 bayg\u0131nd\u0131.<\/p>\n<p>Aya\u011fa kalkt\u0131\u011f\u0131nda sarho\u015f gibi sendeleyerek yan\u0131ma geldi. Ben ambulans\u0131 arad\u0131m ve hastaneye getirdik. E\u015fim \u015fimdi boyun kemi\u011finde k\u0131r\u0131k oldu\u011fu i\u00e7in hayati tehlikeyle kar\u015f\u0131 kar\u015f\u0131ya. 24 Kas\u0131m \u00d6\u011fretmenler G\u00fcn\u00fc&#8217;nde b\u00f6yle olmamal\u0131yd\u0131. Yetkililerden \u00f6\u011fretmenlere y\u00f6nelik bu t\u00fcr \u015fiddet olaylar\u0131na kar\u015f\u0131 tedbir almalar\u0131n\u0131 istiyorum.&#8221;<\/p>\n<h4>\u00d6\u011fretmen Ko\u00e7 i\u00e7in E\u011fitim-Sen&#8217;den k\u0131nama<\/h4>\n<p>\u00d6\u011fretmen \u00e7ifte y\u00f6nelik \u015fiddete tepki g\u00f6steren E\u011fitim- Sen Gaziantep \u015eube Ba\u015fkan\u0131 Ali Ers\u00f6nmez, sald\u0131r\u0131y\u0131 k\u0131nad\u0131. Ers\u00f6nmez, &#8220;B\u00f6yle bir \u015fey ya\u015fanmamal\u0131yd\u0131. \u00d6\u011fretmenler G\u00fcn\u00fc&#8217;nde \u00f6\u011fretmenizin ya\u015fad\u0131\u011f\u0131 bu olaydan dolay\u0131 \u00e7ok \u00fczg\u00fcn\u00fcz. Her t\u00fcrl\u00fc \u015fiddet olay\u0131n\u0131 \u015fiddetle k\u0131n\u0131yoruz&#8221; ifadelerini kulland\u0131.<\/p>\n<!-- Error, Advert is not available at this time due to schedule\/geolocation restrictions! -->\n<p>&nbsp;<\/p>\n","protected":false},"excerpt":{"rendered":"<p>Gaziantep&#8217;te, s\u0131n\u0131f \u00f6\u011fretmenli\u011fi yapan Mustafa Ko\u00e7, okumay\u0131 \u00f6\u011frenen \u00f6\u011frencisini tebrik etmek i\u00e7in yana\u011f\u0131n\u0131 s\u0131kt\u0131. K\u0131zaran yana\u011f\u0131n\u0131 g\u00f6ren \u00f6\u011frencinin babas\u0131, i\u015fyerine \u00e7a\u011f\u0131rd\u0131\u011f\u0131 Mustafa Ko\u00e7&#8217;a 4 yak\u0131n\u0131yla birlikte sald\u0131r\u0131p, tekme tokat d\u00f6vd\u00fc. Ko\u00e7&#8217;un hayati tehlikesi s\u00fcr\u00fcyor. D\u00fcn ak\u015fam Gaziantep&#8217;te meydana gelen olayda Solmaz G\u00fczel \u0130lkokulu&#8217;nda g\u00f6revli 14 y\u0131ll\u0131k \u00f6\u011fretmen Mustafa Ko\u00e7, okumay\u0131 \u00f6\u011frenen \u00f6\u011frencisini tebrik i\u00e7in yana\u011f\u0131n\u0131 &hellip;<\/p>\n","protected":false},"author":9192198,"featured_media":257644,"comment_status":"open","ping_status":"open","sticky":false,"template":"","format":"standard","meta":{"_acf_changed":false,"footnotes":""},"categories":[5005,6805],"tags":[807,13823,86058],"class_list":["post-257643","post","type-post","status-publish","format-standard","has-post-thumbnail","hentry","category-manset","category-turkiye","tag-gaziantep","tag-mustafa-koc","tag-ogretmenler-gunu"],"acf":[],"_links":{"self":[{"href":"https:\/\/www.nationalturk.com\/tr\/wp-json\/wp\/v2\/posts\/257643","targetHints":{"allow":["GET"]}}],"collection":[{"href":"https:\/\/www.nationalturk.com\/tr\/wp-json\/wp\/v2\/posts"}],"about":[{"href":"https:\/\/www.nationalturk.com\/tr\/wp-json\/wp\/v2\/types\/post"}],"author":[{"embeddable":true,"href":"https:\/\/www.nationalturk.com\/tr\/wp-json\/wp\/v2\/users\/9192198"}],"replies":[{"embeddable":true,"href":"https:\/\/www.nationalturk.com\/tr\/wp-json\/wp\/v2\/comments?post=257643"}],"version-history":[{"count":0,"href":"https:\/\/www.nationalturk.com\/tr\/wp-json\/wp\/v2\/posts\/257643\/revisions"}],"wp:featuredmedia":[{"embeddable":true,"href":"https:\/\/www.nationalturk.com\/tr\/wp-json\/wp\/v2\/media\/257644"}],"wp:attachment":[{"href":"https:\/\/www.nationalturk.com\/tr\/wp-json\/wp\/v2\/media?parent=257643"}],"wp:term":[{"taxonomy":"category","embeddable":true,"href":"https:\/\/www.nationalturk.com\/tr\/wp-json\/wp\/v2\/categories?post=257643"},{"taxonomy":"post_tag","embeddable":true,"href":"https:\/\/www.nationalturk.com\/tr\/wp-json\/wp\/v2\/tags?post=257643"}],"curies":[{"name":"wp","href":"https:\/\/api.w.org\/{rel}","templated":true}]}}