{"id":257657,"date":"2017-11-24T16:40:55","date_gmt":"2017-11-24T13:40:55","guid":{"rendered":"http:\/\/www.nationalturk.com\/?p=257657"},"modified":"2017-11-24T18:06:50","modified_gmt":"2017-11-24T15:06:50","slug":"misirda-camiye-bombali-saldiri-en-az-155-olu","status":"publish","type":"post","link":"https:\/\/www.nationalturk.com\/tr\/misirda-camiye-bombali-saldiri-en-az-155-olu\/","title":{"rendered":"M\u0131s\u0131r&#8217;da camiye bombal\u0131 sald\u0131r\u0131: En az 235 \u00f6l\u00fc"},"content":{"rendered":"<h2>M\u0131s\u0131r&#8217;\u0131n kuzeyindeki Sina yar\u0131madas\u0131nda bir camide cuma namaz\u0131 s\u0131ras\u0131nda bombal\u0131 ve silahl\u0131 bir sald\u0131r\u0131 ger\u00e7ekle\u015fti. Sald\u0131r\u0131n\u0131n I\u015eID ba\u011flant\u0131l\u0131 oldu\u011fu iddia edilirken, en az 235 \u00f6l\u00fc oldu\u011fu bildirildi.<\/h2>\n<p>Ari\u015f&#8217;in bat\u0131s\u0131ndaki Bir el Abed kasabas\u0131ndaki El Ravza camisini hedef alan sald\u0131rganlar, cuma namaz\u0131 s\u0131ras\u0131nda \u00f6nce patlay\u0131c\u0131lar\u0131 infilak ettirdi. M\u0131s\u0131r resmi haber ajans\u0131, Ari\u015f kentindeki Ravza Camisi yak\u0131n\u0131nda meydana gelen patlamada \u00f6l\u00fc say\u0131s\u0131n\u0131n 235&#8217;e y\u00fckseldi\u011fini bildirdi. Onlarca da yaral\u0131 var.<\/p>\n<p>G\u00f6rg\u00fc tan\u0131klar\u0131 olay yerindeki yaral\u0131lar\u0131 yak\u0131ndaki hastanelere g\u00f6t\u00fcren ambulanslar\u0131n bulundu\u011funu bildirdi.<\/p>\n<p>Sald\u0131r\u0131dan sonra Kahire y\u00f6netimi \u00fc\u00e7 g\u00fcnl\u00fck ulusal yas ilan etti.<\/p>\n<p>Y\u0131llard\u0131r \u00e7alkant\u0131n\u0131n dinmedi\u011fi Sina Yar\u0131madas\u0131, Ensar Beyt el Makdis adl\u0131 \u00f6rg\u00fct, \u00fc\u00e7 y\u0131l \u00f6nce ad\u0131n\u0131 de\u011fi\u015ftirerek I\u015e\u0130D&#8217;e kat\u0131ld\u0131\u011f\u0131n\u0131 duyurmu\u015ftu.<\/p>\n<p>Ter\u00f6ristler, 2014&#8217;ten bu yana b\u00f6lgede y\u00fczlerce asker ve polisi \u00f6ld\u00fcrd\u00fc. I\u015e\u0130D ba\u011flant\u0131l\u0131 grup, ayn\u0131 zamanda Hristiyan kiliselerine de bombal\u0131 sald\u0131r\u0131lar d\u00fczenledi.<\/p>\n<!-- Error, Advert is not available at this time due to schedule\/geolocation restrictions! -->\n<p>&nbsp;<\/p>\n","protected":false},"excerpt":{"rendered":"<p>M\u0131s\u0131r&#8217;\u0131n kuzeyindeki Sina yar\u0131madas\u0131nda bir camide cuma namaz\u0131 s\u0131ras\u0131nda bombal\u0131 ve silahl\u0131 bir sald\u0131r\u0131 ger\u00e7ekle\u015fti. Sald\u0131r\u0131n\u0131n I\u015eID ba\u011flant\u0131l\u0131 oldu\u011fu iddia edilirken, en az 235 \u00f6l\u00fc oldu\u011fu bildirildi. Ari\u015f&#8217;in bat\u0131s\u0131ndaki Bir el Abed kasabas\u0131ndaki El Ravza camisini hedef alan sald\u0131rganlar, cuma namaz\u0131 s\u0131ras\u0131nda \u00f6nce patlay\u0131c\u0131lar\u0131 infilak ettirdi. M\u0131s\u0131r resmi haber ajans\u0131, Ari\u015f kentindeki Ravza Camisi yak\u0131n\u0131nda &hellip;<\/p>\n","protected":false},"author":9192198,"featured_media":257658,"comment_status":"open","ping_status":"open","sticky":false,"template":"","format":"standard","meta":{"_acf_changed":false,"footnotes":""},"categories":[5005,349],"tags":[58773,151890,720,9552],"class_list":["post-257657","post","type-post","status-publish","format-standard","has-post-thumbnail","hentry","category-manset","category-son-dakika","tag-aris","tag-isid","tag-misir","tag-sina-yarimadasi"],"acf":[],"_links":{"self":[{"href":"https:\/\/www.nationalturk.com\/tr\/wp-json\/wp\/v2\/posts\/257657","targetHints":{"allow":["GET"]}}],"collection":[{"href":"https:\/\/www.nationalturk.com\/tr\/wp-json\/wp\/v2\/posts"}],"about":[{"href":"https:\/\/www.nationalturk.com\/tr\/wp-json\/wp\/v2\/types\/post"}],"author":[{"embeddable":true,"href":"https:\/\/www.nationalturk.com\/tr\/wp-json\/wp\/v2\/users\/9192198"}],"replies":[{"embeddable":true,"href":"https:\/\/www.nationalturk.com\/tr\/wp-json\/wp\/v2\/comments?post=257657"}],"version-history":[{"count":0,"href":"https:\/\/www.nationalturk.com\/tr\/wp-json\/wp\/v2\/posts\/257657\/revisions"}],"wp:featuredmedia":[{"embeddable":true,"href":"https:\/\/www.nationalturk.com\/tr\/wp-json\/wp\/v2\/media\/257658"}],"wp:attachment":[{"href":"https:\/\/www.nationalturk.com\/tr\/wp-json\/wp\/v2\/media?parent=257657"}],"wp:term":[{"taxonomy":"category","embeddable":true,"href":"https:\/\/www.nationalturk.com\/tr\/wp-json\/wp\/v2\/categories?post=257657"},{"taxonomy":"post_tag","embeddable":true,"href":"https:\/\/www.nationalturk.com\/tr\/wp-json\/wp\/v2\/tags?post=257657"}],"curies":[{"name":"wp","href":"https:\/\/api.w.org\/{rel}","templated":true}]}}