{"id":257695,"date":"2017-11-25T14:51:24","date_gmt":"2017-11-25T11:51:24","guid":{"rendered":"http:\/\/www.nationalturk.com\/?p=257695"},"modified":"2017-11-25T18:15:33","modified_gmt":"2017-11-25T15:15:33","slug":"ve-messi-imzayi-atti-tam-700-milyon-euro","status":"publish","type":"post","link":"https:\/\/www.nationalturk.com\/tr\/ve-messi-imzayi-atti-tam-700-milyon-euro\/","title":{"rendered":"Manchester City devreye girdi, 700 milyon euroluk tarihi \u015fart s\u00f6zle\u015fmeye konuldu!"},"content":{"rendered":"<h2>D\u00fcnyan\u0131n gelmi\u015f ge\u00e7mi\u015f en iyi futbolcusu say\u0131lan Barcelona&#8217;n\u0131n y\u0131ld\u0131z\u0131 Linoel Messi, tak\u0131m\u0131nda kald\u0131. Manchester City&#8217;nin devreye girmesinin ard\u0131ndan Barcelona, Arjantinli oyuncusunun s\u00f6zle\u015fmesini 700 milyon euro gibi tarihi bir serbest kalma bedeli koyarak 2021&#8217;e kadar uzatt\u0131\u011f\u0131n\u0131 duyurdu.<\/h2>\n<p>Son g\u00fcnlerde tak\u0131m\u0131ndan ayr\u0131laca\u011f\u0131 konu\u015fulan d\u00fcnyaca \u00fcnl\u00fc y\u0131ld\u0131z Messi Barcelona&#8217;da kald\u0131. Katalan kul\u00fcb\u00fc bug\u00fcn internet sitesinden yapt\u0131\u011f\u0131 a\u00e7\u0131klama ile futbolcusu ile s\u00f6zle\u015fmelerini uzatt\u0131klar\u0131n\u0131 duyurdu.<\/p>\n<p>FC Barcelona ve Lionel Messi, Arjantinli\u2019yi 2020\/21 sezonu sonuna kadar kul\u00fcpte tutacak yeni s\u00f6zle\u015fmeyi bug\u00fcn imzalad\u0131. Serbest kalma bedeli 700 milyon euro olurken kontrat sona erdi\u011finde 30 ya\u015f\u0131ndaki forvet A Tak\u0131m\u2019da 17 sezon ge\u00e7irmi\u015f olacak.<\/p>\n<h3>Manchester City hesaplar\u0131 bozdu<\/h3>\n<p>Hat\u0131rlanaca\u011f\u0131 gibi hafta i\u00e7inde Barcelona cephesinde ilgin\u00e7 geli\u015fmeler ya\u015fanm\u0131\u015f, Lionel Messi, Katalonya referandumu ve sonras\u0131nda ya\u015fanan siyasi geli\u015fmeleri gerek\u00e7e g\u00f6stererek tak\u0131mdan ayr\u0131lmak istedi\u011fini y\u00f6netime bildirmi\u015fti. F\u0131rsattan yararlanmak isteyen Manchester City de devreye girmi\u015f ve Messi ile anla\u015fma zemini bulmu\u015ftu. Ya\u015fanan geli\u015fmelerin ard\u0131ndan Barcelona, Messi&#8217;nin taleplerini kabul etmek zorunda kald\u0131. Manchester City&#8217;nin tekrar devreye girme ihtimaline kar\u015f\u0131 da 700 milyon euro gibi astronomik bir serbest kalma bedelini s\u00f6zle\u015fmeye koydu.<\/p>\n<h4>A Tak\u0131m ile 14 sezon<\/h4>\n<p>Lionel Messi Bar\u00e7a\u2019ya 2000\u2019de 13 ya\u015f\u0131nda geldi, Newell\u2019s Old Boys\u2019tan geldi. Altyap\u0131 kategorilerindeki etkileyici performans\u0131yla 16 ya\u015f\u0131nda Porto kar\u015f\u0131s\u0131nda oynanan haz\u0131rl\u0131k ma\u00e7\u0131nda A Tak\u0131m ile ilk ma\u00e7\u0131na \u00e7\u0131kt\u0131. Resmi olarak ise 17\u2019sinde Espanyol \u00f6n\u00fcnde ilk kez blaugranay\u0131 giydi.<\/p>\n<p>\u00c7ok k\u0131sa bir s\u00fcre sonra sonra Camp Nou\u2019da Albacete\u2019ye kar\u015f\u0131 ak\u0131ll\u0131ca bir a\u015f\u0131rtma vuru\u015fla Katalan kul\u00fcb\u00fc i\u00e7in ilk gol\u00fcn\u00fc kaydetti.<br \/>\nBundan sonras\u0131 tarihin ta kendisi. Leo Messi k\u0131r\u0131labilecek her rekoru k\u0131rarak gol say\u0131s\u0131, kupalar\u0131, bireysel ve tak\u0131m olarak kazand\u0131klar\u0131yla t\u00fcm zamanlar\u0131n en b\u00fcy\u00fck futbolcusu oldu.<\/p>\n<p>\u015eimdi 30 ya\u015f\u0131nda ve A Tak\u0131m\u2019da 14. sezonun ge\u00e7iriyor ve bu yeni s\u00f6zle\u015fmeyle en az\u0131ndan toplamda 17 sezon Bar\u00e7a renklerini \u00fczerinde ta\u015f\u0131m\u0131\u015f olacak.<\/p>\n<!-- Error, Advert is not available at this time due to schedule\/geolocation restrictions! -->\n","protected":false},"excerpt":{"rendered":"<p>D\u00fcnyan\u0131n gelmi\u015f ge\u00e7mi\u015f en iyi futbolcusu say\u0131lan Barcelona&#8217;n\u0131n y\u0131ld\u0131z\u0131 Linoel Messi, tak\u0131m\u0131nda kald\u0131. Manchester City&#8217;nin devreye girmesinin ard\u0131ndan Barcelona, Arjantinli oyuncusunun s\u00f6zle\u015fmesini 700 milyon euro gibi tarihi bir serbest kalma bedeli koyarak 2021&#8217;e kadar uzatt\u0131\u011f\u0131n\u0131 duyurdu. Son g\u00fcnlerde tak\u0131m\u0131ndan ayr\u0131laca\u011f\u0131 konu\u015fulan d\u00fcnyaca \u00fcnl\u00fc y\u0131ld\u0131z Messi Barcelona&#8217;da kald\u0131. Katalan kul\u00fcb\u00fc bug\u00fcn internet sitesinden yapt\u0131\u011f\u0131 a\u00e7\u0131klama ile &hellip;<\/p>\n","protected":false},"author":9192198,"featured_media":257696,"comment_status":"open","ping_status":"open","sticky":false,"template":"","format":"standard","meta":{"_acf_changed":false,"footnotes":""},"categories":[5005,349],"tags":[7089,60562,1038,60922,12195,15,12204,21033,20555,3330],"class_list":["post-257695","post","type-post","status-publish","format-standard","has-post-thumbnail","hentry","category-manset","category-son-dakika","tag-arjantin","tag-barca","tag-barcelona","tag-camp-nou","tag-fc-barcelona","tag-ispanya","tag-katalan","tag-la-liga","tag-messi","tag-porto"],"acf":[],"_links":{"self":[{"href":"https:\/\/www.nationalturk.com\/tr\/wp-json\/wp\/v2\/posts\/257695","targetHints":{"allow":["GET"]}}],"collection":[{"href":"https:\/\/www.nationalturk.com\/tr\/wp-json\/wp\/v2\/posts"}],"about":[{"href":"https:\/\/www.nationalturk.com\/tr\/wp-json\/wp\/v2\/types\/post"}],"author":[{"embeddable":true,"href":"https:\/\/www.nationalturk.com\/tr\/wp-json\/wp\/v2\/users\/9192198"}],"replies":[{"embeddable":true,"href":"https:\/\/www.nationalturk.com\/tr\/wp-json\/wp\/v2\/comments?post=257695"}],"version-history":[{"count":0,"href":"https:\/\/www.nationalturk.com\/tr\/wp-json\/wp\/v2\/posts\/257695\/revisions"}],"wp:featuredmedia":[{"embeddable":true,"href":"https:\/\/www.nationalturk.com\/tr\/wp-json\/wp\/v2\/media\/257696"}],"wp:attachment":[{"href":"https:\/\/www.nationalturk.com\/tr\/wp-json\/wp\/v2\/media?parent=257695"}],"wp:term":[{"taxonomy":"category","embeddable":true,"href":"https:\/\/www.nationalturk.com\/tr\/wp-json\/wp\/v2\/categories?post=257695"},{"taxonomy":"post_tag","embeddable":true,"href":"https:\/\/www.nationalturk.com\/tr\/wp-json\/wp\/v2\/tags?post=257695"}],"curies":[{"name":"wp","href":"https:\/\/api.w.org\/{rel}","templated":true}]}}