{"id":257713,"date":"2017-11-27T10:04:15","date_gmt":"2017-11-27T07:04:15","guid":{"rendered":"http:\/\/www.nationalturk.com\/?p=257713"},"modified":"2017-11-27T10:04:15","modified_gmt":"2017-11-27T07:04:15","slug":"tusiad-deikten-cikarildi","status":"publish","type":"post","link":"https:\/\/www.nationalturk.com\/tr\/tusiad-deikten-cikarildi\/","title":{"rendered":"T\u00dcS\u0130AD DE\u0130K\u2019ten \u00e7\u0131kar\u0131ld\u0131"},"content":{"rendered":"<h2>Ba\u015fta Cumhurba\u015fkan\u0131 Tayyip Erdo\u011fan olmak \u00fczere AKP h\u00fck\u00fcmetlerinin y\u00f6neticileriyle y\u0131ld\u0131z\u0131 bir t\u00fcrl\u00fc bar\u0131\u015fmayan T\u00fcrk Sanayici ve \u0130\u015f adamlar\u0131 Derne\u011fi (T\u00dcS\u0130AD), D\u0131\u015f Ekonomik \u0130li\u015fkiler Kurulu\u2019nun (DE\u0130K) hem y\u00f6netiminden hem de \u00fcyeli\u011finden \u00e7\u0131kar\u0131ld\u0131.<\/h2>\n<p>Ekonomi Bakanl\u0131\u011f\u0131, DE\u0130K ve i\u015f konseyleri \u00e7al\u0131\u015fma usul ve esaslar\u0131n\u0131 d\u00fczenleyen y\u00f6netmelikte s\u00fcrpriz bir de\u011fi\u015fikli\u011fe gitti.<\/p>\n<p>Ba\u015fkanl\u0131\u011f\u0131n\u0131 Erol Bilecik&#8217;in yapt\u0131\u011f\u0131 T\u00dcS\u0130AD&#8217;\u0131n ayn\u0131 zamanda T\u00fcrkiye&#8217;nin en b\u00fcy\u00fck sanayici ve ihracat\u00e7\u0131lar\u0131n\u0131n \u00fcye oldu\u011fu bir kurum olmas\u0131na kar\u015f\u0131n, b\u00f6yle bir ad\u0131m at\u0131lmas\u0131 \u2018T\u00dcS\u0130AD&#8217;a ceza&#8217; olarak nitelendiriliyor.<\/p>\n<p>DE\u0130K&#8217;in y\u00f6netim yap\u0131s\u0131n\u0131 yeniden belirleyen Ekonomi Bakanl\u0131\u011f\u0131, y\u0131llard\u0131r DE\u0130K y\u00f6netiminde bulunan T\u00dcS\u0130AD&#8217;\u0131 hem kurucu \u00fcyelikten hem de normal \u00fcyelikten tamamen \u00e7\u0131kard\u0131.<\/p>\n<p>Yeni d\u00fczenlemeyle kurucu kurulu\u015flar aras\u0131nda yer alan T\u00fcrkiye Odalar ve Borsalar Birli\u011fi (TOBB), T\u00fcrkiye \u0130hracat\u00e7\u0131lar Meclisi (T\u0130M), M\u00fcstakil Sanayici ve \u0130\u015fadamlar\u0131 Derne\u011fi (M\u00dcS\u0130AD) ile T\u00fcrkiye M\u00fcteahhitler Birli\u011fi&#8217;ni (TMB) d\u00f6rt ana kurucu kurulu\u015f olarak belirlendi.<\/p>\n<h3>T\u00dcS\u0130AD 5 kurucu aras\u0131ndayd\u0131<\/h3>\n<p>Daha \u00f6nce bu d\u00f6rt kurumun i\u00e7inde be\u015finci kurucu kurulu\u015f olarak yer alan T\u00dcS\u0130AD ana kurucu kurulu\u015flar aras\u0131na al\u0131nmad\u0131\u011f\u0131 gibi, di\u011fer kurucu kurulu\u015flar listesine de yaz\u0131lmad\u0131. H\u00fck\u00fcmet, 2014 y\u0131l\u0131nda \u00e7\u0131kard\u0131\u011f\u0131 yine s\u00fcrpriz bir y\u00f6netmelik de\u011fi\u015fikli\u011fiyle DE\u0130K&#8217;i i\u015f d\u00fcnyas\u0131n\u0131n y\u00f6netiminden al\u0131p tamamen kendisine ba\u011flam\u0131\u015f, ancak T\u00dcS\u0130AD&#8217;\u0131 kurucu \u00fcye s\u0131fat\u0131yla y\u00f6netim kurulu i\u00e7inde b\u0131rakm\u0131\u015ft\u0131.<\/p>\n<h4>T\u00dcS\u0130AD&#8217;dan &#8216;g\u00fcn\u00fc kurtarma&#8217;<\/h4>\n<p>T\u00dcS\u0130AD \u00f6nceki d\u00fczenlemede 5 kurucu kurulu\u015f aras\u0131nda yer ald\u0131\u011f\u0131 i\u00e7in DE\u0130K&#8217;in y\u00f6netimine de direkt girmi\u015fti. Yeni d\u00fczenlemeyle DE\u0130K \u00fcyeli\u011fi sona eren T\u00dcS\u0130AD, y\u0131ll\u0131k gelirinin y\u00fczde 1&#8217;i oran\u0131nda DE\u0130K b\u00fct\u00e7esine yapt\u0131\u011f\u0131 katk\u0131 pay\u0131n\u0131 da art\u0131k \u00f6demeyecek.<\/p>\n<p>Yeni d\u00fczenlemeyle M\u00dcS\u0130AD ve TMB&#8217;nin \u00f6deyece\u011fi y\u0131ll\u0131k katk\u0131 pay\u0131 da gelirlerinin y\u00fczde 1&#8217;i yerine di\u011fer \u00fcyelerin \u00f6deyece\u011fi aidat\u0131n 5 kat\u0131 olarak de\u011fi\u015ftirildi. H\u00fck\u00fcmeti \u00f6zellikle demokrasi, insan haklar\u0131, \u00e7o\u011fulculuk ve bas\u0131n \u00f6zg\u00fcrl\u00fc\u011f\u00fc gibi alanlarda ele\u015ftiren T\u00dcS\u0130AD son d\u00f6nemde ele\u015ftirilerinin dozunu yumu\u015fatm\u0131\u015f, hatta bu nedenle CHP Lideri Kemal K\u0131l\u0131\u00e7daro\u011flu ile T\u00dcS\u0130AD y\u00f6netimi aras\u0131nda kar\u015f\u0131l\u0131kl\u0131 polemik ya\u015fanm\u0131\u015ft\u0131.<\/p>\n<!-- Error, Advert is not available at this time due to schedule\/geolocation restrictions! -->\n","protected":false},"excerpt":{"rendered":"<p>Ba\u015fta Cumhurba\u015fkan\u0131 Tayyip Erdo\u011fan olmak \u00fczere AKP h\u00fck\u00fcmetlerinin y\u00f6neticileriyle y\u0131ld\u0131z\u0131 bir t\u00fcrl\u00fc bar\u0131\u015fmayan T\u00fcrk Sanayici ve \u0130\u015f adamlar\u0131 Derne\u011fi (T\u00dcS\u0130AD), D\u0131\u015f Ekonomik \u0130li\u015fkiler Kurulu\u2019nun (DE\u0130K) hem y\u00f6netiminden hem de \u00fcyeli\u011finden \u00e7\u0131kar\u0131ld\u0131. Ekonomi Bakanl\u0131\u011f\u0131, DE\u0130K ve i\u015f konseyleri \u00e7al\u0131\u015fma usul ve esaslar\u0131n\u0131 d\u00fczenleyen y\u00f6netmelikte s\u00fcrpriz bir de\u011fi\u015fikli\u011fe gitti. Ba\u015fkanl\u0131\u011f\u0131n\u0131 Erol Bilecik&#8217;in yapt\u0131\u011f\u0131 T\u00dcS\u0130AD&#8217;\u0131n ayn\u0131 zamanda T\u00fcrkiye&#8217;nin &hellip;<\/p>\n","protected":false},"author":9192198,"featured_media":257714,"comment_status":"open","ping_status":"open","sticky":false,"template":"","format":"standard","meta":{"_acf_changed":false,"footnotes":""},"categories":[6199,5005,349,6805],"tags":[169359,174055,135266,19912,91680,3421,77167,3422,47142],"class_list":["post-257713","post","type-post","status-publish","format-standard","has-post-thumbnail","hentry","category-ekonomi","category-manset","category-son-dakika","category-turkiye","tag-cumhurbaskani-erdogan","tag-deik","tag-ekonomi-bakanligi","tag-musiad","tag-mustakil-sanayici-ve-isadamlari-dernegi","tag-tobb","tag-turkiye-muteahhitler-birligi","tag-turkiye-odalar-ve-borsalar-birligi","tag-tusiad"],"acf":[],"_links":{"self":[{"href":"https:\/\/www.nationalturk.com\/tr\/wp-json\/wp\/v2\/posts\/257713","targetHints":{"allow":["GET"]}}],"collection":[{"href":"https:\/\/www.nationalturk.com\/tr\/wp-json\/wp\/v2\/posts"}],"about":[{"href":"https:\/\/www.nationalturk.com\/tr\/wp-json\/wp\/v2\/types\/post"}],"author":[{"embeddable":true,"href":"https:\/\/www.nationalturk.com\/tr\/wp-json\/wp\/v2\/users\/9192198"}],"replies":[{"embeddable":true,"href":"https:\/\/www.nationalturk.com\/tr\/wp-json\/wp\/v2\/comments?post=257713"}],"version-history":[{"count":0,"href":"https:\/\/www.nationalturk.com\/tr\/wp-json\/wp\/v2\/posts\/257713\/revisions"}],"wp:featuredmedia":[{"embeddable":true,"href":"https:\/\/www.nationalturk.com\/tr\/wp-json\/wp\/v2\/media\/257714"}],"wp:attachment":[{"href":"https:\/\/www.nationalturk.com\/tr\/wp-json\/wp\/v2\/media?parent=257713"}],"wp:term":[{"taxonomy":"category","embeddable":true,"href":"https:\/\/www.nationalturk.com\/tr\/wp-json\/wp\/v2\/categories?post=257713"},{"taxonomy":"post_tag","embeddable":true,"href":"https:\/\/www.nationalturk.com\/tr\/wp-json\/wp\/v2\/tags?post=257713"}],"curies":[{"name":"wp","href":"https:\/\/api.w.org\/{rel}","templated":true}]}}