{"id":257718,"date":"2017-11-27T10:23:47","date_gmt":"2017-11-27T07:23:47","guid":{"rendered":"http:\/\/www.nationalturk.com\/?p=257718"},"modified":"2017-11-27T10:23:47","modified_gmt":"2017-11-27T07:23:47","slug":"bakan-acikladi-liseye-giriste-yeni-sistemin-detaylari-belli-oldu","status":"publish","type":"post","link":"https:\/\/www.nationalturk.com\/tr\/bakan-acikladi-liseye-giriste-yeni-sistemin-detaylari-belli-oldu\/","title":{"rendered":"Bakan a\u00e7\u0131klad\u0131&#8230;. Liseye giri\u015fte yeni sistemin detaylar\u0131 belli oldu"},"content":{"rendered":"<h2>liselere giri\u015f i\u00e7in sistem de\u011fi\u015fiyor. Milli E\u011fitim Bakan\u0131 \u0130smet Y\u0131lmaz, liselere giri\u015f i\u00e7in yenilenen sistemin detaylar\u0131n\u0131 a\u00e7\u0131klad\u0131.<\/h2>\n<p>Bakan \u0130smet Y\u0131lmaz, liselere giri\u015f i\u00e7in uygulanacak yeni sistem hakk\u0131nda bilgiler verdi. \u0130\u015fte Milli E\u011fitim Bakan\u0131 \u0130smet Y\u0131lmaz&#8217;\u0131n a\u00e7\u0131klamalar\u0131&#8230;<\/p>\n<p>&#8220;E\u011fitim b\u00f6lgelerini olu\u015fturuyoruz. \u015eu an \u00e7al\u0131\u015fma s\u00fcr\u00fcyor. Aral\u0131k&#8217;ta olu\u015facak. Olu\u015ftuktan sonra vatanda\u015flar\u0131m\u0131z g\u00f6recek ki, kayg\u0131 duyacak hi\u00e7bir \u015fey yok. B\u00fct\u00fcn m\u00fcfredat\u0131m\u0131z \u00f6\u011frencilerimizin genel yetene\u011finin \u00f6l\u00e7\u00fclece\u011fini ifade ettik. Ge\u00e7mi\u015f y\u0131llara d\u00f6nerseniz bu dershanecili\u011fi, ilave kaynaklar\u0131 aramaya iter diye bir g\u00f6r\u00fc\u015f geldi. Biz bunu hakl\u0131 g\u00f6rd\u00fck. Dolay\u0131s\u0131yla bu sistemde sadece 8&#8217;inci s\u0131n\u0131flardan soru soraca\u011f\u0131z. Okullar\u0131m\u0131z\u0131n kitab\u0131, m\u00fcfredat\u0131, kazan\u0131mlar\u0131 do\u011fru \u00e7\u0131kacak. Biz bir \u00f6nceki a\u00e7\u0131klamam\u0131zda 60 soru soraca\u011f\u0131m\u0131z\u0131 a\u00e7\u0131klam\u0131\u015ft\u0131k.<\/p>\n<h3>Liseye giri\u015fte 135 dakika 90 soru<\/h3>\n<p>Biz bunu yaparken \u00f6\u011frencilerimiz ortaokula, liseye ge\u00e7eceklerdi. Bir de liseyi bitirip \u00fcniversiteye ge\u00e7enler vard\u0131. Ayn\u0131 soruyu sorarsan\u0131z bu do\u011fru olmazd\u0131. \u00dcniversite i\u00e7in soru say\u0131s\u0131 art\u0131nca, biz de art\u0131rd\u0131k. 20 fen, 20 matematik, 20 T\u00fcrk\u00e7e, 10 ink\u0131lap tarihi, 10 din k\u00fclt\u00fcr\u00fc ve ahlak bilgisi, 10 da yabanc\u0131 dilden soraca\u011f\u0131z. TEOG da \u00e7\u0131kan sorular da bu da\u011f\u0131l\u0131ma e\u015fitti. 135 dakika verilecek. Tek oturumda olacak. 90 soru 135 dakikada yan\u0131tlanacak.<\/p>\n<h4>&#8220;S\u0131navla y\u00fczde 10 yerle\u015fecek&#8221;<\/h4>\n<p>TEOG&#8217;a d\u00f6n\u00fc\u015f hi\u00e7bir \u015fekilde olmayacak. Biz TEOG&#8217;u ortadan kald\u0131r\u0131rken sak\u0131ncalar\u0131n\u0131 ortaya koymu\u015ftuk. Ge\u00e7mi\u015f uygulamalardan daya iyiydi. Ancak et\u00fct merkezlerinin \u00e7o\u011fald\u0131\u011f\u0131, okul d\u0131\u015f\u0131 kaynaklara \u00f6\u011frencilerin y\u00f6nlendirildi\u011fi \u015fikayetleri gelince s\u0131nav\u0131n bask\u0131s\u0131n\u0131 zorunlu olmaktan \u00e7\u0131karal\u0131m dedik.<\/p>\n<p>Y\u00fczde 90 \u00f6\u011frencimiz kendi adresine dayal\u0131, b\u00f6lgesindeki okullara kaydedilecek. \u0130steyen \u00f6\u011frenci s\u0131nava girecek. Ancak \u00f6\u011frenci say\u0131s\u0131 y\u00fczde 10&#8217;a tekab\u00fcl eden bir grubu s\u0131navla \u00f6\u011frenci alan okullar stat\u00fcs\u00fcne getirece\u011fiz.<\/p>\n<p>Fen liseleri, proje okullar\u0131, sosyal bilimler liseleri. B\u00fct\u00fcn vatanda\u015flar\u0131m\u0131z bizzat ya\u015fam\u0131\u015flard\u0131r genelde lise neden tercih ediliyor. Evlatlar\u0131m\u0131z daha iyi bir y\u00fcksek\u00f6\u011fretim kurumuna kay\u0131t olabilsinler diye. Her ilde, her il\u00e7ede \u00fcniversiteyi kazananlar var.<\/p>\n<p>\u0130l\u00e7emizde fen lisesi, sosyal bilimler, proje okulu yok, ancak ya sizin ya da kom\u015funuzun o\u011flu m\u00fchendisli\u011fi kazand\u0131. Her okul bizim i\u00e7in \u00f6zellikli, her okula daha \u00e7ok \u00f6nem verece\u011fiz. Bir y\u0131l sonunda g\u00f6r\u00fclecek ki, s\u0131navla \u00f6\u011frenci alan liseler ne kadar \u00fcniversiteye \u00f6\u011frenci ta\u015f\u0131yabiliyorsa, s\u0131navla girilmeyen liseler de bu kadar \u00f6\u011frenci sa\u011flamakta. Her \u00f6\u011frenci, her okuldan girebilir. Mevcut sistemde \u00f6\u011frencinin ba\u015far\u0131s\u0131, biraz daha \u00f6ne \u00e7\u0131km\u0131\u015f \u00f6\u011frencileri okula al\u0131yordunuz.<\/p>\n<!-- Error, Advert is not available at this time due to schedule\/geolocation restrictions! -->\n","protected":false},"excerpt":{"rendered":"<p>liselere giri\u015f i\u00e7in sistem de\u011fi\u015fiyor. Milli E\u011fitim Bakan\u0131 \u0130smet Y\u0131lmaz, liselere giri\u015f i\u00e7in yenilenen sistemin detaylar\u0131n\u0131 a\u00e7\u0131klad\u0131. Bakan \u0130smet Y\u0131lmaz, liselere giri\u015f i\u00e7in uygulanacak yeni sistem hakk\u0131nda bilgiler verdi. \u0130\u015fte Milli E\u011fitim Bakan\u0131 \u0130smet Y\u0131lmaz&#8217;\u0131n a\u00e7\u0131klamalar\u0131&#8230; &#8220;E\u011fitim b\u00f6lgelerini olu\u015fturuyoruz. \u015eu an \u00e7al\u0131\u015fma s\u00fcr\u00fcyor. Aral\u0131k&#8217;ta olu\u015facak. Olu\u015ftuktan sonra vatanda\u015flar\u0131m\u0131z g\u00f6recek ki, kayg\u0131 duyacak hi\u00e7bir \u015fey yok. &hellip;<\/p>\n","protected":false},"author":9192198,"featured_media":256202,"comment_status":"open","ping_status":"open","sticky":false,"template":"","format":"standard","meta":{"_acf_changed":false,"footnotes":""},"categories":[5005,349,6805],"tags":[194981,81558,214612,151845],"class_list":["post-257718","post","type-post","status-publish","format-standard","has-post-thumbnail","hentry","category-manset","category-son-dakika","category-turkiye","tag-liselere-giris","tag-milli-egitim-bakani","tag-milli-egitim-bakani-ismet-yilmaz","tag-teog"],"acf":[],"_links":{"self":[{"href":"https:\/\/www.nationalturk.com\/tr\/wp-json\/wp\/v2\/posts\/257718","targetHints":{"allow":["GET"]}}],"collection":[{"href":"https:\/\/www.nationalturk.com\/tr\/wp-json\/wp\/v2\/posts"}],"about":[{"href":"https:\/\/www.nationalturk.com\/tr\/wp-json\/wp\/v2\/types\/post"}],"author":[{"embeddable":true,"href":"https:\/\/www.nationalturk.com\/tr\/wp-json\/wp\/v2\/users\/9192198"}],"replies":[{"embeddable":true,"href":"https:\/\/www.nationalturk.com\/tr\/wp-json\/wp\/v2\/comments?post=257718"}],"version-history":[{"count":0,"href":"https:\/\/www.nationalturk.com\/tr\/wp-json\/wp\/v2\/posts\/257718\/revisions"}],"wp:featuredmedia":[{"embeddable":true,"href":"https:\/\/www.nationalturk.com\/tr\/wp-json\/wp\/v2\/media\/256202"}],"wp:attachment":[{"href":"https:\/\/www.nationalturk.com\/tr\/wp-json\/wp\/v2\/media?parent=257718"}],"wp:term":[{"taxonomy":"category","embeddable":true,"href":"https:\/\/www.nationalturk.com\/tr\/wp-json\/wp\/v2\/categories?post=257718"},{"taxonomy":"post_tag","embeddable":true,"href":"https:\/\/www.nationalturk.com\/tr\/wp-json\/wp\/v2\/tags?post=257718"}],"curies":[{"name":"wp","href":"https:\/\/api.w.org\/{rel}","templated":true}]}}