{"id":257739,"date":"2017-11-27T13:20:40","date_gmt":"2017-11-27T10:20:40","guid":{"rendered":"http:\/\/www.nationalturk.com\/?p=257739"},"modified":"2017-11-27T13:21:23","modified_gmt":"2017-11-27T10:21:23","slug":"rusya-ucaklari-suriyeyi-bombaladi-53-olu","status":"publish","type":"post","link":"https:\/\/www.nationalturk.com\/tr\/rusya-ucaklari-suriyeyi-bombaladi-53-olu\/","title":{"rendered":"Rusya u\u00e7aklar\u0131 Suriye&#8217;yi bombalad\u0131: 53 \u00f6l\u00fc"},"content":{"rendered":"<h2>Suriyeli muhalif olu\u015fum Suriye \u0130nsan Haklar\u0131 G\u00f6zlemevi, \u00fclkenin do\u011fusundaki Deyr ez Zor&#8217;da bir k\u00f6ye Rus u\u00e7aklar\u0131 taraf\u0131ndan yap\u0131lan sald\u0131r\u0131larda, 21&#8217;i \u00e7ocuk en az 53 sivilin hayat\u0131n\u0131 kaybetti\u011fini a\u00e7\u0131klad\u0131.<\/h2>\n<p>Hava sald\u0131r\u0131lar\u0131, Al-Shafah k\u00f6y\u00fcn\u00fc hedef ald\u0131. SOHR sald\u0131r\u0131da sivillerin ya\u015fad\u0131\u011f\u0131 binalar\u0131n da vuruldu\u011funu belirtti.<br \/>\nSOHR Direkt\u00f6r\u00fc Rami Abdel Rahman \u00f6l\u00fc say\u0131s\u0131n\u0131n artabilece\u011fini s\u00f6yledi. K\u00f6y, ter\u00f6r\u00f6 \u00f6rg\u00fct\u00fc I\u015e\u0130D&#8217;in kontrol\u00fc elinde tuttu\u011fu son birka\u00e7 yerden biri.<\/p>\n<h3>Rusya: I\u015e\u0130D&#8217;\u0131 hedef ald\u0131k<\/h3>\n<p>Rusya b\u00f6lgede 6 uzun menzilli bombard\u0131man u\u00e7a\u011f\u0131yla sald\u0131r\u0131 d\u00fczenledi\u011fini a\u00e7\u0131klam\u0131\u015f ancak sald\u0131r\u0131lar\u0131n I\u015e\u0130D militanlar\u0131n\u0131 hedef ald\u0131\u011f\u0131n\u0131 iddia etmi\u015fti. Pazar g\u00fcn\u00fc daha erken saatlerde \u015eam&#8217;\u0131n d\u0131\u015f mahallelerine d\u00fczenlenen hava sald\u0131r\u0131lar\u0131nda da 23 ki\u015finin \u00f6ld\u00fc\u011f\u00fc belirtilmi\u015fti.<\/p>\n<p>SOHR, Do\u011fu Guta&#8217;da baz\u0131 b\u00f6lgelerin hava sald\u0131r\u0131lar\u0131nda vuruldu\u011funu a\u00e7\u0131klad\u0131. B\u00f6lge Suriye ordusunun ku\u015fatmas\u0131 alt\u0131nda. Do\u011fu Guta ayn\u0131 zamanda Rusya-\u0130ran-T\u00fcrkiye \u00fc\u00e7l\u00fcs\u00fcn\u00fcn May\u0131s ay\u0131nda kararla\u015ft\u0131rd\u0131\u011f\u0131 d\u00f6rt &#8220;\u00e7at\u0131\u015fmas\u0131zl\u0131k b\u00f6lgesinden&#8221; biriydi.<\/p>\n<p>Bu arada sald\u0131r\u0131lar SOHR d\u0131\u015f\u0131nda kaynaklarca do\u011frulanmad\u0131. Suriye ordusu ay ba\u015f\u0131nda, I\u015e\u0130D&#8217;in elinde kalan son \u015fehir Elbu Kemal&#8217;i de geri ald\u0131klar\u0131n\u0131 a\u00e7\u0131klayarak, zafer ilan etmi\u015fti.<\/p>\n<p>Suriye&#8217;de ate\u015fkesin g\u00f6r\u00fc\u015f\u00fcld\u00fc\u011f\u00fc Birle\u015fmi\u015f Milletler destekli Cenevre konferanslar\u0131n\u0131n gelecek hafta devam etmesi bekleniyor.<\/p>\n<!-- Error, Advert is not available at this time due to schedule\/geolocation restrictions! -->\n","protected":false},"excerpt":{"rendered":"<p>Suriyeli muhalif olu\u015fum Suriye \u0130nsan Haklar\u0131 G\u00f6zlemevi, \u00fclkenin do\u011fusundaki Deyr ez Zor&#8217;da bir k\u00f6ye Rus u\u00e7aklar\u0131 taraf\u0131ndan yap\u0131lan sald\u0131r\u0131larda, 21&#8217;i \u00e7ocuk en az 53 sivilin hayat\u0131n\u0131 kaybetti\u011fini a\u00e7\u0131klad\u0131. Hava sald\u0131r\u0131lar\u0131, Al-Shafah k\u00f6y\u00fcn\u00fc hedef ald\u0131. SOHR sald\u0131r\u0131da sivillerin ya\u015fad\u0131\u011f\u0131 binalar\u0131n da vuruldu\u011funu belirtti. SOHR Direkt\u00f6r\u00fc Rami Abdel Rahman \u00f6l\u00fc say\u0131s\u0131n\u0131n artabilece\u011fini s\u00f6yledi. K\u00f6y, ter\u00f6r\u00f6 \u00f6rg\u00fct\u00fc I\u015e\u0130D&#8217;in &hellip;<\/p>\n","protected":false},"author":9192198,"featured_media":257740,"comment_status":"open","ping_status":"open","sticky":false,"template":"","format":"standard","meta":{"_acf_changed":false,"footnotes":""},"categories":[5005,6202],"tags":[23764,13588,214627,214145,151890,183322,721,48948,806,77023,195938],"class_list":["post-257739","post","type-post","status-publish","format-standard","has-post-thumbnail","hentry","category-manset","category-politika","tag-birlesmis-milletler","tag-cenevre","tag-dogu-guta","tag-elbu-kemal","tag-isid","tag-rami-abdel-rahman","tag-rusya","tag-sam","tag-suriye","tag-suriye-insan-haklari-gozlemevi","tag-turkiye"],"acf":[],"_links":{"self":[{"href":"https:\/\/www.nationalturk.com\/tr\/wp-json\/wp\/v2\/posts\/257739","targetHints":{"allow":["GET"]}}],"collection":[{"href":"https:\/\/www.nationalturk.com\/tr\/wp-json\/wp\/v2\/posts"}],"about":[{"href":"https:\/\/www.nationalturk.com\/tr\/wp-json\/wp\/v2\/types\/post"}],"author":[{"embeddable":true,"href":"https:\/\/www.nationalturk.com\/tr\/wp-json\/wp\/v2\/users\/9192198"}],"replies":[{"embeddable":true,"href":"https:\/\/www.nationalturk.com\/tr\/wp-json\/wp\/v2\/comments?post=257739"}],"version-history":[{"count":0,"href":"https:\/\/www.nationalturk.com\/tr\/wp-json\/wp\/v2\/posts\/257739\/revisions"}],"wp:featuredmedia":[{"embeddable":true,"href":"https:\/\/www.nationalturk.com\/tr\/wp-json\/wp\/v2\/media\/257740"}],"wp:attachment":[{"href":"https:\/\/www.nationalturk.com\/tr\/wp-json\/wp\/v2\/media?parent=257739"}],"wp:term":[{"taxonomy":"category","embeddable":true,"href":"https:\/\/www.nationalturk.com\/tr\/wp-json\/wp\/v2\/categories?post=257739"},{"taxonomy":"post_tag","embeddable":true,"href":"https:\/\/www.nationalturk.com\/tr\/wp-json\/wp\/v2\/tags?post=257739"}],"curies":[{"name":"wp","href":"https:\/\/api.w.org\/{rel}","templated":true}]}}