{"id":257796,"date":"2017-11-28T10:08:21","date_gmt":"2017-11-28T07:08:21","guid":{"rendered":"http:\/\/www.nationalturk.com\/?p=257796"},"modified":"2026-04-26T13:06:50","modified_gmt":"2026-04-26T10:06:50","slug":"turuncu-listedeki-pkkli-terorist-serhat-saridas-olduruldu","status":"publish","type":"post","link":"https:\/\/www.nationalturk.com\/tr\/turuncu-listedeki-pkkli-terorist-serhat-saridas-olduruldu\/","title":{"rendered":"Turuncu listedeki PKK&#8217;l\u0131 ter\u00f6rist Serhat Sar\u0131da\u015f \u00f6ld\u00fcr\u00fcld\u00fc"},"content":{"rendered":"<h2>Tunceli&#8217;nin P\u00fcl\u00fcm\u00fcr k\u0131rsal\u0131nda d\u00fczenlenen operasyonda \u00f6ld\u00fcr\u00fclen ter\u00f6ristlerden birinin PKK&#8217;n\u0131n s\u00f6zde Dersim saha sorumlusu turuncu listedeki &#8220;Serdem&#8221; kod adl\u0131 Bilal Serhat Sar\u0131da\u015f oldu\u011fu belirlendi.<\/h2>\n<p>Tunceli\u2019nin P\u00fcl\u00fcm\u00fcr il\u00e7esi k\u0131rsal\u0131nda d\u00fcn Jandarma ve Polis \u00d6zel Harekat Timleri taraf\u0131ndan ter\u00f6r \u00f6rg\u00fct\u00fc PKK\u2019ya y\u00f6nelik operasyon yap\u0131ld\u0131. Operasyonda ter\u00f6ristlerle s\u0131cak temas sa\u011flayan timler, 2\u2019si kad\u0131n 4 ter\u00f6risti \u00f6l\u00fc olarak ele ge\u00e7irdi.<\/p>\n<p>Ter\u00f6ristlerin \u00fczerinden 4 adet kala\u015fnikof ile 1 adet roket atar ele ge\u00e7irildi. Operasyonda \u00f6ld\u00fcr\u00fclen ter\u00f6ristlerden birinin ter\u00f6r \u00f6rg\u00fct\u00fc PKK&#8217;n\u0131n s\u00f6zde Dersim saha sorumlusu &#8220;Serdem&#8221; kod adl\u0131 Bilal Serhat Sar\u0131da\u015f oldu\u011fu belirlendi.<\/p>\n<p>Ter\u00f6rist Sar\u0131ta\u015f&#8217;\u0131n \u0130\u00e7i\u015fleri Bakanl\u0131\u011f\u0131n\u0131n ter\u00f6r aranan listesinde 600 bin TL \u00f6d\u00fcll\u00fc turuncu listede yer ald\u0131\u011f\u0131 ortaya \u00e7\u0131kt\u0131. Ter\u00f6ristleri etkisiz hale getiren timler, b\u00f6lgede bir de s\u0131\u011f\u0131nak tespit etti. S\u0131\u011f\u0131na\u011fa yap\u0131lan operasyonda ise 17 adet kala\u015fnikof piyade t\u00fcfe\u011fi ve binlerce m\u00fchimmat ele ge\u00e7irdi.<\/p>\n<h3>&#8220;600 bin TL \u00f6d\u00fcll\u00fc Sar\u0131da\u015f&#8221;<\/h3>\n<p>Tunceli Valili\u011finden yap\u0131lan a\u00e7\u0131klamada, &#8220;27 Kas\u0131m 2017 Tarihinde M\u0130T, Jandarma \u00d6zel Harekat ve Polis \u00d6zel Harekat unsurlar\u0131m\u0131zca P\u00fcl\u00fcm\u00fcr k\u0131rsal\u0131nda m\u00fc\u015fterek olarak yap\u0131lan operasyonda \u00f6l\u00fc olarak ele ge\u00e7irilen 4 ter\u00f6ristten birinin 600 bin TL \u00f6d\u00fcll\u00fc ter\u00f6r arananlar turuncu listede bulunan s\u00f6zde Dersim saha sorumlusu &#8216;Serdem&#8217; kod adl\u0131 Bilal Serhat Sar\u0131da\u015f oldu\u011fu tespit edilmi\u015ftir&#8221; duyurusu yap\u0131ld\u0131.<\/p>\n<p>Valilik, kentte ter\u00f6rist unsurlar\u0131n bulunmas\u0131na ve etkisiz hale getirilmesine y\u00f6nelik \u00e7al\u0131\u015fmalar\u0131n azim ve kararl\u0131l\u0131kla s\u00fcrd\u00fcr\u00fcld\u00fc\u011f\u00fcne aktard\u0131.<\/p>\n<!-- Error, Advert is not available at this time due to schedule\/geolocation restrictions! -->\n","protected":false},"excerpt":{"rendered":"<p>Tunceli&#8217;nin P\u00fcl\u00fcm\u00fcr k\u0131rsal\u0131nda d\u00fczenlenen operasyonda \u00f6ld\u00fcr\u00fclen ter\u00f6ristlerden birinin PKK&#8217;n\u0131n s\u00f6zde Dersim saha sorumlusu turuncu listedeki &#8220;Serdem&#8221; kod adl\u0131 Bilal Serhat Sar\u0131da\u015f oldu\u011fu belirlendi. Tunceli\u2019nin P\u00fcl\u00fcm\u00fcr il\u00e7esi k\u0131rsal\u0131nda d\u00fcn Jandarma ve Polis \u00d6zel Harekat Timleri taraf\u0131ndan ter\u00f6r \u00f6rg\u00fct\u00fc PKK\u2019ya y\u00f6nelik operasyon yap\u0131ld\u0131. Operasyonda ter\u00f6ristlerle s\u0131cak temas sa\u011flayan timler, 2\u2019si kad\u0131n 4 ter\u00f6risti \u00f6l\u00fc olarak ele ge\u00e7irdi. &hellip;<\/p>\n","protected":false},"author":9192198,"featured_media":256202,"comment_status":"open","ping_status":"open","sticky":false,"template":"","format":"standard","meta":{"_acf_changed":false,"footnotes":""},"categories":[5005,349,6805],"tags":[8294,8076,5592,4134,74924],"class_list":["post-257796","post","type-post","status-publish","format-standard","has-post-thumbnail","hentry","category-manset","category-son-dakika","category-turkiye","tag-dersim","tag-mit","tag-pkk","tag-tunceli","tag-tunceli-pulumur"],"acf":[],"_links":{"self":[{"href":"https:\/\/www.nationalturk.com\/tr\/wp-json\/wp\/v2\/posts\/257796","targetHints":{"allow":["GET"]}}],"collection":[{"href":"https:\/\/www.nationalturk.com\/tr\/wp-json\/wp\/v2\/posts"}],"about":[{"href":"https:\/\/www.nationalturk.com\/tr\/wp-json\/wp\/v2\/types\/post"}],"author":[{"embeddable":true,"href":"https:\/\/www.nationalturk.com\/tr\/wp-json\/wp\/v2\/users\/9192198"}],"replies":[{"embeddable":true,"href":"https:\/\/www.nationalturk.com\/tr\/wp-json\/wp\/v2\/comments?post=257796"}],"version-history":[{"count":1,"href":"https:\/\/www.nationalturk.com\/tr\/wp-json\/wp\/v2\/posts\/257796\/revisions"}],"predecessor-version":[{"id":308601,"href":"https:\/\/www.nationalturk.com\/tr\/wp-json\/wp\/v2\/posts\/257796\/revisions\/308601"}],"wp:featuredmedia":[{"embeddable":true,"href":"https:\/\/www.nationalturk.com\/tr\/wp-json\/wp\/v2\/media\/256202"}],"wp:attachment":[{"href":"https:\/\/www.nationalturk.com\/tr\/wp-json\/wp\/v2\/media?parent=257796"}],"wp:term":[{"taxonomy":"category","embeddable":true,"href":"https:\/\/www.nationalturk.com\/tr\/wp-json\/wp\/v2\/categories?post=257796"},{"taxonomy":"post_tag","embeddable":true,"href":"https:\/\/www.nationalturk.com\/tr\/wp-json\/wp\/v2\/tags?post=257796"}],"curies":[{"name":"wp","href":"https:\/\/api.w.org\/{rel}","templated":true}]}}