{"id":257872,"date":"2017-11-29T10:02:32","date_gmt":"2017-11-29T07:02:32","guid":{"rendered":"http:\/\/www.nationalturk.com\/?p=257872"},"modified":"2017-11-29T10:02:32","modified_gmt":"2017-11-29T07:02:32","slug":"turkiye-iran-ve-irak-ilk-kez-pkkyi-birlikte-vurdu","status":"publish","type":"post","link":"https:\/\/www.nationalturk.com\/tr\/turkiye-iran-ve-irak-ilk-kez-pkkyi-birlikte-vurdu\/","title":{"rendered":"T\u00fcrkiye, \u0130ran ve Irak ilk kez PKK&#8217;y\u0131 birlikte vurdu!"},"content":{"rendered":"<h2>Irak\u2019\u0131n kuzeyindeki Asos b\u00f6lgesindeki PKK ter\u00f6r \u00f6rg\u00fct\u00fc hedeflerine T\u00fcrk sava\u015f u\u00e7aklar\u0131 taraf\u0131ndan hava harekat\u0131 d\u00fczenledi. Ter\u00f6r \u00f6rg\u00fct\u00fcn\u00fcn kurulu\u015f y\u0131l d\u00f6n\u00fcm\u00fc olan 27 Kas\u0131m\u2019daki \u015fok operasyonda 30 sava\u015f u\u00e7a\u011f\u0131 41 hedefi, \u0130ran ve Irak&#8217;\u0131n istihbarat\u0131 sonucunda yerle bir etti.<\/h2>\n<p>Barzani\u2019nin referandum yoluyla \u00fclkeyi b\u00f6lme giri\u015fiminin ard\u0131ndan tesis edilen T\u00fcrkiye- Irak-\u0130ran i\u015fbirli\u011fi meyvelerini vermeye ba\u015flad\u0131.<\/p>\n<p>T\u00fcrk Silahl\u0131 Kuvvetleri, Irak ve \u0130ran ile ter\u00f6rle m\u00fccadele ve istihbarat i\u015fbirli\u011fi kapsam\u0131nda bu b\u00f6lgeye ilk kez operasyon d\u00fczenledi. Erbil&#8217;in do\u011fusunda, Kandil&#8217;in g\u00fcneyinde, S\u00fcleymaniye&#8217;nin kuzeydo\u011fusunda kalan Asos b\u00f6lgesindeki ter\u00f6rist hedefler, \u00f6nceki gece kapsaml\u0131 bir hava operasyonuyla vuruldu.<\/p>\n<p>T\u00fcrkiye s\u0131n\u0131r\u0131n\u0131n 180 km. g\u00fcneyine d\u00fczenlenen harekat, b\u00f6l\u00fcc\u00fc ter\u00f6r \u00f6rg\u00fct\u00fc PKK\u2019ya kurulu\u015f y\u0131l d\u00f6n\u00fcm\u00fc olan olan 27 Kas\u0131m&#8217;da \u015fok ya\u015fatt\u0131.<\/p>\n<h3>T\u00fcrk u\u00e7aklar\u0131 Asos&#8217;ta 41 hedefi vurdu<\/h3>\n<p>Hava harekat\u0131nda, ter\u00f6ristlerin \u201cakademi\u201d olarak adland\u0131rd\u0131klar\u0131 ve e\u011fitim yapt\u0131klar\u0131 yerler ile bar\u0131nma alanlar\u0131 yerle bir edildi. TSK\u2019dan d\u00fcn yap\u0131lan a\u00e7\u0131klamada, \u00f6nceki gece saatlerinde yap\u0131lan kapsaml\u0131 bir hava harekat\u0131 ile b\u00f6l\u00fcc\u00fc ter\u00f6r \u00f6rg\u00fct\u00fcne a\u011f\u0131r darbe indirildi\u011fi bildirildi.<\/p>\n<p>A\u00e7\u0131klamada, \u201cIrak&#8217;\u0131n kuzeyindeki Asos b\u00f6lgesinde, b\u00f6l\u00fcc\u00fc ter\u00f6r \u00f6rg\u00fct\u00fcne ait oldu\u011fu tespit edilen bar\u0131nak, s\u0131\u011f\u0131nak, t\u00fcnel ve benzeri toplam 41 hedef 27 Kas\u0131m 2017 tarihinde icra edilen hava harekat\u0131 neticesinde ba\u015far\u0131yla tahrip edilmi\u015ftir\u201d ifadelerine yer verildi.<\/p>\n<h4>H\u0130K&#8217;ler destek verdi<\/h4>\n<p>Hava harekat\u0131na yakla\u015f\u0131k 30 sava\u015f u\u00e7a\u011f\u0131 kat\u0131ld\u0131, u\u00e7aklar yakla\u015f\u0131k 30 sorti yapt\u0131. Irak hava sahas\u0131na giren u\u00e7aklar, art arda hedefe y\u00f6nelerek, \u0130HA\u2019lar taraf\u0131ndan \u00f6nceden belirlenen ter\u00f6rist inlerine, yakla\u015f\u0131k 50 ton a\u011f\u0131rl\u0131\u011f\u0131nda 60\u2019a yak\u0131n bomba b\u0131rakt\u0131.<\/p>\n<p>Operasyona, yak\u0131t ikmal ve Havadan \u0130hbar Kontrol (H\u0130K) u\u00e7a\u011f\u0131 da destek verdi. Radarlar ve elektronik kar\u0131\u015ft\u0131r\u0131c\u0131lar\u0131yla operasyonlara \u00f6nemli katk\u0131 sunan ve u\u00e7an karargah olarak da bilinen H\u0130K u\u00e7a\u011f\u0131n\u0131n da harekata kat\u0131lm\u0131\u015f olmas\u0131, operasyonun kapsam\u0131 ve b\u00fcy\u00fckl\u00fc\u011f\u00fcn\u00fc ortaya koydu.<\/p>\n<p>Asos b\u00f6lgesine d\u00fczenlenen hava harekat\u0131, b\u00f6lgeye yak\u0131n bir nokta olan S\u00fcleymaniye\u2019de panik yaratt\u0131. Hava sald\u0131r\u0131lar\u0131n\u0131n \u015fiddeti, yak\u0131n k\u00f6ylerde evlerin camlar\u0131n\u0131n k\u0131r\u0131lmas\u0131na sebep oldu.<\/p>\n<h5>Zap ve Metina&#8217;da 8 ter\u00f6rist etkisiz hale getirildi<\/h5>\n<p>Ayr\u0131ca, Irak&#8217;\u0131n kuzeyindeki Zap ve Metina b\u00f6lgelerinde, hudut hatt\u0131ndaki karakol ve \u00fcs b\u00f6lgelerine sald\u0131r\u0131 haz\u0131rl\u0131\u011f\u0131nda olduklar\u0131 tespit edilen 8 ter\u00f6rist hava harekat\u0131yla etkisiz hale getirildi. \u0130ki ma\u011fara da imha edildi.<\/p>\n<!-- Error, Advert is not available at this time due to schedule\/geolocation restrictions! -->\n","protected":false},"excerpt":{"rendered":"<p>Irak\u2019\u0131n kuzeyindeki Asos b\u00f6lgesindeki PKK ter\u00f6r \u00f6rg\u00fct\u00fc hedeflerine T\u00fcrk sava\u015f u\u00e7aklar\u0131 taraf\u0131ndan hava harekat\u0131 d\u00fczenledi. Ter\u00f6r \u00f6rg\u00fct\u00fcn\u00fcn kurulu\u015f y\u0131l d\u00f6n\u00fcm\u00fc olan 27 Kas\u0131m\u2019daki \u015fok operasyonda 30 sava\u015f u\u00e7a\u011f\u0131 41 hedefi, \u0130ran ve Irak&#8217;\u0131n istihbarat\u0131 sonucunda yerle bir etti. Barzani\u2019nin referandum yoluyla \u00fclkeyi b\u00f6lme giri\u015fiminin ard\u0131ndan tesis edilen T\u00fcrkiye- Irak-\u0130ran i\u015fbirli\u011fi meyvelerini vermeye ba\u015flad\u0131. T\u00fcrk Silahl\u0131 &hellip;<\/p>\n","protected":false},"author":9192198,"featured_media":257873,"comment_status":"open","ping_status":"open","sticky":false,"template":"","format":"standard","meta":{"_acf_changed":false,"footnotes":""},"categories":[5005,6805],"tags":[214735,9764,32908,48461,7359,1981,12307,78668,5592,3951,195938,78564],"class_list":["post-257872","post","type-post","status-publish","format-standard","has-post-thumbnail","hentry","category-manset","category-turkiye","tag-asos","tag-barzani","tag-erbil","tag-iha","tag-irak","tag-iran","tag-kandil","tag-metina","tag-pkk","tag-suleymaniye","tag-turkiye","tag-zap"],"acf":[],"_links":{"self":[{"href":"https:\/\/www.nationalturk.com\/tr\/wp-json\/wp\/v2\/posts\/257872","targetHints":{"allow":["GET"]}}],"collection":[{"href":"https:\/\/www.nationalturk.com\/tr\/wp-json\/wp\/v2\/posts"}],"about":[{"href":"https:\/\/www.nationalturk.com\/tr\/wp-json\/wp\/v2\/types\/post"}],"author":[{"embeddable":true,"href":"https:\/\/www.nationalturk.com\/tr\/wp-json\/wp\/v2\/users\/9192198"}],"replies":[{"embeddable":true,"href":"https:\/\/www.nationalturk.com\/tr\/wp-json\/wp\/v2\/comments?post=257872"}],"version-history":[{"count":0,"href":"https:\/\/www.nationalturk.com\/tr\/wp-json\/wp\/v2\/posts\/257872\/revisions"}],"wp:featuredmedia":[{"embeddable":true,"href":"https:\/\/www.nationalturk.com\/tr\/wp-json\/wp\/v2\/media\/257873"}],"wp:attachment":[{"href":"https:\/\/www.nationalturk.com\/tr\/wp-json\/wp\/v2\/media?parent=257872"}],"wp:term":[{"taxonomy":"category","embeddable":true,"href":"https:\/\/www.nationalturk.com\/tr\/wp-json\/wp\/v2\/categories?post=257872"},{"taxonomy":"post_tag","embeddable":true,"href":"https:\/\/www.nationalturk.com\/tr\/wp-json\/wp\/v2\/tags?post=257872"}],"curies":[{"name":"wp","href":"https:\/\/api.w.org\/{rel}","templated":true}]}}