{"id":257955,"date":"2017-11-29T18:25:32","date_gmt":"2017-11-29T15:25:32","guid":{"rendered":"http:\/\/www.nationalturk.com\/?p=257955"},"modified":"2017-11-29T18:41:37","modified_gmt":"2017-11-29T15:41:37","slug":"son-dakika-sabiha-gokcen-havalimanini-isgal-davasinda-karar-cikti","status":"publish","type":"post","link":"https:\/\/www.nationalturk.com\/tr\/son-dakika-sabiha-gokcen-havalimanini-isgal-davasinda-karar-cikti\/","title":{"rendered":"Son Dakika: Sabiha G\u00f6k\u00e7en Havaliman\u0131n\u0131 i\u015fgal davas\u0131nda karar \u00e7\u0131kt\u0131"},"content":{"rendered":"<h2>FET\u00d6&#8217;n\u00fcn darbe giri\u015fiminde Sabiha G\u00f6k\u00e7en Havaliman\u0131&#8217;n\u0131 ele ge\u00e7irmeye \u00e7al\u0131\u015ft\u0131klar\u0131 gerek\u00e7esiyle yarg\u0131lanan 28 san\u0131ktan 8&#8217;i a\u011f\u0131rla\u015ft\u0131r\u0131lm\u0131\u015f m\u00fcebbet, 20&#8217;si m\u00fcebbet hapis cezas\u0131na \u00e7arpt\u0131r\u0131ld\u0131.<\/h2>\n<p>\u0130stanbul 23. A\u011f\u0131r Ceza Mahkemesi, Fetullah\u00e7\u0131 Ter\u00f6r \u00d6rg\u00fct\u00fc\/Paralel Devlet Yap\u0131lanmas\u0131&#8217;n\u0131n (FET\u00d6\/PDY) 15 Temmuz darbe giri\u015fimi s\u0131ras\u0131nda Sabiha G\u00f6k\u00e7en Havaliman\u0131&#8217;n\u0131 ele ge\u00e7irmeye \u00e7al\u0131\u015ft\u0131klar\u0131 gerek\u00e7esiyle 8 san\u0131\u011f\u0131n a\u011f\u0131rla\u015ft\u0131r\u0131lm\u0131\u015f m\u00fcebbet, 20 san\u0131\u011f\u0131n ise m\u00fcebbet hapis cezas\u0131na \u00e7arpt\u0131r\u0131lmas\u0131na karar verdi. <\/p>\n<p>Silivri Kapal\u0131 Ceza \u0130nfaz Kurumunun kar\u015f\u0131s\u0131nda yap\u0131lan binadaki salonda \u0130stanbul 23. A\u011f\u0131r Ceza Mahkemesince g\u00f6r\u00fclen davan\u0131n 14. duru\u015fmas\u0131nda karar a\u00e7\u0131kland\u0131. <\/p>\n<p>Mahkeme heyeti, san\u0131klar eski Y\u00fczba\u015f\u0131 Emre Ery\u00fcz, eski \u00dcste\u011fmenler Cemil Esen, Mehmet Ali Akyan, U\u011fur Can Bekhan ile eski astsubaylar Recep \u00d6zcan, Sinan Toruno\u011flu, Erkan Ta\u015fdemir ve Sadullah G\u00f6k\u00e7e hakk\u0131nda &#8220;cebir ve \u015fiddet kullanarak, T\u00fcrkiye Cumhuriyeti Anayasas\u0131n\u0131n \u00f6ng\u00f6rd\u00fc\u011f\u00fc d\u00fczeni ortadan kald\u0131rmaya veya bu d\u00fczen yerine ba\u015fka bir d\u00fczen getirmeye veya bu d\u00fczenin fiilen uygulanmas\u0131n\u0131 \u00f6nlemeye te\u015febb\u00fcs etmek&#8221; su\u00e7undan a\u011f\u0131rla\u015ft\u0131r\u0131lm\u0131\u015f m\u00fcebbet hapis cezas\u0131na \u00e7arpt\u0131r\u0131lmas\u0131na karar verdi. <\/p>\n<p>Fiilden sonraki davran\u0131\u015f bi\u00e7imleri, yarg\u0131lama s\u00fcrecindeki pi\u015fmanl\u0131klar\u0131n\u0131n g\u00f6zlenmemesini g\u00f6z \u00f6n\u00fcne alan mahkeme, 8 san\u0131\u011fa takdiri indirim uygulanmas\u0131na yer olmad\u0131\u011f\u0131na h\u00fckmetti. <\/p>\n<p>San\u0131klar Adem Erken, Alper Kamac\u0131, Adli Aldemir, Cengiz G\u00fcm\u00fc\u015f, Cihat Kucur, Eray Baytar, Fatih Kaya, Ferdi Erdo\u011fdu, G\u0131yasettin Demir, \u0130brahim Donat, \u0130brahim T\u00fcrkekul, Kadir Uyar, Muhammet Mustafa \u015eenel, M\u00fcmtaz Aky\u0131ld\u0131z, Ozan G\u00f6kbulak, Selami G\u00f6kt\u00fcrk, Serkan Bozkurt, Yavuz T\u00fcrk, Yusuf Yaylaz ve Y\u00fcksel \u00d6zdemir&#8217;in &#8220;cebir ve \u015fiddet kullanarak, T\u00fcrkiye Cumhuriyeti Anayasas\u0131n\u0131n \u00f6ng\u00f6rd\u00fc\u011f\u00fc d\u00fczeni ortadan kald\u0131rmaya veya bu d\u00fczen yerine ba\u015fka bir d\u00fczen getirmeye veya bu d\u00fczenin fiilen uygulanmas\u0131n\u0131 \u00f6nlemeye te\u015febb\u00fcs etmek&#8221; su\u00e7undan a\u011f\u0131rla\u015ft\u0131r\u0131lm\u0131\u015f m\u00fcebbet hapis cezas\u0131na \u00e7arpt\u0131r\u0131lmas\u0131na karar veren mahkeme, san\u0131klar\u0131n yarg\u0131lama s\u0131ras\u0131nda g\u00f6zlemlenen tutum ve davran\u0131\u015flar\u0131, verilen cezan\u0131n gelecekleri \u00fczerindeki etkisini g\u00f6z \u00f6n\u00fcne alarak, san\u0131klar\u0131n cezalar\u0131nda indirim yaparak, bunu m\u00fcebbet hapis cezas\u0131na d\u00fc\u015f\u00fcrd\u00fc. <\/p>\n<p>&#8221;Ge\u00e7itli su\u00e7&#8221;<br \/>\nMahkeme heyeti, 28 san\u0131\u011fa &#8220;T\u00fcrkiye B\u00fcy\u00fck Millet Meclisini ortadan kald\u0131rmaya te\u015febb\u00fcs etmek&#8221;, &#8220;T\u00fcrkiye Cumhuriyeti H\u00fck\u00fcmetini ortadan kald\u0131rmaya te\u015febb\u00fcs etmek&#8221;, &#8220;silahl\u0131 ter\u00f6r \u00f6rg\u00fct\u00fcne \u00fcye olmak&#8221;, &#8220;silahl\u0131 ter\u00f6r \u00f6rg\u00fct\u00fcne \u00fcye olmamakla birlikte \u00f6rg\u00fcte bilerek ve isteyerek yard\u0131m etmek&#8221; su\u00e7lar\u0131ndan dava a\u00e7\u0131lm\u0131\u015f ise de &#8220;anayasay\u0131 ihlal&#8221; su\u00e7undan mahkumiyet karar\u0131 verildi\u011finden bahsedilen su\u00e7lar\u0131n &#8220;ge\u00e7itli su\u00e7&#8221; kurallar\u0131 \u00e7er\u00e7evesinde eridi\u011fi anla\u015f\u0131ld\u0131\u011f\u0131ndan san\u0131klara bu su\u00e7lardan ayr\u0131 ayr\u0131 karar verilmesine yer olmad\u0131\u011f\u0131na h\u00fckmetti.<\/p>\n<!-- Error, Advert is not available at this time due to schedule\/geolocation restrictions! -->\n","protected":false},"excerpt":{"rendered":"<p>FET\u00d6&#8217;n\u00fcn darbe giri\u015fiminde Sabiha G\u00f6k\u00e7en Havaliman\u0131&#8217;n\u0131 ele ge\u00e7irmeye \u00e7al\u0131\u015ft\u0131klar\u0131 gerek\u00e7esiyle yarg\u0131lanan 28 san\u0131ktan 8&#8217;i a\u011f\u0131rla\u015ft\u0131r\u0131lm\u0131\u015f m\u00fcebbet, 20&#8217;si m\u00fcebbet hapis cezas\u0131na \u00e7arpt\u0131r\u0131ld\u0131. \u0130stanbul 23. A\u011f\u0131r Ceza Mahkemesi, Fetullah\u00e7\u0131 Ter\u00f6r \u00d6rg\u00fct\u00fc\/Paralel Devlet Yap\u0131lanmas\u0131&#8217;n\u0131n (FET\u00d6\/PDY) 15 Temmuz darbe giri\u015fimi s\u0131ras\u0131nda Sabiha G\u00f6k\u00e7en Havaliman\u0131&#8217;n\u0131 ele ge\u00e7irmeye \u00e7al\u0131\u015ft\u0131klar\u0131 gerek\u00e7esiyle 8 san\u0131\u011f\u0131n a\u011f\u0131rla\u015ft\u0131r\u0131lm\u0131\u015f m\u00fcebbet, 20 san\u0131\u011f\u0131n ise m\u00fcebbet hapis cezas\u0131na \u00e7arpt\u0131r\u0131lmas\u0131na &hellip;<\/p>\n","protected":false},"author":4,"featured_media":251048,"comment_status":"open","ping_status":"open","sticky":false,"template":"","format":"standard","meta":{"_acf_changed":false,"footnotes":""},"categories":[6155,5005,349,6805],"tags":[207515,202856,44849,27382],"class_list":["post-257955","post","type-post","status-publish","format-standard","has-post-thumbnail","hentry","category-gundem","category-manset","category-son-dakika","category-turkiye","tag-15-temmuz","tag-feto","tag-sabiha-gokcen","tag-son-dakika"],"acf":[],"_links":{"self":[{"href":"https:\/\/www.nationalturk.com\/tr\/wp-json\/wp\/v2\/posts\/257955","targetHints":{"allow":["GET"]}}],"collection":[{"href":"https:\/\/www.nationalturk.com\/tr\/wp-json\/wp\/v2\/posts"}],"about":[{"href":"https:\/\/www.nationalturk.com\/tr\/wp-json\/wp\/v2\/types\/post"}],"author":[{"embeddable":true,"href":"https:\/\/www.nationalturk.com\/tr\/wp-json\/wp\/v2\/users\/4"}],"replies":[{"embeddable":true,"href":"https:\/\/www.nationalturk.com\/tr\/wp-json\/wp\/v2\/comments?post=257955"}],"version-history":[{"count":0,"href":"https:\/\/www.nationalturk.com\/tr\/wp-json\/wp\/v2\/posts\/257955\/revisions"}],"wp:featuredmedia":[{"embeddable":true,"href":"https:\/\/www.nationalturk.com\/tr\/wp-json\/wp\/v2\/media\/251048"}],"wp:attachment":[{"href":"https:\/\/www.nationalturk.com\/tr\/wp-json\/wp\/v2\/media?parent=257955"}],"wp:term":[{"taxonomy":"category","embeddable":true,"href":"https:\/\/www.nationalturk.com\/tr\/wp-json\/wp\/v2\/categories?post=257955"},{"taxonomy":"post_tag","embeddable":true,"href":"https:\/\/www.nationalturk.com\/tr\/wp-json\/wp\/v2\/tags?post=257955"}],"curies":[{"name":"wp","href":"https:\/\/api.w.org\/{rel}","templated":true}]}}