{"id":258092,"date":"2017-12-01T18:51:22","date_gmt":"2017-12-01T15:51:22","guid":{"rendered":"http:\/\/www.nationalturk.com\/?p=258092"},"modified":"2017-12-01T18:53:41","modified_gmt":"2017-12-01T15:53:41","slug":"reza-zarrabin-ifadelerinde-ucuncu-gun-ses-kaydi-dogrulanacak","status":"publish","type":"post","link":"https:\/\/www.nationalturk.com\/tr\/reza-zarrabin-ifadelerinde-ucuncu-gun-ses-kaydi-dogrulanacak\/","title":{"rendered":"Reza Zarrab&#8217;\u0131n ifadelerinde \u00fc\u00e7\u00fcnc\u00fc g\u00fcn! Ses kayd\u0131 do\u011frulanacak"},"content":{"rendered":"<h2>ABD\u2019nin New York kentinde tutuklu bulunan Halk Bankas\u0131 eski Genel M\u00fcd\u00fcr Yard\u0131mc\u0131s\u0131 Mehmet Hakan Atilla&#8217;n\u0131n yarg\u0131land\u0131\u011f\u0131 davan\u0131n g\u00f6r\u00fcld\u00fc\u011f\u00fc duru\u015fmada \u00fc\u00e7\u00fcnc\u00fc g\u00fcn ba\u015flad\u0131. R\u0131za Sarraf mahkemeye getirildi.<\/h2>\n<p>Yarg\u0131\u00e7 Richard Berman bug\u00fcnk\u00fc duru\u015fma ba\u015flamadan \u00f6nce ileride &#8216;bir\u00e7ok \u015feyi etkileyebilecek&#8217; bir ses kayd\u0131 oldu\u011funu ve savc\u0131l\u0131\u011f\u0131n bu ses kayd\u0131n\u0131 sunmadan \u00f6nce &#8216;davan\u0131n selameti&#8217; a\u00e7\u0131s\u0131ndan bu ses kay\u0131tlar\u0131n\u0131n do\u011frulanmas\u0131n\u0131 istedi\u011fini s\u00f6yledi.<\/p>\n<p>Kayd\u0131 &#8216;hafife almak&#8217; istemedi\u011fini belirten yarg\u0131\u00e7 do\u011frulaman\u0131n birka\u00e7 y\u00f6ntemi olabilece\u011fini. Bunlardan birinin de Sarraf&#8217;\u0131n \u015fahsen do\u011frulamas\u0131 olabilece\u011fini belirtti. Berman do\u011frulama konusunda &#8220;Bu meseleyi g\u00fcndeme getirecek kadar kayg\u0131l\u0131y\u0131m&#8221; dedi. Savc\u0131l\u0131ksa savunman\u0131n kay\u0131tlar\u0131n do\u011frulamanmas\u0131yla ilgili itirazlar\u0131n\u0131n reddedildi\u011fini vurgulad\u0131.<\/p>\n<p>Duru\u015fmay\u0131 takip eden ABD&#8217;li gazetecilerin aktar\u0131m\u0131na g\u00f6re duru\u015fmadaki geli\u015fmeler \u015f\u00f6yle:<\/p>\n<p>\u200bSavc\u0131, d\u00fcnk\u00fc duru\u015fmada payla\u015f\u0131lan kay\u0131tlara yeni kan\u0131tlar ekledi. Kan\u0131tlardan birinin yaz\u0131l\u0131 bir mesaj oldu\u011fu, mesajda &#8220;Umar\u0131m, g\u0131da konusunda bir sorun ya\u015famay\u0131z&#8221; denildi\u011fi aktar\u0131ld\u0131.<\/p>\n<p>Sarraf ifadesinde, g\u0131da ticareti a\u011f\u0131n\u0131 kurmak i\u00e7in gerekli g\u00fcmr\u00fck evraklar\u0131n\u0131 nas\u0131l temin edebilece\u011fi konusunu S\u00fcleyman Aslan ile g\u00f6r\u00fc\u015ft\u00fc\u011f\u00fcn\u00fc s\u00f6yledi.<\/p>\n<p>S\u00fcleyman Aslan ile yapt\u0131\u011f\u0131 toplant\u0131 sonras\u0131nda Halkbank \u00e7al\u0131\u015fan\u0131 Hakan Aydo\u011fan ile yapt\u0131\u011f\u0131 bir g\u00f6r\u00fc\u015fmeden bahseden Sarraf, Aslan ve Atilla ile bir toplant\u0131da g\u0131da ticaretine dair &#8216;y\u00f6ntemi belirlediklerini&#8217; s\u00f6yledi.<\/p>\n<p>Sarraf: \u0130ki sistem yan yana \u00e7al\u0131\u015f\u0131yordu. Alt\u0131n durdurulunca, g\u0131daya d\u00f6nd\u00fck. Sonras\u0131nda Atilla bir yasa bo\u015flu\u011fu buldu. Bu sayede alt\u0131n ticaretine de devam ettik.<\/p>\n<p>Duru\u015fmada Sarraf&#8217;\u0131n Dubai&#8217;deki \u015firketine ili\u015fkin konu g\u00f6r\u00fc\u015f\u00fcld\u00fc. Sarraf g\u0131da ticaretini \u015fema \u00fczerinden anlatt\u0131. Dubai&#8217;deki s\u00f6z konusu \u015firketle ilgili olarak Sarraf, &#8220;Bu \u015firketi g\u0131da tedarik\u00e7isi olarak g\u00f6sterecektik&#8221; dedi.<\/p>\n<p>Sarraf, ka\u011f\u0131t \u00fcst\u00fcnde g\u0131da tedarik\u00e7isi \u015firketin Centrica Dubai g\u00f6r\u00fcnd\u00fc\u011f\u00fcn\u00fc, Volgam&#8217;\u0131n da \u0130ran&#8217;a g\u0131da satt\u0131\u011f\u0131n\u0131 s\u00f6yledi. &#8220;Bu iki \u015firket de senin kontrol\u00fcnde miydi?&#8221; sorusuna ise Sarraf, &#8220;Evet, elbette efendim&#8221; yan\u0131t\u0131n\u0131 verdi.<\/p>\n<p id=\"notice\"><a href=\"http:\/\/www.nationalturk.com\/basbakan-yildirimdan-reza-zarraba-insallah-yanlisindan-doner\/\">Ba\u015fbakan Y\u0131ld\u0131r\u0131m\u2019dan Reza Zarrab\u2019a: \u0130n\u015fallah yanl\u0131\u015f\u0131ndan d\u00f6ner<\/a><\/p>\n<p id=\"notice\"><a href=\"http:\/\/www.nationalturk.com\/son-dakika-reza-zarrab-mahkum-kiyafeti-giymedi\/\">Son Dakika! Reza Zarrab mahkum k\u0131yafeti giymedi!<\/a><\/p>\n<p id=\"notice\"><a href=\"http:\/\/www.nationalturk.com\/son-dakika-cumhurbaskani-erdogan-dogru-olani-yaptik-ambargoyu-biz-delmedik\/\">Son Dakika! Cumhurba\u015fkan\u0131 Erdo\u011fan: Do\u011fru olan\u0131 yapt\u0131k ambargoyu biz delmedik<\/a><\/p>\n<p id=\"notice\"><a href=\"http:\/\/www.nationalturk.com\/savci-ve-hakim-sordu-zarrab-cevapladi-iste-reza-zarrabin-itiraflari\/\">Savc\u0131 ve Hakim sordu Zarrab cevaplad\u0131! \u0130\u015fte Reza Zarrab\u2019\u0131n itiraflar\u0131<\/a><\/p>\n<!-- Error, Advert is not available at this time due to schedule\/geolocation restrictions! -->\n","protected":false},"excerpt":{"rendered":"<p>ABD\u2019nin New York kentinde tutuklu bulunan Halk Bankas\u0131 eski Genel M\u00fcd\u00fcr Yard\u0131mc\u0131s\u0131 Mehmet Hakan Atilla&#8217;n\u0131n yarg\u0131land\u0131\u011f\u0131 davan\u0131n g\u00f6r\u00fcld\u00fc\u011f\u00fc duru\u015fmada \u00fc\u00e7\u00fcnc\u00fc g\u00fcn ba\u015flad\u0131. R\u0131za Sarraf mahkemeye getirildi. Yarg\u0131\u00e7 Richard Berman bug\u00fcnk\u00fc duru\u015fma ba\u015flamadan \u00f6nce ileride &#8216;bir\u00e7ok \u015feyi etkileyebilecek&#8217; bir ses kayd\u0131 oldu\u011funu ve savc\u0131l\u0131\u011f\u0131n bu ses kayd\u0131n\u0131 sunmadan \u00f6nce &#8216;davan\u0131n selameti&#8217; a\u00e7\u0131s\u0131ndan bu ses kay\u0131tlar\u0131n\u0131n do\u011frulanmas\u0131n\u0131 &hellip;<\/p>\n","protected":false},"author":4,"featured_media":258093,"comment_status":"open","ping_status":"open","sticky":false,"template":"","format":"standard","meta":{"_acf_changed":false,"footnotes":""},"categories":[763,214791],"tags":[1887,75386,212236,49118,149149],"class_list":["post-258092","post","type-post","status-publish","format-standard","has-post-thumbnail","hentry","category-gunun-olayi","category-riza-sarraf-dosyasi","tag-abd","tag-halkbank","tag-mehmet-hakan-atilla","tag-reza-zarrab","tag-riza-sarraf"],"acf":[],"_links":{"self":[{"href":"https:\/\/www.nationalturk.com\/tr\/wp-json\/wp\/v2\/posts\/258092","targetHints":{"allow":["GET"]}}],"collection":[{"href":"https:\/\/www.nationalturk.com\/tr\/wp-json\/wp\/v2\/posts"}],"about":[{"href":"https:\/\/www.nationalturk.com\/tr\/wp-json\/wp\/v2\/types\/post"}],"author":[{"embeddable":true,"href":"https:\/\/www.nationalturk.com\/tr\/wp-json\/wp\/v2\/users\/4"}],"replies":[{"embeddable":true,"href":"https:\/\/www.nationalturk.com\/tr\/wp-json\/wp\/v2\/comments?post=258092"}],"version-history":[{"count":0,"href":"https:\/\/www.nationalturk.com\/tr\/wp-json\/wp\/v2\/posts\/258092\/revisions"}],"wp:featuredmedia":[{"embeddable":true,"href":"https:\/\/www.nationalturk.com\/tr\/wp-json\/wp\/v2\/media\/258093"}],"wp:attachment":[{"href":"https:\/\/www.nationalturk.com\/tr\/wp-json\/wp\/v2\/media?parent=258092"}],"wp:term":[{"taxonomy":"category","embeddable":true,"href":"https:\/\/www.nationalturk.com\/tr\/wp-json\/wp\/v2\/categories?post=258092"},{"taxonomy":"post_tag","embeddable":true,"href":"https:\/\/www.nationalturk.com\/tr\/wp-json\/wp\/v2\/tags?post=258092"}],"curies":[{"name":"wp","href":"https:\/\/api.w.org\/{rel}","templated":true}]}}