{"id":258150,"date":"2017-12-04T12:01:33","date_gmt":"2017-12-04T09:01:33","guid":{"rendered":"http:\/\/www.nationalturk.com\/?p=258150"},"modified":"2022-09-17T00:59:56","modified_gmt":"2022-09-16T21:59:56","slug":"abd-ve-guney-koreden-tarihin-en-buyuk-tatbikati","status":"publish","type":"post","link":"https:\/\/www.nationalturk.com\/tr\/abd-ve-guney-koreden-tarihin-en-buyuk-tatbikati\/","title":{"rendered":"ABD ve G\u00fcney Kore&#8217;den tarihin en b\u00fcy\u00fck tatbikat\u0131!"},"content":{"rendered":"<h2>ABD ve G\u00fcney Kore hava g\u00fc\u00e7lerinin, Kore Yar\u0131madas\u0131&#8217;nda b\u00fcy\u00fck \u00e7apl\u0131 ortak askeri tatbikata ba\u015flad\u0131\u011f\u0131 bildirildi.<\/h2>\n<p>G\u00fcney Kore Hava Kuvvetleri, yapt\u0131\u011f\u0131 a\u00e7\u0131klamada ABD 7. Hava Kuvveti ile Kore Yar\u0131madas\u0131&#8217;nda ortak yap\u0131lan hava muharebe tatbikat\u0131n\u0131n cuma g\u00fcn\u00fcne kadar s\u00fcrece\u011fini belirtti.<\/p>\n<p>\u0130ki \u00fclkeden yakla\u015f\u0131k 230 sava\u015f u\u00e7a\u011f\u0131 ve 12 bin askeri personelin dahil oldu\u011fu tatbikat\u0131n, ABD ve G\u00fcney Kore ordular\u0131n\u0131n \u015fu ana kadar yapt\u0131\u011f\u0131 en geni\u015f kapsaml\u0131 hava tatbikat\u0131 oldu\u011fu vurguland\u0131.<\/p>\n<p>&#8220;A\u00e7\u0131kg\u00f6z&#8221; adl\u0131 tatbikata ABD&#8217;nin Japonya&#8217;daki Okinawa \u00dcss\u00fc&#8217;nden havalanan 24 hayalet u\u00e7a\u011f\u0131, 6 F-22, 6 F-35A sava\u015f u\u00e7aklar\u0131 ile 12 F-35B hayalet u\u00e7a\u011f\u0131 kat\u0131l\u0131yor. B-1B stratejik bombard\u0131man u\u00e7aklar\u0131 da tatbikat s\u0131ras\u0131nda bombalama e\u011fitimi yapacak.<\/p>\n<p>Tatbikata G\u00fcney Kore taraf\u0131ndan da F-15K, KF-16, FA-50 sava\u015f u\u00e7aklar\u0131 kat\u0131l\u0131yor.<\/p>\n<p>Kuzey Kore&#8217;nin \u00e7ar\u015famba g\u00fcn\u00fc yapt\u0131\u011f\u0131 son balistik f\u00fcze denemesinin ard\u0131ndan yap\u0131lan tatbikat\u0131n, y\u0131ll\u0131k ola\u011fan program dahilinde d\u00fczenlendi\u011fi aktar\u0131ld\u0131.<\/p>\n<!-- Error, Advert is not available at this time due to schedule\/geolocation restrictions! -->\n","protected":false},"excerpt":{"rendered":"<p>ABD ve G\u00fcney Kore hava g\u00fc\u00e7lerinin, Kore Yar\u0131madas\u0131&#8217;nda b\u00fcy\u00fck \u00e7apl\u0131 ortak askeri tatbikata ba\u015flad\u0131\u011f\u0131 bildirildi. G\u00fcney Kore Hava Kuvvetleri, yapt\u0131\u011f\u0131 a\u00e7\u0131klamada ABD 7. Hava Kuvveti ile Kore Yar\u0131madas\u0131&#8217;nda ortak yap\u0131lan hava muharebe tatbikat\u0131n\u0131n cuma g\u00fcn\u00fcne kadar s\u00fcrece\u011fini belirtti. \u0130ki \u00fclkeden yakla\u015f\u0131k 230 sava\u015f u\u00e7a\u011f\u0131 ve 12 bin askeri personelin dahil oldu\u011fu tatbikat\u0131n, ABD ve G\u00fcney &hellip;<\/p>\n","protected":false},"author":4,"featured_media":258151,"comment_status":"open","ping_status":"open","sticky":false,"template":"","format":"standard","meta":{"_acf_changed":false,"footnotes":""},"categories":[6768,6769,6665,6155,5005,349,220816],"tags":[1887,3967,863,55863,5622,126485],"class_list":["post-258150","post","type-post","status-publish","format-standard","has-post-thumbnail","hentry","category-amerika","category-asya","category-dunya","category-gundem","category-manset","category-son-dakika","category-uzak-dogu","tag-abd","tag-guney-kore","tag-japonya","tag-kore-yarimadasi","tag-kuzey-kore","tag-tatbikat"],"acf":[],"_links":{"self":[{"href":"https:\/\/www.nationalturk.com\/tr\/wp-json\/wp\/v2\/posts\/258150","targetHints":{"allow":["GET"]}}],"collection":[{"href":"https:\/\/www.nationalturk.com\/tr\/wp-json\/wp\/v2\/posts"}],"about":[{"href":"https:\/\/www.nationalturk.com\/tr\/wp-json\/wp\/v2\/types\/post"}],"author":[{"embeddable":true,"href":"https:\/\/www.nationalturk.com\/tr\/wp-json\/wp\/v2\/users\/4"}],"replies":[{"embeddable":true,"href":"https:\/\/www.nationalturk.com\/tr\/wp-json\/wp\/v2\/comments?post=258150"}],"version-history":[{"count":0,"href":"https:\/\/www.nationalturk.com\/tr\/wp-json\/wp\/v2\/posts\/258150\/revisions"}],"wp:featuredmedia":[{"embeddable":true,"href":"https:\/\/www.nationalturk.com\/tr\/wp-json\/wp\/v2\/media\/258151"}],"wp:attachment":[{"href":"https:\/\/www.nationalturk.com\/tr\/wp-json\/wp\/v2\/media?parent=258150"}],"wp:term":[{"taxonomy":"category","embeddable":true,"href":"https:\/\/www.nationalturk.com\/tr\/wp-json\/wp\/v2\/categories?post=258150"},{"taxonomy":"post_tag","embeddable":true,"href":"https:\/\/www.nationalturk.com\/tr\/wp-json\/wp\/v2\/tags?post=258150"}],"curies":[{"name":"wp","href":"https:\/\/api.w.org\/{rel}","templated":true}]}}