{"id":258156,"date":"2017-12-04T12:18:14","date_gmt":"2017-12-04T09:18:14","guid":{"rendered":"http:\/\/www.nationalturk.com\/?p=258156"},"modified":"2017-12-04T12:18:14","modified_gmt":"2017-12-04T09:18:14","slug":"tayyip-amca-ile-gorusmek-istiyorum","status":"publish","type":"post","link":"https:\/\/www.nationalturk.com\/tr\/tayyip-amca-ile-gorusmek-istiyorum\/","title":{"rendered":"&#8220;Tayyip Amca ile g\u00f6r\u00fc\u015fmek istiyorum&#8221;"},"content":{"rendered":"<h2>Rus rakibini yenip d\u00fcnya \u015fampiyonu olan Suriye as\u0131ll\u0131 boks\u00f6r Mahmut \u00d6mer Charr, &#8216;amca&#8217; diye seslendi\u011fi Cumhurba\u015fkan\u0131 Recep Tayyip Erdo\u011fan ile g\u00f6r\u00fc\u015fmek istedi\u011fini s\u00f6ylerken &#8220;Kemerimi ona hediye etmek isterim&#8221; dedi.<\/h2>\n<p>Suriye as\u0131ll\u0131 boks\u00f6r Mahmut \u00d6mer Manuel Charr, ge\u00e7en hafta Almanya\u2019da Rus rakibi Alexander Ustinov\u2019u yenerek ilk kez d\u00fcnya \u015fampiyonu (WBA) oldu.<\/p>\n<p>\u015eampiyonlu\u011fu sonras\u0131 Ger\u00e7ek Hayat dergisine konu\u015fan Charr Suriye\u2019de ya\u015fananlar\u0131 yak\u0131ndan takip etti\u011fini belirtti ve \u015f\u00f6yle konu\u015ftu:<\/p>\n<p>\u201cAblam hala orada ya\u015f\u0131yor. G\u00f6z\u00fcm\u00fcz kula\u011f\u0131m\u0131z hep orada. Bir an \u00f6nce Cumhurba\u015fkan\u0131 Erdo\u011fan ile g\u00f6r\u00fc\u015ferek bar\u0131\u015fa katk\u0131 sa\u011flamak istiyorum. Suriye ve T\u00fcrkiye ili\u015fkilerini d\u00fczeltmek isterim. Birlikte Suriye\u2019yi yeniden in\u015fa edelim, ac\u0131lar\u0131 dindirelim.\u201d<\/p>\n<p>Kazand\u0131\u011f\u0131 kemeri Cumhurba\u015fkan\u0131 Recep Tayyip Erdo\u011fan&#8217;a hediye etmek istedi\u011fini s\u00f6yleyen Charr, \u015funlar\u0131 ifade etti:<br \/>\n\u201cBen WBC (D\u00fcnya Boks Konseyi) ve WBA (D\u00fcnya Boks Organizasyonu) g\u00f6revlendirdi\u011fi bar\u0131\u015f el\u00e7isiyim. T\u00fcrkiye\u2019yi ziyaret etmek benim i\u00e7in gurur verici olur. Recep Tayyip Erdo\u011fan amca ve T\u00fcrk halk\u0131na, Suriyeliler i\u00e7in yapt\u0131klar\u0131 fedakarl\u0131klardan dolay\u0131 te\u015fekk\u00fcr etmek istiyorum.<\/p>\n<p>29 y\u0131ld\u0131r Almanya\u2019da ya\u015famas\u0131na ra\u011fmen hen\u00fcz Alman vatanda\u015f\u0131 olmayan Charr, T\u00fcrk vatanda\u015f\u0131 olmak istedi\u011fini ve bunun onu \u00e7ok mutlu edece\u011fini belirtti. \u201cT\u00fcrkiye\u2019yi \u00e7ok seviyorum\u201d diyen Charr, \u201cAntren\u00f6r\u00fcm T\u00fcrk, bas\u0131n dan\u0131\u015fman\u0131m T\u00fcrk, etraf\u0131mdaki arkada\u015flar\u0131m, dostlar\u0131m T\u00fcrk. \u0130stanbul\u2019da bir ev almak ve ara s\u0131ra da olsa orada ya\u015famak istiyorum. T\u00fcrkiye ve T\u00fcrkleri \u00e7ok seviyorum\u201d \u015feklinde konu\u015ftu.<\/p>\n<!-- Error, Advert is not available at this time due to schedule\/geolocation restrictions! -->\n","protected":false},"excerpt":{"rendered":"<p>Rus rakibini yenip d\u00fcnya \u015fampiyonu olan Suriye as\u0131ll\u0131 boks\u00f6r Mahmut \u00d6mer Charr, &#8216;amca&#8217; diye seslendi\u011fi Cumhurba\u015fkan\u0131 Recep Tayyip Erdo\u011fan ile g\u00f6r\u00fc\u015fmek istedi\u011fini s\u00f6ylerken &#8220;Kemerimi ona hediye etmek isterim&#8221; dedi. Suriye as\u0131ll\u0131 boks\u00f6r Mahmut \u00d6mer Manuel Charr, ge\u00e7en hafta Almanya\u2019da Rus rakibi Alexander Ustinov\u2019u yenerek ilk kez d\u00fcnya \u015fampiyonu (WBA) oldu. \u015eampiyonlu\u011fu sonras\u0131 Ger\u00e7ek Hayat dergisine &hellip;<\/p>\n","protected":false},"author":4,"featured_media":258157,"comment_status":"open","ping_status":"open","sticky":false,"template":"","format":"standard","meta":{"_acf_changed":false,"footnotes":""},"categories":[6155,5005,349,6194],"tags":[73737,787],"class_list":["post-258156","post","type-post","status-publish","format-standard","has-post-thumbnail","hentry","category-gundem","category-manset","category-son-dakika","category-spor","tag-boks","tag-recep-tayyip-erdogan"],"acf":[],"_links":{"self":[{"href":"https:\/\/www.nationalturk.com\/tr\/wp-json\/wp\/v2\/posts\/258156","targetHints":{"allow":["GET"]}}],"collection":[{"href":"https:\/\/www.nationalturk.com\/tr\/wp-json\/wp\/v2\/posts"}],"about":[{"href":"https:\/\/www.nationalturk.com\/tr\/wp-json\/wp\/v2\/types\/post"}],"author":[{"embeddable":true,"href":"https:\/\/www.nationalturk.com\/tr\/wp-json\/wp\/v2\/users\/4"}],"replies":[{"embeddable":true,"href":"https:\/\/www.nationalturk.com\/tr\/wp-json\/wp\/v2\/comments?post=258156"}],"version-history":[{"count":0,"href":"https:\/\/www.nationalturk.com\/tr\/wp-json\/wp\/v2\/posts\/258156\/revisions"}],"wp:featuredmedia":[{"embeddable":true,"href":"https:\/\/www.nationalturk.com\/tr\/wp-json\/wp\/v2\/media\/258157"}],"wp:attachment":[{"href":"https:\/\/www.nationalturk.com\/tr\/wp-json\/wp\/v2\/media?parent=258156"}],"wp:term":[{"taxonomy":"category","embeddable":true,"href":"https:\/\/www.nationalturk.com\/tr\/wp-json\/wp\/v2\/categories?post=258156"},{"taxonomy":"post_tag","embeddable":true,"href":"https:\/\/www.nationalturk.com\/tr\/wp-json\/wp\/v2\/tags?post=258156"}],"curies":[{"name":"wp","href":"https:\/\/api.w.org\/{rel}","templated":true}]}}