{"id":258678,"date":"2017-12-13T12:34:24","date_gmt":"2017-12-13T09:34:24","guid":{"rendered":"http:\/\/www.nationalturk.com\/?p=258678"},"modified":"2017-12-13T12:34:24","modified_gmt":"2017-12-13T09:34:24","slug":"kayak-federasyonundan-kavga-aciklamasi","status":"publish","type":"post","link":"https:\/\/www.nationalturk.com\/tr\/kayak-federasyonundan-kavga-aciklamasi\/","title":{"rendered":"Kayak Federasyonu\u2019ndan kavga a\u00e7\u0131klamas\u0131!"},"content":{"rendered":"<h2>Kayak Federasyonu, Erzurum Paland\u00f6ken Kayak Merkezi&#8217;ndeki bir otelin pistinde d\u00fczenlenen yar\u0131\u015flar s\u0131ras\u0131nda iki grup aras\u0131nda \u00e7\u0131kan kavgayla ilgili a\u00e7\u0131klama yapt\u0131.<\/h2>\n<p>T\u00fcrkiye Kayak Federasyonu, Erzurum\u2019da Paland\u00f6ken Kayak Merkezi\u2019ndeki bir otelin pistinde d\u00fczenlenen yar\u0131\u015flar s\u0131ras\u0131nda iki grup aras\u0131nda \u00e7\u0131kan kavgayla ilgili \u201cSporcumuzun sakatlanmas\u0131n\u0131 ama\u00e7layarak, milli sporcumuzun olimpiyatlara kat\u0131lmas\u0131n\u0131 engellemek istenmi\u015ftir\u201d denildi.<\/p>\n<p>Yap\u0131lan a\u00e7\u0131klamada, federasyonun T\u00fcrkiye\u2019yi uluslararas\u0131 arenada temsil edecek sporcular\u0131n adil olarak se\u00e7ilmesi i\u00e7in azami gayreti g\u00f6sterdi\u011fi, bunu sa\u011flamak i\u00e7in teknolojinin en son imkanlar\u0131n\u0131n kullan\u0131larak yar\u0131\u015f\u00e7\u0131lar\u0131n derecelerinin e\u015f zamanl\u0131 g\u00f6r\u00fclmesi ve cep telefonundan canl\u0131 takip edilmesinin m\u00fcmk\u00fcn k\u0131l\u0131nd\u0131\u011f\u0131 ifade edildi.<\/p>\n<h3>Kayak Federasyonu: \u00c7a\u011f d\u0131\u015f\u0131 uygulamalar<\/h3>\n<p>Bu sayede ge\u00e7mi\u015f y\u0131llarda olimpiyat ve milli tak\u0131m se\u00e7melerinde ortaya \u00e7\u0131kan zamanlama hatalar\u0131n\u0131n tamamen engellendi\u011fi ve keyfi sporcu se\u00e7iminin \u00f6n\u00fcne ge\u00e7ildi\u011fi vurgulanan a\u00e7\u0131klamada, \u201c\u00dclke olarak 2018 PyeongChang K\u0131\u015f Olimpiyatlar\u0131\u2019na kat\u0131lmaya haz\u0131rland\u0131\u011f\u0131m\u0131z bug\u00fcnlerde, T\u00fcrkiye Kayak Federasyonu taraf\u0131ndan Paland\u00f6ken Kayak Merkezi\u2019nde yap\u0131lan milli tak\u0131m se\u00e7melerinde kendini bilmez birka\u00e7 ki\u015fi taraf\u0131ndan ger\u00e7ekle\u015ftirilen maksatl\u0131 ve talihsiz olaylar t\u00fcm kamuoyunun malumudur.<\/p>\n<p>Fakat ne yaz\u0131k ki, yeni sistemden memnun olmayan baz\u0131 \u00e7evreler, bu sefer bask\u0131, tehdit ve en sonunda piste \u00e7\u0131karak sporcu sakatlamak gibi \u00e7a\u011f d\u0131\u015f\u0131 uygulamalar\u0131 sergilemek istemi\u015ftir. Bu olay bizleri ve t\u00fcm kayakseverleri derinden \u00fczm\u00fc\u015ft\u00fcr\u201d yorumu yap\u0131ld\u0131.<\/p>\n<p><strong>Kayak Federasyonu&#8217;nun yapt\u0131\u011f\u0131 a\u00e7\u0131klamalar\u0131n devam\u0131 ise \u015f\u00f6yle:<\/strong><\/p>\n<p>\u201cAlp Disiplini Milli Tak\u0131m sporcular\u0131m\u0131zdan Serdar Deniz, yar\u0131\u015fman\u0131n pistte ini\u015fini yapmakta iken \u00f6n\u00fcne daha \u00f6nceden planl\u0131 ve kas\u0131tl\u0131 olarak \u00e7\u0131kan kayak \u00f6\u011fretmeni R.\u00d6. bu hareketiyle olimpiyatlara haz\u0131rlanan sporcumuzun sakatlanmas\u0131n\u0131 ama\u00e7layarak, milli sporcumuzun olimpiyatlara kat\u0131lmas\u0131n\u0131 engellemek istemi\u015ftir.<\/p>\n<p>Bu olay\u0131n \u00f6ncesinde Serdar Deniz, 08.10.2017 tarihinde yurt d\u0131\u015f\u0131nda yap\u0131lacak milli tak\u0131m kamp\u0131na gitmek i\u00e7in \u0130stanbul\u2019daki bir otelde konaklad\u0131\u011f\u0131 esnada kayak \u00f6\u011fretmeni Y.U. ve arkada\u015flar\u0131n\u0131n tehdit ve hakaretlerine maruz kalm\u0131\u015ft\u0131r.<\/p>\n<p>Olay \u00fczerine Bak\u0131rk\u00f6y Cumhuriyet Ba\u015fsavc\u0131l\u0131\u011f\u0131 taraf\u0131ndan ba\u015flat\u0131lan soru\u015fturma s\u00fcrmektedir. Federasyonumuz disiplin kurulunda da ba\u015fkanl\u0131\u011f\u0131m\u0131z taraf\u0131ndan verilen tedbir karar\u0131 ile yarg\u0131lamas\u0131 devam etmektedir. Ya\u015fanan talihsiz olaylar\u0131n arka plan\u0131nda da bu olay\u0131n oldu\u011fu a\u00e7\u0131kt\u0131r.\u201d<\/p>\n<h4>&#8220;Bu t\u00fcr olaylara yeltenenler&#8221;<\/h4>\n<p>Olay\u0131n faillerinin g\u00f6zalt\u0131na al\u0131nd\u0131\u011f\u0131n\u0131n aktar\u0131ld\u0131\u011f\u0131 a\u00e7\u0131klamada ayr\u0131ca \u015funlar belirtildi:<\/p>\n<p>\u201cSerdar Deniz\u2019in pistte sakatlanmas\u0131na neden olabilecek hareketi yapan kayak \u00f6\u011fretmeni R.\u00d6.n\u00fcn yan\u0131na giden Y.U. milli tak\u0131m sporcumuzu bir kez daha s\u00f6zl\u00fc taciz ve \u00f6l\u00fcmle tehdit ederek tartaklam\u0131\u015ft\u0131r.<\/p>\n<p>Olay\u0131 g\u00f6ren ve m\u00fcdahale eden milli tak\u0131m antren\u00f6rlerimiz ve T\u00fcrkiye Kayak Federasyonu Genel Sekreterimiz Necip Faz\u0131l Kishal\u0131 da sald\u0131rganlar taraf\u0131ndan darp edilmi\u015ftir. Sald\u0131rganlardan kayak \u00f6\u011fretmeni Y.U., kayak \u00f6\u011fretmeni R.\u00d6., snowboard antren\u00f6r\u00fc E.U. ve B.G. olay\u0131 sakinle\u015ftirmek isteyen di\u011fer kayak \u00f6\u011fretmenleri ve antren\u00f6rlerine de b\u0131\u00e7akla sald\u0131rarak yaralamaya \u00e7al\u0131\u015fm\u0131\u015flard\u0131r.<\/p>\n<p>Emniyetin m\u00fcdahalesiyle olaylar savc\u0131l\u0131k makam\u0131na intikal etmi\u015ftir. Olay\u0131n failleri savc\u0131l\u0131k makam\u0131 taraf\u0131ndan g\u00f6zalt\u0131na al\u0131nm\u0131\u015f, haklar\u0131nda 6222 say\u0131l\u0131 yasa ve T\u00fcrk Ceza Kanunu gere\u011fince i\u015flem yap\u0131lm\u0131\u015ft\u0131r.\u201d<\/p>\n<p>Bu t\u00fcr olaylar\u0131n federasyon taraf\u0131ndan kayak sporunun her t\u00fcrl\u00fc haks\u0131zl\u0131klardan ve \u015fiddetten ar\u0131nd\u0131r\u0131labilmesi ad\u0131na 4 y\u0131ld\u0131r kararl\u0131 bir \u015fekilde s\u00fcrd\u00fc\u011f\u00fc m\u00fccadeleyi hi\u00e7bir \u015fekilde engellemeyece\u011finin alt\u0131n\u0131n \u00e7izildi\u011fi a\u00e7\u0131klamada, \u201cBu t\u00fcr olaylara yeltenen t\u00fcm bireyleri hukuk i\u00e7inde kalarak camia d\u0131\u015f\u0131na \u00e7\u0131kartmak konusundaki kararl\u0131 duru\u015fumuzdan hi\u00e7 kimsenin \u015f\u00fcphesi olmas\u0131n.\u201d g\u00f6r\u00fc\u015flerine yer verildi.<\/p>\n<!-- Error, Advert is not available at this time due to schedule\/geolocation restrictions! -->\n","protected":false},"excerpt":{"rendered":"<p>Kayak Federasyonu, Erzurum Paland\u00f6ken Kayak Merkezi&#8217;ndeki bir otelin pistinde d\u00fczenlenen yar\u0131\u015flar s\u0131ras\u0131nda iki grup aras\u0131nda \u00e7\u0131kan kavgayla ilgili a\u00e7\u0131klama yapt\u0131. T\u00fcrkiye Kayak Federasyonu, Erzurum\u2019da Paland\u00f6ken Kayak Merkezi\u2019ndeki bir otelin pistinde d\u00fczenlenen yar\u0131\u015flar s\u0131ras\u0131nda iki grup aras\u0131nda \u00e7\u0131kan kavgayla ilgili \u201cSporcumuzun sakatlanmas\u0131n\u0131 ama\u00e7layarak, milli sporcumuzun olimpiyatlara kat\u0131lmas\u0131n\u0131 engellemek istenmi\u015ftir\u201d denildi. Yap\u0131lan a\u00e7\u0131klamada, federasyonun T\u00fcrkiye\u2019yi uluslararas\u0131 arenada &hellip;<\/p>\n","protected":false},"author":9192198,"featured_media":258680,"comment_status":"open","ping_status":"open","sticky":false,"template":"","format":"standard","meta":{"_acf_changed":false,"footnotes":""},"categories":[5005,6805],"tags":[215117,180438,215018,91783],"class_list":["post-258678","post","type-post","status-publish","format-standard","has-post-thumbnail","hentry","category-manset","category-turkiye","tag-bakirkoy-cumhuriyet-bassavciligi","tag-kayak-federasyonu","tag-kayak-milli-takimi","tag-snowboard"],"acf":[],"_links":{"self":[{"href":"https:\/\/www.nationalturk.com\/tr\/wp-json\/wp\/v2\/posts\/258678","targetHints":{"allow":["GET"]}}],"collection":[{"href":"https:\/\/www.nationalturk.com\/tr\/wp-json\/wp\/v2\/posts"}],"about":[{"href":"https:\/\/www.nationalturk.com\/tr\/wp-json\/wp\/v2\/types\/post"}],"author":[{"embeddable":true,"href":"https:\/\/www.nationalturk.com\/tr\/wp-json\/wp\/v2\/users\/9192198"}],"replies":[{"embeddable":true,"href":"https:\/\/www.nationalturk.com\/tr\/wp-json\/wp\/v2\/comments?post=258678"}],"version-history":[{"count":0,"href":"https:\/\/www.nationalturk.com\/tr\/wp-json\/wp\/v2\/posts\/258678\/revisions"}],"wp:featuredmedia":[{"embeddable":true,"href":"https:\/\/www.nationalturk.com\/tr\/wp-json\/wp\/v2\/media\/258680"}],"wp:attachment":[{"href":"https:\/\/www.nationalturk.com\/tr\/wp-json\/wp\/v2\/media?parent=258678"}],"wp:term":[{"taxonomy":"category","embeddable":true,"href":"https:\/\/www.nationalturk.com\/tr\/wp-json\/wp\/v2\/categories?post=258678"},{"taxonomy":"post_tag","embeddable":true,"href":"https:\/\/www.nationalturk.com\/tr\/wp-json\/wp\/v2\/tags?post=258678"}],"curies":[{"name":"wp","href":"https:\/\/api.w.org\/{rel}","templated":true}]}}