{"id":258719,"date":"2017-12-13T17:12:19","date_gmt":"2017-12-13T14:12:19","guid":{"rendered":"http:\/\/www.nationalturk.com\/?p=258719"},"modified":"2017-12-13T17:12:19","modified_gmt":"2017-12-13T14:12:19","slug":"vefat-eden-ito-baskani-ibrahim-caglar-icin-sorusturma-basladi","status":"publish","type":"post","link":"https:\/\/www.nationalturk.com\/tr\/vefat-eden-ito-baskani-ibrahim-caglar-icin-sorusturma-basladi\/","title":{"rendered":"Vefat eden \u0130TO Ba\u015fkan\u0131 \u0130brahim \u00c7a\u011flar i\u00e7in soru\u015fturma ba\u015flad\u0131"},"content":{"rendered":"<h2>Sa\u011fl\u0131k Bakanl\u0131\u011f\u0131 \u0130TO Ba\u015fkan\u0131 \u0130brahim \u00c7a\u011flar&#8217;\u0131n vefat\u0131n\u0131n ard\u0131ndan ihmal iddialar\u0131yla ilgili soru\u015fturma ba\u015flatt\u0131.<\/h2>\n<p>\u0130stanbul Ko\u015fuyolu\u2019ndaki Medipol Hastenesi&#8217;ne gece 01.00\u2019de ba\u015fvuran \u0130brahim \u00c7a\u011flar\u2019\u0131n gaz \u015fikayeti ve kar\u0131n a\u011fr\u0131s\u0131 nedeniyle geri g\u00f6nderildi\u011fi \u00f6ne s\u00fcr\u00fclm\u00fc\u015ft\u00fc.<\/p>\n<p>Buna kar\u015f\u0131n hastane, kalp krizi riski dikkate al\u0131narak EKG de \u00e7ekildi\u011fini a\u00e7\u0131klam\u0131\u015ft\u0131. Saat 02.20 civar\u0131nda yeniden rahats\u0131zlanan \u00c7a\u011flar, ayn\u0131 hastanenin Ba\u011fc\u0131lar\u2019daki merkezine sevk edilmi\u015fti.<\/p>\n<p>\u0130ddialar \u00fczerine Sa\u011fl\u0131k Bakanl\u0131\u011f\u0131 harekete ge\u00e7ti ve \u00c7a\u011flar\u2019\u0131n \u00f6l\u00fcm\u00fcyle ilgili inceleme ba\u015flat\u0131ld\u0131.<\/p>\n<p>Ayn\u0131 zamanda T\u00fcrkiye Odalar ve Borsalar Birli\u011fi (TOBB) Ba\u015fkan Yard\u0131mc\u0131s\u0131 olan \u0130brahim \u00c7a\u011flar, pazartesi sabah saatlerinde ge\u00e7irdi\u011fi kalp krizi sonras\u0131 hayat\u0131n\u0131 kaybetmi\u015fti.<\/p>\n<!-- Error, Advert is not available at this time due to schedule\/geolocation restrictions! -->\n","protected":false},"excerpt":{"rendered":"<p>Sa\u011fl\u0131k Bakanl\u0131\u011f\u0131 \u0130TO Ba\u015fkan\u0131 \u0130brahim \u00c7a\u011flar&#8217;\u0131n vefat\u0131n\u0131n ard\u0131ndan ihmal iddialar\u0131yla ilgili soru\u015fturma ba\u015flatt\u0131. \u0130stanbul Ko\u015fuyolu\u2019ndaki Medipol Hastenesi&#8217;ne gece 01.00\u2019de ba\u015fvuran \u0130brahim \u00c7a\u011flar\u2019\u0131n gaz \u015fikayeti ve kar\u0131n a\u011fr\u0131s\u0131 nedeniyle geri g\u00f6nderildi\u011fi \u00f6ne s\u00fcr\u00fclm\u00fc\u015ft\u00fc. Buna kar\u015f\u0131n hastane, kalp krizi riski dikkate al\u0131narak EKG de \u00e7ekildi\u011fini a\u00e7\u0131klam\u0131\u015ft\u0131. Saat 02.20 civar\u0131nda yeniden rahats\u0131zlanan \u00c7a\u011flar, ayn\u0131 hastanenin Ba\u011fc\u0131lar\u2019daki merkezine sevk &hellip;<\/p>\n","protected":false},"author":9192198,"featured_media":258504,"comment_status":"open","ping_status":"open","sticky":false,"template":"","format":"standard","meta":{"_acf_changed":false,"footnotes":""},"categories":[6155,5005,6202,349,6805],"tags":[214962,215144,1687,3421],"class_list":["post-258719","post","type-post","status-publish","format-standard","has-post-thumbnail","hentry","category-gundem","category-manset","category-politika","category-son-dakika","category-turkiye","tag-ibrahim-caglar","tag-ito-baskani","tag-saglik-bakanligi","tag-tobb"],"acf":[],"_links":{"self":[{"href":"https:\/\/www.nationalturk.com\/tr\/wp-json\/wp\/v2\/posts\/258719","targetHints":{"allow":["GET"]}}],"collection":[{"href":"https:\/\/www.nationalturk.com\/tr\/wp-json\/wp\/v2\/posts"}],"about":[{"href":"https:\/\/www.nationalturk.com\/tr\/wp-json\/wp\/v2\/types\/post"}],"author":[{"embeddable":true,"href":"https:\/\/www.nationalturk.com\/tr\/wp-json\/wp\/v2\/users\/9192198"}],"replies":[{"embeddable":true,"href":"https:\/\/www.nationalturk.com\/tr\/wp-json\/wp\/v2\/comments?post=258719"}],"version-history":[{"count":0,"href":"https:\/\/www.nationalturk.com\/tr\/wp-json\/wp\/v2\/posts\/258719\/revisions"}],"wp:featuredmedia":[{"embeddable":true,"href":"https:\/\/www.nationalturk.com\/tr\/wp-json\/wp\/v2\/media\/258504"}],"wp:attachment":[{"href":"https:\/\/www.nationalturk.com\/tr\/wp-json\/wp\/v2\/media?parent=258719"}],"wp:term":[{"taxonomy":"category","embeddable":true,"href":"https:\/\/www.nationalturk.com\/tr\/wp-json\/wp\/v2\/categories?post=258719"},{"taxonomy":"post_tag","embeddable":true,"href":"https:\/\/www.nationalturk.com\/tr\/wp-json\/wp\/v2\/tags?post=258719"}],"curies":[{"name":"wp","href":"https:\/\/api.w.org\/{rel}","templated":true}]}}