{"id":258726,"date":"2017-12-13T18:24:44","date_gmt":"2017-12-13T15:24:44","guid":{"rendered":"http:\/\/www.nationalturk.com\/?p=258726"},"modified":"2017-12-13T18:24:44","modified_gmt":"2017-12-13T15:24:44","slug":"adana-mersin-arasi-25-dakikaya-iniyor","status":"publish","type":"post","link":"https:\/\/www.nationalturk.com\/tr\/adana-mersin-arasi-25-dakikaya-iniyor\/","title":{"rendered":"Adana &#8211; Mersin aras\u0131 25 dakikaya iniyor"},"content":{"rendered":"<h2>Mersin ile Adana aras\u0131ndaki tren ula\u015f\u0131m\u0131n\u0131n daha kaliteli ve h\u0131zl\u0131 hale getirilmesi i\u00e7in ba\u015flat\u0131lan ek demiryolu hatt\u0131 yap\u0131m \u00e7al\u0131\u015fmas\u0131 h\u0131zla ilerliyor<\/h2>\n<p>Mersin Valisi Ali \u0130hsan Su, beraberinde TCDD 6. B\u00f6lge M\u00fcd\u00fcr\u00fc O\u011fuz Sayg\u0131l\u0131 ve gazeteciler ile Mersin Gar\u0131&#8217;ndan bindikleri trenle Yenice Gar\u0131&#8217;na kadar yolculuk yapt\u0131. <\/p>\n<p>Yolculuk s\u0131ras\u0131nda g\u00fczergahtaki \u00e7al\u0131\u015fmalar hakk\u0131nda bilgi veren Vali Su, Mersin ile Adana aras\u0131nda 67 kilometrelik bir demiryolu hatt\u0131 bulundu\u011funu ve mevcut haliyle her g\u00fcn 15 bin yolcu ta\u015f\u0131nd\u0131\u011f\u0131n\u0131 s\u00f6yledi.<\/p>\n<p>Kom\u015fu iki kent aras\u0131ndaki tren yolculu\u011funun \u015fu an 45 dakika s\u00fcrd\u00fc\u011f\u00fcn\u00fc hat\u0131rlatan Su, &#8220;Yapaca\u011f\u0131m\u0131z h\u0131zl\u0131 tren \u00e7al\u0131\u015fmas\u0131yla 67 kilometrelik tren yolu g\u00fczergah\u0131n\u0131 25 dakikada kat edece\u011fiz. \u015eu andaki mevcut trenler ortalama 110 kilometre h\u0131zla gidebiliyor. H\u0131zl\u0131 tren geldi\u011finde 160-200 kilometre aras\u0131 h\u0131za \u00e7\u0131kan trenler olacak ve bu g\u00fczergah\u0131 25 dakikaya d\u00fc\u015f\u00fcrm\u00fc\u015f olaca\u011f\u0131z.&#8221; dedi.<\/p>\n<p>Projenin h\u0131zla ilerledi\u011fini aktaran Su, &#8220;Altyap\u0131 \u00e7al\u0131\u015fmalar\u0131 yakla\u015f\u0131k y\u00fczde 90 oran\u0131nda tamamland\u0131. Yakla\u015f\u0131k 198 milyon liral\u0131k bir proje bu. Y\u0131l sonunda altyap\u0131 tamamen bitecek ve \u00fcstyap\u0131 \u00e7al\u0131\u015fmalar\u0131 yap\u0131lacak. Ocak ay\u0131nda \u00fcstyap\u0131 ihalesi ger\u00e7ekle\u015ftirilecek. \u00dcstyap\u0131 i\u00e7erisinde ise gardaki yeni terminal binas\u0131, elektrik i\u015fleri, raylar\u0131n d\u00f6\u015fenmesi gibi i\u015fler olacak.&#8221; diye konu\u015ftu.<\/p>\n<p>Su, hat \u00fczerinde gerekli g\u00fcvenlik \u00f6nlemlerinin de al\u0131naca\u011f\u0131n\u0131, alt ve \u00fcst ge\u00e7itlerin yap\u0131laca\u011f\u0131n\u0131, ses engelleme duvarlar\u0131n\u0131n da bulunaca\u011f\u0131n\u0131 anlatarak, \u00e7al\u0131\u015fma kapsam\u0131nda Adana ve Mersin aras\u0131ndaki iki hatta ilave olarak 2 hatt\u0131n daha eklenece\u011fini dile getirdi.<\/p>\n<!-- Error, Advert is not available at this time due to schedule\/geolocation restrictions! -->\n","protected":false},"excerpt":{"rendered":"<p>Mersin ile Adana aras\u0131ndaki tren ula\u015f\u0131m\u0131n\u0131n daha kaliteli ve h\u0131zl\u0131 hale getirilmesi i\u00e7in ba\u015flat\u0131lan ek demiryolu hatt\u0131 yap\u0131m \u00e7al\u0131\u015fmas\u0131 h\u0131zla ilerliyor Mersin Valisi Ali \u0130hsan Su, beraberinde TCDD 6. B\u00f6lge M\u00fcd\u00fcr\u00fc O\u011fuz Sayg\u0131l\u0131 ve gazeteciler ile Mersin Gar\u0131&#8217;ndan bindikleri trenle Yenice Gar\u0131&#8217;na kadar yolculuk yapt\u0131. Yolculuk s\u0131ras\u0131nda g\u00fczergahtaki \u00e7al\u0131\u015fmalar hakk\u0131nda bilgi veren Vali Su, Mersin &hellip;<\/p>\n","protected":false},"author":4,"featured_media":258727,"comment_status":"open","ping_status":"open","sticky":false,"template":"","format":"standard","meta":{"_acf_changed":false,"footnotes":""},"categories":[6155,6805],"tags":[2933,3131],"class_list":["post-258726","post","type-post","status-publish","format-standard","has-post-thumbnail","hentry","category-gundem","category-turkiye","tag-adana","tag-mersin"],"acf":[],"_links":{"self":[{"href":"https:\/\/www.nationalturk.com\/tr\/wp-json\/wp\/v2\/posts\/258726","targetHints":{"allow":["GET"]}}],"collection":[{"href":"https:\/\/www.nationalturk.com\/tr\/wp-json\/wp\/v2\/posts"}],"about":[{"href":"https:\/\/www.nationalturk.com\/tr\/wp-json\/wp\/v2\/types\/post"}],"author":[{"embeddable":true,"href":"https:\/\/www.nationalturk.com\/tr\/wp-json\/wp\/v2\/users\/4"}],"replies":[{"embeddable":true,"href":"https:\/\/www.nationalturk.com\/tr\/wp-json\/wp\/v2\/comments?post=258726"}],"version-history":[{"count":0,"href":"https:\/\/www.nationalturk.com\/tr\/wp-json\/wp\/v2\/posts\/258726\/revisions"}],"wp:featuredmedia":[{"embeddable":true,"href":"https:\/\/www.nationalturk.com\/tr\/wp-json\/wp\/v2\/media\/258727"}],"wp:attachment":[{"href":"https:\/\/www.nationalturk.com\/tr\/wp-json\/wp\/v2\/media?parent=258726"}],"wp:term":[{"taxonomy":"category","embeddable":true,"href":"https:\/\/www.nationalturk.com\/tr\/wp-json\/wp\/v2\/categories?post=258726"},{"taxonomy":"post_tag","embeddable":true,"href":"https:\/\/www.nationalturk.com\/tr\/wp-json\/wp\/v2\/tags?post=258726"}],"curies":[{"name":"wp","href":"https:\/\/api.w.org\/{rel}","templated":true}]}}