{"id":259084,"date":"2017-12-19T11:27:05","date_gmt":"2017-12-19T08:27:05","guid":{"rendered":"http:\/\/www.nationalturk.com\/?p=259084"},"modified":"2017-12-19T11:27:05","modified_gmt":"2017-12-19T08:27:05","slug":"son-dakika-pkknin-kadin-bombacisi-izmirde-yakalandi","status":"publish","type":"post","link":"https:\/\/www.nationalturk.com\/tr\/son-dakika-pkknin-kadin-bombacisi-izmirde-yakalandi\/","title":{"rendered":"Son dakika: PKK&#8217;n\u0131n kad\u0131n bombac\u0131s\u0131 \u0130zmir&#8217;de yakaland\u0131!"},"content":{"rendered":"<h2>\u0130zmir&#8217;de ter\u00f6r \u00f6rg\u00fct\u00fc PKK\/KCK&#8217;ya y\u00f6nelik operasyonda yakalanan 51 ki\u015fi aras\u0131nda bulunan N.E&#8217;nin PKK&#8217;n\u0131n kad\u0131n bombac\u0131s\u0131 oldu\u011fu \u00f6\u011frenildi.<\/h2>\n<p>\u0130zmir Cumhuriyet Ba\u015fsavc\u0131l\u0131\u011f\u0131&#8217;n\u0131n y\u00fcr\u00fctt\u00fc\u011f\u00fc soru\u015fturma kapsam\u0131nda ter\u00f6r \u00f6rg\u00fct\u00fc PKK&#8217;n\u0131n propagandas\u0131n\u0131 yapt\u0131\u011f\u0131 gerek\u00e7esiyle 65 \u015f\u00fcpheli hakk\u0131nda yakalama karar\u0131 \u00e7\u0131kar\u0131ld\u0131.<\/p>\n<p>\u0130zmir \u0130l Emniyet M\u00fcd\u00fcrl\u00fc\u011f\u00fc Ter\u00f6rle M\u00fccadele \u015eubesi ile M\u0130T B\u00f6lge Ba\u015fkanl\u0131\u011f\u0131 \u0130stihbarat \u015eube M\u00fcd\u00fcrl\u00fc\u011f\u00fc ekipleri, b\u00f6l\u00fcc\u00fc ter\u00f6r \u00f6rg\u00fct\u00fc PKK\u2019n\u0131n kentte eylem haz\u0131rl\u0131\u011f\u0131 y\u00f6n\u00fcndeki bilgisi \u00fczerine harekete ge\u00e7ti.<\/p>\n<p>\u00d6rg\u00fcte yard\u0131m ve yatakl\u0131k yapt\u0131\u011f\u0131 ayn\u0131 zamanda sosyal medya \u00fczerinde de \u00f6rg\u00fct\u00fcn propagandas\u0131n\u0131 yapan 65 ki\u015fi belirlendi. Ekipler e\u015f zamanl\u0131 olarak kent merkezi ile Menemen, Kemalpa\u015fa, Tire, Torbal\u0131 ve Alia\u011fa il\u00e7elerinde operasyon d\u00fczenledi.<\/p>\n<h3>K\u0131sa s\u00fcre \u00f6nce tahliye olmu\u015ftu!<\/h3>\n<p>\u00d6zel Harekat polislerinin de destek verdi\u011fi operasyonda 51 \u015f\u00fcpheli yakaland\u0131. \u015e\u00fcphelilerin adreslerinde yap\u0131lan aramada ise aramalarda \u00e7ok say\u0131da \u00f6rg\u00fctsel dok\u00fcman dijital malzeme ve av t\u00fcfe\u011fi ele ge\u00e7irildi.<\/p>\n<p>\u00d6te yandan g\u00f6zalt\u0131na al\u0131nanlar\u0131n aras\u0131nda PKK\u2019n\u0131 da\u011f kadrosuyla do\u011fduran ba\u011flant\u0131l\u0131 ki\u015filerinde oldu\u011fu belirlendi.<\/p>\n<p>Bu arada g\u00f6zalt\u0131na al\u0131nanlardan N.E.\u2019nin PKK\u2019n\u0131n kad\u0131n bombac\u0131s\u0131 oldu\u011fu ortaya \u00e7\u0131kt\u0131. N.E.\u2019nin 10 y\u0131l \u00f6nce patlay\u0131c\u0131 madde bulundurmaktan yakalanarak tutukland\u0131\u011f\u0131 ve k\u0131sa bir s\u00fcre \u00f6nce de sal\u0131verildi\u011fi \u00f6\u011frenildi. Polisin bu operasyonu kentteki olas\u0131 bir sald\u0131r\u0131y\u0131 \u00f6nlemi\u015f oldu.<\/p>\n<p>&nbsp;<\/p>\n","protected":false},"excerpt":{"rendered":"<p>\u0130zmir&#8217;de ter\u00f6r \u00f6rg\u00fct\u00fc PKK\/KCK&#8217;ya y\u00f6nelik operasyonda yakalanan 51 ki\u015fi aras\u0131nda bulunan N.E&#8217;nin PKK&#8217;n\u0131n kad\u0131n bombac\u0131s\u0131 oldu\u011fu \u00f6\u011frenildi. \u0130zmir Cumhuriyet Ba\u015fsavc\u0131l\u0131\u011f\u0131&#8217;n\u0131n y\u00fcr\u00fctt\u00fc\u011f\u00fc soru\u015fturma kapsam\u0131nda ter\u00f6r \u00f6rg\u00fct\u00fc PKK&#8217;n\u0131n propagandas\u0131n\u0131 yapt\u0131\u011f\u0131 gerek\u00e7esiyle 65 \u015f\u00fcpheli hakk\u0131nda yakalama karar\u0131 \u00e7\u0131kar\u0131ld\u0131. \u0130zmir \u0130l Emniyet M\u00fcd\u00fcrl\u00fc\u011f\u00fc Ter\u00f6rle M\u00fccadele \u015eubesi ile M\u0130T B\u00f6lge Ba\u015fkanl\u0131\u011f\u0131 \u0130stihbarat \u015eube M\u00fcd\u00fcrl\u00fc\u011f\u00fc ekipleri, b\u00f6l\u00fcc\u00fc ter\u00f6r \u00f6rg\u00fct\u00fc PKK\u2019n\u0131n kentte &hellip;<\/p>\n","protected":false},"author":9192198,"featured_media":259086,"comment_status":"open","ping_status":"open","sticky":false,"template":"","format":"standard","meta":{"_acf_changed":false,"footnotes":""},"categories":[5005,349,6805],"tags":[50258,105554,76475,20460,51088,84063,5592,214826,20091,24841],"class_list":["post-259084","post","type-post","status-publish","format-standard","has-post-thumbnail","hentry","category-manset","category-son-dakika","category-turkiye","tag-aliaga","tag-izmir-cumhuriyet-bassavciligi","tag-izmir-il-emniyet-mudurlugu","tag-kemalpasa","tag-menemen","tag-ozel-harekat","tag-pkk","tag-terorle-mucadele-subesi","tag-tire","tag-torbali"],"acf":[],"_links":{"self":[{"href":"https:\/\/www.nationalturk.com\/tr\/wp-json\/wp\/v2\/posts\/259084","targetHints":{"allow":["GET"]}}],"collection":[{"href":"https:\/\/www.nationalturk.com\/tr\/wp-json\/wp\/v2\/posts"}],"about":[{"href":"https:\/\/www.nationalturk.com\/tr\/wp-json\/wp\/v2\/types\/post"}],"author":[{"embeddable":true,"href":"https:\/\/www.nationalturk.com\/tr\/wp-json\/wp\/v2\/users\/9192198"}],"replies":[{"embeddable":true,"href":"https:\/\/www.nationalturk.com\/tr\/wp-json\/wp\/v2\/comments?post=259084"}],"version-history":[{"count":0,"href":"https:\/\/www.nationalturk.com\/tr\/wp-json\/wp\/v2\/posts\/259084\/revisions"}],"wp:featuredmedia":[{"embeddable":true,"href":"https:\/\/www.nationalturk.com\/tr\/wp-json\/wp\/v2\/media\/259086"}],"wp:attachment":[{"href":"https:\/\/www.nationalturk.com\/tr\/wp-json\/wp\/v2\/media?parent=259084"}],"wp:term":[{"taxonomy":"category","embeddable":true,"href":"https:\/\/www.nationalturk.com\/tr\/wp-json\/wp\/v2\/categories?post=259084"},{"taxonomy":"post_tag","embeddable":true,"href":"https:\/\/www.nationalturk.com\/tr\/wp-json\/wp\/v2\/tags?post=259084"}],"curies":[{"name":"wp","href":"https:\/\/api.w.org\/{rel}","templated":true}]}}