{"id":259090,"date":"2017-12-19T12:44:14","date_gmt":"2017-12-19T09:44:14","guid":{"rendered":"http:\/\/www.nationalturk.com\/?p=259090"},"modified":"2017-12-19T12:44:14","modified_gmt":"2017-12-19T09:44:14","slug":"turkiye-ziyaretinden-donen-libyali-belediye-baskanina-suikast","status":"publish","type":"post","link":"https:\/\/www.nationalturk.com\/tr\/turkiye-ziyaretinden-donen-libyali-belediye-baskanina-suikast\/","title":{"rendered":"T\u00fcrkiye ziyaretinden d\u00f6nen Libyal\u0131 belediye ba\u015fkan\u0131na suikast!"},"content":{"rendered":"<h2>T\u00fcrkiye ziyaretinden d\u00f6nen Misurata Belediye Ba\u015fkan\u0131 Muhammed \u0130\u015ftevi, Libya&#8217;da havaliman\u0131 \u00e7\u0131k\u0131\u015f\u0131 ka\u00e7\u0131r\u0131ld\u0131ktan sonra \u00f6ld\u00fcr\u00fcld\u00fc.<\/h2>\n<p>T\u00fcrk D\u0131\u015fi\u015fleri, Muhammed \u0130\u015ftevi&#8217;nin \u00f6ld\u00fcr\u00fclmesini k\u0131nad\u0131. \u0130\u015ftevi, Ankara&#8217;da Bakan \u00c7avu\u015fo\u011flu ile g\u00f6r\u00fc\u015fm\u00fc\u015ft\u00fc. Libya&#8217;n\u0131n \u00fc\u00e7\u00fcnc\u00fc b\u00fcy\u00fck kenti Misurata&#8217;n\u0131n Belediye Ba\u015fkan\u0131 Muhammed \u0130\u015ftevi, T\u00fcrkiye d\u00f6n\u00fc\u015f\u00fcnde u\u011frad\u0131\u011f\u0131 suikast sonucunda \u00f6ld\u00fcr\u00fcld\u00fc.<\/p>\n<p>Libya&#8217;n\u0131n bat\u0131s\u0131ndaki Misurata havaliman\u0131na Pazar ak\u015fam\u0131 vard\u0131ktan sonra silahl\u0131 ki\u015filerce ka\u00e7\u0131r\u0131lan \u0130\u015ftevi&#8217;nin cans\u0131z bedeni, kentteki bir hastanenin d\u0131\u015f\u0131nda bulundu. G\u00fcvenlik kaynaklar\u0131, v\u00fccudunda kur\u015fun yaralar\u0131 olan \u0130\u015ftevi&#8217;nin ka\u00e7\u0131r\u0131ld\u0131\u011f\u0131 s\u0131rada yan\u0131nda erkek karde\u015finin de bulundu\u011funu belirtti. \u0130\u015ftevi&#8217;nin karde\u015finin, ara\u00e7lar\u0131na yap\u0131lan silahl\u0131 sald\u0131r\u0131dan yaral\u0131 kurtuldu\u011fu bildirildi.<\/p>\n<h3>T\u00fcrkiye&#8217;den k\u0131nama geldi<\/h3>\n<p>2014 y\u0131l\u0131nda d\u00f6rt seneli\u011fine Misurata belediye ba\u015fkanl\u0131\u011f\u0131na se\u00e7ilen \u0130\u015ftevi ve beraberindeki belediye meclisi \u00fcyeleri, 14 Aral\u0131k&#8217;ta Ankara&#8217;da D\u0131\u015fi\u015fleri Bakan\u0131 Mevl\u00fct \u00c7avu\u015fo\u011flu ile bir araya gelmi\u015fti.<\/p>\n<p>D\u0131\u015fi\u015fleri Bakanl\u0131\u011f\u0131, g\u00f6r\u00fc\u015fmede &#8220;T\u00fcrkiye&#8217;nin Libya\u2019n\u0131n refah, bar\u0131\u015f ve istikrar\u0131na g\u00fc\u00e7l\u00fc deste\u011fini bir kez daha vurgulad\u0131\u011f\u0131n\u0131&#8221; a\u00e7\u0131klam\u0131\u015ft\u0131.<\/p>\n<p>T\u00fcrk D\u0131\u015fi\u015fleri Bakanl\u0131\u011f\u0131, \u0130\u015ftevi&#8217;nin \u00f6ld\u00fcr\u00fclmesinin ard\u0131ndan yay\u0131mlad\u0131\u011f\u0131 a\u00e7\u0131klamada ise Libyal\u0131 siyaset\u00e7iye d\u00fczenlenen suikast\u0131 k\u0131nad\u0131.<\/p>\n<p>\u0130\u015ftevi&#8217;nin \u00f6ld\u00fcr\u00fclmesinin &#8220;b\u00fcy\u00fck \u00fcz\u00fcnt\u00fcyle&#8221; \u00f6\u011frenildi\u011fi belirtilen a\u00e7\u0131klamada, &#8220;Misurata ve Libya\u2019n\u0131n istikrar\u0131na kasteden bu menfur suikast\u0131 \u015fiddetle k\u0131n\u0131yoruz. Faillerin bir an \u00f6nce yakalanarak adalete teslim edilmesini temenni ediyoruz. Merhuma Allah\u2019tan rahmet, ba\u015fta ailesi olmak \u00fczere, t\u00fcm Libya halk\u0131na ve h\u00fck\u00fcmetine ba\u015fsa\u011fl\u0131\u011f\u0131 diliyoruz&#8221; denildi.<\/p>\n<h4>&#8220;Al\u00e7ak\u00e7a bir ter\u00f6r eylemi&#8221;<\/h4>\n<p>\u0130\u015ftevi&#8217;ye y\u00f6nelik suikast\u0131 hen\u00fcz hi\u00e7bir silahl\u0131 grup \u00fcstlenmedi. Muammer Kaddafi&#8217;nin 2011 y\u0131l\u0131nda devrilip \u00f6ld\u00fcr\u00fclmesiyle sonu\u00e7lanan ayaklanmalar\u0131n ard\u0131ndan kaosa s\u00fcr\u00fcklenen Libya&#8217;da; ikisi Trablus, di\u011feri ise Tobruk&#8217;ta olmak \u00fczere \u00fc\u00e7 farkl\u0131 h\u00fck\u00fcmet bulunuyor.<\/p>\n<p>Birle\u015fmi\u015f Milletler (BM) birbiriyle rekabet halindeki bu h\u00fck\u00fcmetlerden Ulusal Mutabakat H\u00fck\u00fcmeti&#8217;ne destek veriyor. \u00d6ld\u00fcr\u00fclen Misurata Belediye Ba\u015fkan\u0131 \u0130\u015ftevi de Fayiz es Serrac liderli\u011findeki bu h\u00fck\u00fcmeti destekleyen isimlerdendi.<\/p>\n<h5>&#8220;Ho\u015fg\u00f6r\u00fc ve itidal sembol\u00fc&#8221;<\/h5>\n<p>Trablus merkezli Ulusal Mutabakat H\u00fck\u00fcmeti, &#8220;ho\u015fg\u00f6r\u00fc ve itidal sembol\u00fc&#8221; olarak tan\u0131mlad\u0131\u011f\u0131 \u0130\u015ftevi&#8217;nin &#8220;al\u00e7ak\u00e7a ger\u00e7ekle\u015ftirilen bir ter\u00f6r eyleminde&#8221; \u00f6ld\u00fcr\u00fclmesinden sorumlu olanlar\u0131n adalete teslim edilece\u011fine dair s\u00f6z verdi. BM Libya \u00d6zel Temsilcisi Hassan Salame de Twitter \u00fczerinden yapt\u0131\u011f\u0131 a\u00e7\u0131klamada sald\u0131r\u0131y\u0131 k\u0131nad\u0131.<\/p>\n<p>Yakla\u015f\u0131k 400 bin n\u00fcfusu bulunan Misurata, Libya&#8217;n\u0131n g\u00f6rece g\u00fcvenli kentleri aras\u0131nda g\u00f6steriliyor. Ancak Ekim ay\u0131nda kentteki adliye saray\u0131na I\u015e\u0130D taraf\u0131ndan d\u00fczenlenen bombal\u0131 intihar sald\u0131r\u0131s\u0131nda d\u00f6rt ki\u015fi hayat\u0131n\u0131 kaybetmi\u015fti. Misurata&#8217;daki milis g\u00fc\u00e7leri ge\u00e7en sene I\u015e\u0130D&#8217;in b\u00f6lgedeki bir ba\u015fka sahil kenti Sirte&#8217;den temizlenmesinde \u00f6nemli rol oynam\u0131\u015ft\u0131.<\/p>\n<!-- Error, Advert is not available at this time due to schedule\/geolocation restrictions! -->\n","protected":false},"excerpt":{"rendered":"<p>T\u00fcrkiye ziyaretinden d\u00f6nen Misurata Belediye Ba\u015fkan\u0131 Muhammed \u0130\u015ftevi, Libya&#8217;da havaliman\u0131 \u00e7\u0131k\u0131\u015f\u0131 ka\u00e7\u0131r\u0131ld\u0131ktan sonra \u00f6ld\u00fcr\u00fcld\u00fc. T\u00fcrk D\u0131\u015fi\u015fleri, Muhammed \u0130\u015ftevi&#8217;nin \u00f6ld\u00fcr\u00fclmesini k\u0131nad\u0131. \u0130\u015ftevi, Ankara&#8217;da Bakan \u00c7avu\u015fo\u011flu ile g\u00f6r\u00fc\u015fm\u00fc\u015ft\u00fc. Libya&#8217;n\u0131n \u00fc\u00e7\u00fcnc\u00fc b\u00fcy\u00fck kenti Misurata&#8217;n\u0131n Belediye Ba\u015fkan\u0131 Muhammed \u0130\u015ftevi, T\u00fcrkiye d\u00f6n\u00fc\u015f\u00fcnde u\u011frad\u0131\u011f\u0131 suikast sonucunda \u00f6ld\u00fcr\u00fcld\u00fc. Libya&#8217;n\u0131n bat\u0131s\u0131ndaki Misurata havaliman\u0131na Pazar ak\u015fam\u0131 vard\u0131ktan sonra silahl\u0131 ki\u015filerce ka\u00e7\u0131r\u0131lan \u0130\u015ftevi&#8217;nin cans\u0131z bedeni, &hellip;<\/p>\n","protected":false},"author":9192198,"featured_media":259091,"comment_status":"open","ping_status":"open","sticky":false,"template":"","format":"standard","meta":{"_acf_changed":false,"footnotes":""},"categories":[6767,6748,5005,349],"tags":[28609,180979,4787,3934,56258],"class_list":["post-259090","post","type-post","status-publish","format-standard","has-post-thumbnail","hentry","category-afrika","category-is-dunyasi","category-manset","category-son-dakika","tag-bm","tag-disisleri-bakani-mevlut-cavusoglu","tag-libya","tag-muammer-kaddafi","tag-trablus"],"acf":[],"_links":{"self":[{"href":"https:\/\/www.nationalturk.com\/tr\/wp-json\/wp\/v2\/posts\/259090","targetHints":{"allow":["GET"]}}],"collection":[{"href":"https:\/\/www.nationalturk.com\/tr\/wp-json\/wp\/v2\/posts"}],"about":[{"href":"https:\/\/www.nationalturk.com\/tr\/wp-json\/wp\/v2\/types\/post"}],"author":[{"embeddable":true,"href":"https:\/\/www.nationalturk.com\/tr\/wp-json\/wp\/v2\/users\/9192198"}],"replies":[{"embeddable":true,"href":"https:\/\/www.nationalturk.com\/tr\/wp-json\/wp\/v2\/comments?post=259090"}],"version-history":[{"count":0,"href":"https:\/\/www.nationalturk.com\/tr\/wp-json\/wp\/v2\/posts\/259090\/revisions"}],"wp:featuredmedia":[{"embeddable":true,"href":"https:\/\/www.nationalturk.com\/tr\/wp-json\/wp\/v2\/media\/259091"}],"wp:attachment":[{"href":"https:\/\/www.nationalturk.com\/tr\/wp-json\/wp\/v2\/media?parent=259090"}],"wp:term":[{"taxonomy":"category","embeddable":true,"href":"https:\/\/www.nationalturk.com\/tr\/wp-json\/wp\/v2\/categories?post=259090"},{"taxonomy":"post_tag","embeddable":true,"href":"https:\/\/www.nationalturk.com\/tr\/wp-json\/wp\/v2\/tags?post=259090"}],"curies":[{"name":"wp","href":"https:\/\/api.w.org\/{rel}","templated":true}]}}