{"id":259188,"date":"2017-12-20T11:16:22","date_gmt":"2017-12-20T08:16:22","guid":{"rendered":"http:\/\/www.nationalturk.com\/?p=259188"},"modified":"2017-12-20T11:16:22","modified_gmt":"2017-12-20T08:16:22","slug":"fbi-mert-altintasin-maillerine-karsilik-verileri-istedi","status":"publish","type":"post","link":"https:\/\/www.nationalturk.com\/tr\/fbi-mert-altintasin-maillerine-karsilik-verileri-istedi\/","title":{"rendered":"FBI,  Mert Alt\u0131nta\u015f&#8217;\u0131n maillerine kar\u015f\u0131l\u0131k verileri istedi!"},"content":{"rendered":"<h2>ABD Federal Soru\u015fturma B\u00fcrosu FBI\u2019\u0131n, Karlov suikast\u0131n\u0131n tetik\u00e7isi Mert Alt\u0131nta\u015f\u2019\u0131n silinen e-maillerine kar\u015f\u0131l\u0131k dosyadaki t\u00fcm verileri istedi\u011fi ortaya \u00e7\u0131kt\u0131. Soru\u015fturmay\u0131 y\u00fcr\u00fcten savc\u0131l\u0131k ise bu talebi geri \u00e7evirdi. Adalet Bakanl\u0131\u011f\u0131 ve emniyet \u00fczerinden de ayn\u0131 talep gelince savc\u0131 ilgili t\u00fcm birimlere \u2018gizlilik\u2019 talimat\u0131 g\u00f6nderdi.<\/h2>\n<p>Rusya\u2019n\u0131n Ankara B\u00fcy\u00fckel\u00e7isi Andrey Karlov suikast\u0131nda FET\u00d6 izinin \u00e7\u0131kmas\u0131n\u0131n ard\u0131ndan, cinayetin y\u0131l d\u00f6n\u00fcm\u00fcnde \u00e7arp\u0131c\u0131 detaylar ortaya \u00e7\u0131kt\u0131. FET\u00d6 \u00fcyesi polis Mert Alt\u0131nta\u015f\u2019\u0131n \u2018gmail\u2019 hesab\u0131nda silinen yaz\u0131\u015fmalar i\u00e7in Google\u2019a yapt\u0131\u011f\u0131 ba\u015fvuru sonu\u00e7suz kal\u0131rken, FBI\u2019\u0131n soru\u015fturmay\u0131 y\u00fcr\u00fcten Ankara Cumhuriyet Ba\u015fsavc\u0131l\u0131\u011f\u0131\u2019na ilgin\u00e7 bir teklifte bulundu\u011fu \u00f6\u011frenildi.<\/p>\n<p>Adliye kaynaklar\u0131ndan al\u0131nan bilgiye g\u00f6re FBI, Karlov suikast\u0131 dosyas\u0131na kar\u015f\u0131l\u0131k Alt\u0131nta\u015f\u2019\u0131n mailindeki bilgileri vermeyi teklif etti. Tetik\u00e7inin FET\u00d6\u2019deki abisinin de ByLock kulland\u0131\u011f\u0131 belirlendi.<\/p>\n<h3>Geri d\u00f6nd\u00fcr\u00fclemez \u015fekilde silinmi\u015f!<\/h3>\n<p>Tetik\u00e7i Alt\u0131nta\u015f\u2019\u0131n gmail hesab\u0131ndaki yaz\u0131\u015fmalar\u0131n suikasttan 2.5 saat sonra IP numaras\u0131 sanal ortamda olu\u015fturulan bilgisayar taraf\u0131ndan silindi\u011fi tespit edilmi\u015fti. Karar Gazetesi&#8217;nin haberine g\u00f6re savc\u0131l\u0131k, ABD merkezli Google\u2019dan silinen e-mailler i\u00e7in yard\u0131m istedi.<\/p>\n<p>Ancak \u015firket mesajlar\u0131n geri d\u00f6nd\u00fcr\u00fclemez \u015fekilde silindi\u011fini bildirdi. Bunun \u00fczerine FBI\u2019dan yard\u0131m istendi. Savc\u0131l\u0131k yetkilileri FBI\u2019\u0131n T\u00fcrkiye\u2019deki temsilcisinden hem silinen yaz\u0131\u015fmalar\u0131n geri getirilmesi hem de Alt\u0131nta\u015f\u2019\u0131n sosyal medya hesaplar\u0131n\u0131n geriye d\u00f6n\u00fck incelenmesini talep etti.<\/p>\n<p>Talebe olumlu yakla\u015fan FBI yetkilileri \u2018gmail\u2019 hesab\u0131n\u0131n \u015fifresi i\u00e7in mahkemeden karar alacaklar\u0131n\u0131 belirtti.<\/p>\n<h4>Savc\u0131l\u0131k &#8216;garip&#8217; olarak nitelendirdi!<\/h4>\n<p>Adliye kaynaklar\u0131, Alt\u0131nta\u015f\u2019\u0131n \u2018gmail\u2019 hesab\u0131nda silinen yaz\u0131\u015fmalar i\u00e7in savc\u0131l\u0131\u011f\u0131n ba\u015flatt\u0131\u011f\u0131 s\u00fcrecin FBI\u2019dan gelen yeni bir taleple t\u0131kand\u0131\u011f\u0131n\u0131 belirtti. Buna g\u00f6re, FBI yetkilileri soru\u015fturmay\u0131 y\u00fcr\u00fcten Ankara Cumhuriyet Ba\u015fsavc\u0131l\u0131\u011f\u0131\u2019na ilgili \u2018gmail\u2019 hesab\u0131na Mart ay\u0131nda tedbir koydurduklar\u0131n\u0131 belirterek \u201ce-mail yaz\u0131\u015fmalar\u0131 kar\u015f\u0131l\u0131\u011f\u0131nda dosyadaki t\u00fcm dijital kay\u0131tlar\u0131 verin\u201d teklifinde bulundu.<\/p>\n<p>Savc\u0131l\u0131k taraf\u0131ndan \u2018garip\u2019 olarak nitelendirilen talep geri \u00e7evrildi. Ancak dosya pazarl\u0131\u011f\u0131 reddedilen FBI\u2019\u0131n Adalet Bakanl\u0131\u011f\u0131 ve Emniyet \u00fczerinden verilere ula\u015fma \u0131srar\u0131 s\u00fcr\u00fcnce savc\u0131l\u0131k ek \u00f6nlem ald\u0131.<\/p>\n<p>Emniyet ve adliyedeki ilgili t\u00fcm birimlere, dosyadaki gizlilik karar\u0131 hat\u0131rlat\u0131larak hi\u00e7bir bilgi veya kayd\u0131n resmi kimli\u011fi olsa dahi \u00fc\u00e7\u00fcnc\u00fc taraflarla payla\u015f\u0131lmamas\u0131 y\u00f6n\u00fcnde talimat verildi.<\/p>\n<h5>&#8216;Abi&#8217; Y\u00fccel&#8217;de de ByLock \u00e7\u0131kt\u0131<\/h5>\n<p>Soru\u015fturmada suikast\u0131n FET\u00d6 taraf\u0131ndan ger\u00e7ekle\u015ftirildi\u011fini ortaya koyan yeni deliller de elde edildi. \u0130ki\u00a0 y\u0131lda tetik\u00e7inin \u00f6rg\u00fct ba\u011flant\u0131lar\u0131yla ilgili yeni kan\u0131tlar dosyaya girerken, sosyal medya hesaplar\u0131ndan FET\u00d6\u2019c\u00fc payla\u015f\u0131mlar yapt\u0131\u011f\u0131 ortaya \u00e7\u0131kan Karlov\u2019un vuruldu\u011fu serginin organizat\u00f6r\u00fc Timur \u00d6zkan ge\u00e7ti\u011fimiz g\u00fcnlerde ikinci kez g\u00f6zalt\u0131na al\u0131narak tutukland\u0131.<\/p>\n<p>14 Aral\u0131k\u2019ta ise FET\u00d6 ba\u011flant\u0131s\u0131 nedeniyle ihra\u00e7 edilen eski polis Ramazan Y\u00fccel soru\u015fturma kapsam\u0131nda tutukland\u0131. Tetik\u00e7inin \u00f6rg\u00fct i\u00e7indeki vekil abisi oldu\u011fu belirlenen Y\u00fccel\u2019in ByLock kullan\u0131c\u0131s\u0131 oldu\u011fu ortaya \u00e7\u0131kt\u0131. Y\u00fccel\u2019in telefon kay\u0131tlar\u0131nda \u00f6rg\u00fct\u00fcn gizli haberle\u015fme program\u0131n\u0131 kulland\u0131\u011f\u0131 tespit edildi.<\/p>\n<h5>&#8216;Z\u00fcmre Ba\u015fkan\u0131&#8217; tespit edildi!<\/h5>\n<p>\u00d6rg\u00fct i\u00e7inde Alt\u0131nta\u015f ve Y\u00fccel\u2019in ba\u011fl\u0131 oldu\u011fu \u2018Z\u00fcmre Ba\u015fkan\u0131\u2019n\u0131n da tespit edildi\u011fi, ad\u0131 a\u00e7\u0131klanmayan \u015f\u00fcphelinin 15 Temmuz darbe giri\u015fiminin ard\u0131ndan FET\u00d6\u2019den tutukland\u0131\u011f\u0131 ve BayLock kullan\u0131c\u0131s\u0131 oldu\u011fu \u00f6\u011frenildi.<\/p>\n<p>TRT Avaz\u2019da yay\u0131nlanan Eko Avaz isimli program\u0131n yap\u0131mc\u0131s\u0131 Guru Medya&#8217;n\u0131n Yay\u0131n Grubu Ba\u015fkan\u0131 Hayreddin Ayd\u0131nba\u015f\u2019\u0131n da aralar\u0131nda bulundu\u011fu ikisi polis 4 ki\u015finin tutuklu oldu\u011fu soru\u015fturmada \u00f6nemli bir a\u015famaya gelindi\u011fi, FET\u00d6 ba\u011flant\u0131s\u0131n\u0131n y\u00fczde y\u00fcze yak\u0131n ortaya kondu\u011fu belirtiliyor.<\/p>\n<h6>Rus heyeti Ankara&#8217;da<\/h6>\n<p>Rusya\u2019n\u0131n Ankara B\u00fcy\u00fckel\u00e7isi Andrey Karlov\u2019un silahl\u0131 sald\u0131r\u0131 sonucu \u00f6ld\u00fcr\u00fclmesine ili\u015fkin soru\u015fturma i\u00e7in gelen Rus heyet, Ankara Emniyet M\u00fcd\u00fcrl\u00fc\u011f\u00fcnde temaslarda bulundu. Rus heyette savc\u0131, g\u00fcvenlik ata\u015fesi, Acil Durum Bakanl\u0131\u011f\u0131 ve adli t\u0131p yetkilileri yer ald\u0131.<\/p>\n<p>Heyet, Karlov\u2019un silahl\u0131 sald\u0131r\u0131 sonucu \u00f6ld\u00fcr\u00fclmesine ili\u015fkin soru\u015fturma hakk\u0131nda Ankara Emniyet M\u00fcd\u00fcrl\u00fc\u011f\u00fc Ter\u00f6rle M\u00fccadele ve \u0130stihbarat \u015eube M\u00fcd\u00fcrl\u00fc\u011f\u00fc yetkilileri ile bilgi al\u0131\u015fveri\u015finde bulundu.<\/p>\n<p>Rus heyet, d\u00fcn de Ankara Adliyesini ziyaret ederek soru\u015fturmaya ili\u015fkin g\u00f6r\u00fc\u015fmeler yapm\u0131\u015ft\u0131. Rusya\u2019n\u0131n Ankara B\u00fcy\u00fckel\u00e7isi Karlov, 19 Aral\u0131k\u2019ta Ankara\u2019da kat\u0131ld\u0131\u011f\u0131 bir sergide u\u011frad\u0131\u011f\u0131 silahl\u0131 sald\u0131r\u0131 sonucu hayat\u0131n\u0131 kaybetmi\u015fti. Karlov suikast\u0131n\u0131n faili Mevl\u00fct Mert Alt\u0131nta\u015f ise polisin a\u00e7t\u0131\u011f\u0131 ate\u015f sonucu \u00f6ld\u00fcr\u00fclm\u00fc\u015ft\u00fc.<\/p>\n<!-- Error, Advert is not available at this time due to schedule\/geolocation restrictions! -->\n","protected":false},"excerpt":{"rendered":"<p>ABD Federal Soru\u015fturma B\u00fcrosu FBI\u2019\u0131n, Karlov suikast\u0131n\u0131n tetik\u00e7isi Mert Alt\u0131nta\u015f\u2019\u0131n silinen e-maillerine kar\u015f\u0131l\u0131k dosyadaki t\u00fcm verileri istedi\u011fi ortaya \u00e7\u0131kt\u0131. Soru\u015fturmay\u0131 y\u00fcr\u00fcten savc\u0131l\u0131k ise bu talebi geri \u00e7evirdi. Adalet Bakanl\u0131\u011f\u0131 ve emniyet \u00fczerinden de ayn\u0131 talep gelince savc\u0131 ilgili t\u00fcm birimlere \u2018gizlilik\u2019 talimat\u0131 g\u00f6nderdi. Rusya\u2019n\u0131n Ankara B\u00fcy\u00fckel\u00e7isi Andrey Karlov suikast\u0131nda FET\u00d6 izinin \u00e7\u0131kmas\u0131n\u0131n ard\u0131ndan, cinayetin y\u0131l &hellip;<\/p>\n","protected":false},"author":9192198,"featured_media":243698,"comment_status":"open","ping_status":"open","sticky":false,"template":"","format":"standard","meta":{"_acf_changed":false,"footnotes":""},"categories":[5005,6805],"tags":[10402,24422,209511,27269,202856,63708,8650,211208],"class_list":["post-259188","post","type-post","status-publish","format-standard","has-post-thumbnail","hentry","category-manset","category-turkiye","tag-adalet-bakanligi","tag-ankara-cumhuriyet-bassavciligi","tag-bylock","tag-fbi","tag-feto","tag-gmail","tag-google","tag-karlov-suikasti"],"acf":[],"_links":{"self":[{"href":"https:\/\/www.nationalturk.com\/tr\/wp-json\/wp\/v2\/posts\/259188","targetHints":{"allow":["GET"]}}],"collection":[{"href":"https:\/\/www.nationalturk.com\/tr\/wp-json\/wp\/v2\/posts"}],"about":[{"href":"https:\/\/www.nationalturk.com\/tr\/wp-json\/wp\/v2\/types\/post"}],"author":[{"embeddable":true,"href":"https:\/\/www.nationalturk.com\/tr\/wp-json\/wp\/v2\/users\/9192198"}],"replies":[{"embeddable":true,"href":"https:\/\/www.nationalturk.com\/tr\/wp-json\/wp\/v2\/comments?post=259188"}],"version-history":[{"count":0,"href":"https:\/\/www.nationalturk.com\/tr\/wp-json\/wp\/v2\/posts\/259188\/revisions"}],"wp:featuredmedia":[{"embeddable":true,"href":"https:\/\/www.nationalturk.com\/tr\/wp-json\/wp\/v2\/media\/243698"}],"wp:attachment":[{"href":"https:\/\/www.nationalturk.com\/tr\/wp-json\/wp\/v2\/media?parent=259188"}],"wp:term":[{"taxonomy":"category","embeddable":true,"href":"https:\/\/www.nationalturk.com\/tr\/wp-json\/wp\/v2\/categories?post=259188"},{"taxonomy":"post_tag","embeddable":true,"href":"https:\/\/www.nationalturk.com\/tr\/wp-json\/wp\/v2\/tags?post=259188"}],"curies":[{"name":"wp","href":"https:\/\/api.w.org\/{rel}","templated":true}]}}