{"id":259189,"date":"2017-12-20T11:10:56","date_gmt":"2017-12-20T08:10:56","guid":{"rendered":"http:\/\/www.nationalturk.com\/?p=259189"},"modified":"2017-12-20T11:10:56","modified_gmt":"2017-12-20T08:10:56","slug":"casillasin-unutamadigi-galatasaray-maci","status":"publish","type":"post","link":"https:\/\/www.nationalturk.com\/tr\/casillasin-unutamadigi-galatasaray-maci\/","title":{"rendered":"Casillas&#8217;\u0131n unutamad\u0131\u011f\u0131 Galatasaray ma\u00e7\u0131"},"content":{"rendered":"<h2>Porto&#8217;da forma giyen \u0130spanyol kaleci Iker Casillas, Galatasaray&#8217;a kaybettikleri S\u00fcper Kupa finalini yeniden oynamak istedi\u011fini s\u00f6yledi.<\/h2>\n<p>Porto\u2019nun \u0130spanyol kalecisi Iker Casillas, Real Madrid&#8217;de oynarken 2000 y\u0131l\u0131nda Galatasaray ile kar\u015f\u0131 kar\u015f\u0131ya geldikleri ve kaybettikleri UEFA S\u00fcper Kupa ma\u00e7\u0131n\u0131 tekrar yapmak istedi\u011fini belirtti.<\/p>\n<p>Uzun y\u0131llar \u0130spanyol ekibi Real Madrid&#8217;in kalesini koruyan ve \u015fimdilerde de Portekiz&#8217;in Porto ekibinde futbol hayat\u0131n\u0131 s\u00fcrd\u00fcren deneyimli file bek\u00e7isi Iker Casillas, 2000 y\u0131l\u0131ndaki bir ma\u00e7\u0131 unutam\u0131yor.<\/p>\n<p>\u0130spanyol kaleci, kendine ait sosyal medya hesab\u0131ndan yapt\u0131\u011f\u0131 canl\u0131 yay\u0131nda hayranlar\u0131ndan gelen sorular\u0131 yan\u0131tlarken, bir \u00fcz\u00fcnt\u00fcs\u00fc de dile getirdi. Casillas, bir hayran\u0131n\u0131n \u201cHangi ma\u00e7\u0131 tekrar oynamak isterdin?\u201d sorusuna T\u00fcrkiye&#8217;yi de yak\u0131ndan ilgilendiren bir cevap verdi.<\/p>\n<p>Ba\u015far\u0131l\u0131 file bek\u00e7isi, Real Madrid formas\u0131 giyerken Galatasaray\u2019a yenildikleri UEFA S\u00fcper Kupa ile K\u0131talararas\u0131 Kupa ma\u00e7\u0131nda Boca Juniors\u2019a ma\u011flup olduklar\u0131 m\u00fcsabakalar\u0131 yeniden oynamak ve ikisini de kazanmak istedi\u011fini s\u00f6yledi.<\/p>\n<p>Galatasaray, Casillas\u2019\u0131n kalesini korudu\u011fu Real Madrid\u2019i Brezilyal\u0131 futbolcu Mario Jardel&#8217;in uzatmalarda att\u0131\u011f\u0131 \u2018Alt\u0131n gol\u2019 uygulamas\u0131 ile kupay\u0131 T\u00fcrkiye&#8217;ye getirmi\u015fti.<\/p>\n<!-- Error, Advert is not available at this time due to schedule\/geolocation restrictions! -->\n","protected":false},"excerpt":{"rendered":"<p>Porto&#8217;da forma giyen \u0130spanyol kaleci Iker Casillas, Galatasaray&#8217;a kaybettikleri S\u00fcper Kupa finalini yeniden oynamak istedi\u011fini s\u00f6yledi. Porto\u2019nun \u0130spanyol kalecisi Iker Casillas, Real Madrid&#8217;de oynarken 2000 y\u0131l\u0131nda Galatasaray ile kar\u015f\u0131 kar\u015f\u0131ya geldikleri ve kaybettikleri UEFA S\u00fcper Kupa ma\u00e7\u0131n\u0131 tekrar yapmak istedi\u011fini belirtti. Uzun y\u0131llar \u0130spanyol ekibi Real Madrid&#8217;in kalesini koruyan ve \u015fimdilerde de Portekiz&#8217;in Porto ekibinde &hellip;<\/p>\n","protected":false},"author":4,"featured_media":259190,"comment_status":"open","ping_status":"open","sticky":false,"template":"","format":"standard","meta":{"_acf_changed":false,"footnotes":""},"categories":[6774,6155,5005,6194],"tags":[4114,79095,215468,3330,2615,37668],"class_list":["post-259189","post","type-post","status-publish","format-standard","has-post-thumbnail","hentry","category-futbol","category-gundem","category-manset","category-spor","tag-galatasaray","tag-galatasaray-real-madrid","tag-mario-jardel","tag-porto","tag-real-madrid","tag-super-kupa"],"acf":[],"_links":{"self":[{"href":"https:\/\/www.nationalturk.com\/tr\/wp-json\/wp\/v2\/posts\/259189","targetHints":{"allow":["GET"]}}],"collection":[{"href":"https:\/\/www.nationalturk.com\/tr\/wp-json\/wp\/v2\/posts"}],"about":[{"href":"https:\/\/www.nationalturk.com\/tr\/wp-json\/wp\/v2\/types\/post"}],"author":[{"embeddable":true,"href":"https:\/\/www.nationalturk.com\/tr\/wp-json\/wp\/v2\/users\/4"}],"replies":[{"embeddable":true,"href":"https:\/\/www.nationalturk.com\/tr\/wp-json\/wp\/v2\/comments?post=259189"}],"version-history":[{"count":0,"href":"https:\/\/www.nationalturk.com\/tr\/wp-json\/wp\/v2\/posts\/259189\/revisions"}],"wp:featuredmedia":[{"embeddable":true,"href":"https:\/\/www.nationalturk.com\/tr\/wp-json\/wp\/v2\/media\/259190"}],"wp:attachment":[{"href":"https:\/\/www.nationalturk.com\/tr\/wp-json\/wp\/v2\/media?parent=259189"}],"wp:term":[{"taxonomy":"category","embeddable":true,"href":"https:\/\/www.nationalturk.com\/tr\/wp-json\/wp\/v2\/categories?post=259189"},{"taxonomy":"post_tag","embeddable":true,"href":"https:\/\/www.nationalturk.com\/tr\/wp-json\/wp\/v2\/tags?post=259189"}],"curies":[{"name":"wp","href":"https:\/\/api.w.org\/{rel}","templated":true}]}}