{"id":259433,"date":"2017-12-23T12:18:22","date_gmt":"2017-12-23T09:18:22","guid":{"rendered":"http:\/\/www.nationalturk.com\/?p=259433"},"modified":"2017-12-23T12:18:22","modified_gmt":"2017-12-23T09:18:22","slug":"teror-orgutu-pkknin-ust-duzey-ismi-itirafci-oldu","status":"publish","type":"post","link":"https:\/\/www.nationalturk.com\/tr\/teror-orgutu-pkknin-ust-duzey-ismi-itirafci-oldu\/","title":{"rendered":"Ter\u00f6r \u00f6rg\u00fct\u00fc PKK&#8217;n\u0131n \u00fcst d\u00fczey ismi itiraf\u00e7\u0131 oldu!"},"content":{"rendered":"<h2>Ter\u00f6r \u00f6rg\u00fct\u00fc PKK\u2019n\u0131n \u00fcst d\u00fczey ismi yakaland\u0131. S\u00f6zde \u00f6zel kuvvetler sorumlusu olan ter\u00f6ristin verdi\u011fi bilgilerle PKK\u2019ya a\u011f\u0131r darbe vuruldu.<\/h2>\n<p>Mardin M\u0130T ve \u0130l Jandarma Komutanl\u0131\u011f\u0131 ekiplerinin yapt\u0131\u011f\u0131 operasyonda Suriye s\u0131n\u0131r\u0131 k\u0131rsal\u0131nda ter\u00f6r \u00f6rg\u00fct\u00fcn\u00fcn s\u00f6zde T\u00fcrkiye \u00f6zel kuvvetler sorumlusu Musa kod adl\u0131 Ko\u00e7ali Bala yakaland\u0131.<\/p>\n<p>\u0130tiraf\u00e7\u0131 olan Bala, \u00f6rg\u00fct\u00fcn b\u00f6lgedeki en \u00f6nemli s\u0131\u011f\u0131nak ve bar\u0131naklar\u0131n\u0131n yerini g\u00f6sterdi. \u0130stanbul ve di\u011fer b\u00fcy\u00fck\u015fehirlerdeki bombal\u0131 sald\u0131r\u0131lar\u0131n planlay\u0131c\u0131s\u0131 olan Bala&#8217;n\u0131n g\u00f6sterdi\u011fi yerlerde 150 kilo plastik patlay\u0131c\u0131 ele ge\u00e7irildi.<\/p>\n<h3>Gri listede aran\u0131yordu<\/h3>\n<p>\u0130\u00e7i\u015fleri Bakanl\u0131\u011f\u0131\u2019n\u0131n gri listesinde olan Bala\u2019n\u0131n yakaland\u0131\u011f\u0131 operasyonda Adana Valili\u011fi\u2019ne 24 Kas\u0131m 2016\u2019da bombal\u0131 sald\u0131r\u0131 d\u00fczenle yen s\u00f6zde \u00f6zel kuvetler \u00fcyesi ter\u00f6rist \u00c7i\u00e7ek Karabulut etkisiz hale getirildi.<\/p>\n<!-- Error, Advert is not available at this time due to schedule\/geolocation restrictions! -->\n","protected":false},"excerpt":{"rendered":"<p>Ter\u00f6r \u00f6rg\u00fct\u00fc PKK\u2019n\u0131n \u00fcst d\u00fczey ismi yakaland\u0131. S\u00f6zde \u00f6zel kuvvetler sorumlusu olan ter\u00f6ristin verdi\u011fi bilgilerle PKK\u2019ya a\u011f\u0131r darbe vuruldu. Mardin M\u0130T ve \u0130l Jandarma Komutanl\u0131\u011f\u0131 ekiplerinin yapt\u0131\u011f\u0131 operasyonda Suriye s\u0131n\u0131r\u0131 k\u0131rsal\u0131nda ter\u00f6r \u00f6rg\u00fct\u00fcn\u00fcn s\u00f6zde T\u00fcrkiye \u00f6zel kuvvetler sorumlusu Musa kod adl\u0131 Ko\u00e7ali Bala yakaland\u0131. \u0130tiraf\u00e7\u0131 olan Bala, \u00f6rg\u00fct\u00fcn b\u00f6lgedeki en \u00f6nemli s\u0131\u011f\u0131nak ve bar\u0131naklar\u0131n\u0131n yerini &hellip;<\/p>\n","protected":false},"author":9192198,"featured_media":259434,"comment_status":"open","ping_status":"open","sticky":false,"template":"","format":"standard","meta":{"_acf_changed":false,"footnotes":""},"categories":[5005,349,6805],"tags":[78562,806],"class_list":["post-259433","post","type-post","status-publish","format-standard","has-post-thumbnail","hentry","category-manset","category-son-dakika","category-turkiye","tag-pkk-teror-orgutu","tag-suriye"],"acf":[],"_links":{"self":[{"href":"https:\/\/www.nationalturk.com\/tr\/wp-json\/wp\/v2\/posts\/259433","targetHints":{"allow":["GET"]}}],"collection":[{"href":"https:\/\/www.nationalturk.com\/tr\/wp-json\/wp\/v2\/posts"}],"about":[{"href":"https:\/\/www.nationalturk.com\/tr\/wp-json\/wp\/v2\/types\/post"}],"author":[{"embeddable":true,"href":"https:\/\/www.nationalturk.com\/tr\/wp-json\/wp\/v2\/users\/9192198"}],"replies":[{"embeddable":true,"href":"https:\/\/www.nationalturk.com\/tr\/wp-json\/wp\/v2\/comments?post=259433"}],"version-history":[{"count":0,"href":"https:\/\/www.nationalturk.com\/tr\/wp-json\/wp\/v2\/posts\/259433\/revisions"}],"wp:featuredmedia":[{"embeddable":true,"href":"https:\/\/www.nationalturk.com\/tr\/wp-json\/wp\/v2\/media\/259434"}],"wp:attachment":[{"href":"https:\/\/www.nationalturk.com\/tr\/wp-json\/wp\/v2\/media?parent=259433"}],"wp:term":[{"taxonomy":"category","embeddable":true,"href":"https:\/\/www.nationalturk.com\/tr\/wp-json\/wp\/v2\/categories?post=259433"},{"taxonomy":"post_tag","embeddable":true,"href":"https:\/\/www.nationalturk.com\/tr\/wp-json\/wp\/v2\/tags?post=259433"}],"curies":[{"name":"wp","href":"https:\/\/api.w.org\/{rel}","templated":true}]}}