{"id":259526,"date":"2017-12-26T11:15:34","date_gmt":"2017-12-26T08:15:34","guid":{"rendered":"http:\/\/www.nationalturk.com\/?p=259526"},"modified":"2017-12-26T11:15:34","modified_gmt":"2017-12-26T08:15:34","slug":"cumhurbaskani-erdogan-modern-somurgeciler-icin-tek-deger-elmas-altin-ve-petroldur","status":"publish","type":"post","link":"https:\/\/www.nationalturk.com\/tr\/cumhurbaskani-erdogan-modern-somurgeciler-icin-tek-deger-elmas-altin-ve-petroldur\/","title":{"rendered":"Cumhurba\u015fkan\u0131 Erdo\u011fan: Modern s\u00f6m\u00fcrgeciler i\u00e7in tek de\u011fer elmas, alt\u0131n ve petrold\u00fcr"},"content":{"rendered":"<p>Cumhurba\u015fkan\u0131 Erdo\u011fan, modern s\u00f6m\u00fcrgeciler ve g\u00fcn\u00fcm\u00fcz\u00fcn emperyalistleri i\u00e7in tek de\u011ferin elmas, alt\u0131n ve petrol oldu\u011funu belirterek, &#8220;\u015e\u00fcphesiz bunun anlam\u0131n\u0131 en iyi Afrika k\u0131tas\u0131 bilir.&#8221; dedi.<\/p>\n<p>Cumhurba\u015fkan\u0131 Recep Tayyip Erdo\u011fan, Sudan&#8217;da Dostlar Meclisi&#8217;nde ger\u00e7ekle\u015fen t\u00f6renle Erdo\u011fan&#8217;a, Hartum \u00dcniversitesi taraf\u0131ndan hukuk alan\u0131nda fahri doktora takdim edildi.<\/p>\n<p>Burada konu\u015fan Erdo\u011fan, Sudanl\u0131lara misafirperverlikleri dolay\u0131s\u0131yla \u015f\u00fckranlar\u0131n\u0131 sundu.<\/p>\n<p>Kar\u015f\u0131s\u0131nda \u00e7ok farkl\u0131 bir topluluk g\u00f6rd\u00fc\u011f\u00fcn\u00fc belirten Erdo\u011fan, &#8220;Zira sizler, se\u00e7ilmi\u015f bir topluluksunuz. Siz, insanlar i\u00e7erisinden se\u00e7ilmi\u015f bir \u00fcmmetsiniz. Do\u011fruyu emreder, k\u00f6t\u00fcden, \u015ferden men edersiniz. Ne mutlu sizlere. \u00c7\u00fcnk\u00fc siz, Allah&#8217;a iman edenlerin ta kendilerisiniz.&#8221; ifadesini kulland\u0131. <\/p>\n<p>Sudanl\u0131lar\u0131n muhabbeti kar\u015f\u0131s\u0131nda kendilerini Hartum&#8217;da de\u011fil de Ankara&#8217;da, \u0130stanbul&#8217;da, T\u00fcrkiye&#8217;de hissettiklerini dile getiren Erdo\u011fan, tarihi Hartum \u00dcniversitesinin \u015fahs\u0131na tevcih etti\u011fi fahridoktora \u00fcnvan\u0131 i\u00e7in ayr\u0131ca \u015f\u00fckranlar\u0131n\u0131 sundu.<\/p>\n<!-- Error, Advert is not available at this time due to schedule\/geolocation restrictions! -->\n<p>Erdo\u011fan, Afrika&#8217;n\u0131n \u00f6nde gelen \u00fcniversitelerinden biri taraf\u0131ndan b\u00f6yle bir \u00fcnvana lay\u0131k g\u00f6r\u00fclmenin kendisi i\u00e7in b\u00fcy\u00fck bir mutluluk ve onur oldu\u011funu vurgulad\u0131.<\/p>\n<p>\u00d6zellikle b\u00f6yle bir atmosferde bu \u00fcnvan\u0131 alman\u0131n \u015fahs\u0131 i\u00e7in ayr\u0131 bir bahtiyarl\u0131k kayna\u011f\u0131 oldu\u011funu belirten Erdo\u011fan, bu vesileyle \u00fcniversitenin \u00f6\u011fretim \u00fcyelerine ve \u00f6\u011frencilerine g\u00f6n\u00fclden te\u015fekk\u00fcrlerini iletti.<\/p>\n<p>&#8220;Sevakin Adas\u0131&#8217;n\u0131 bu halde g\u00f6rmek bizleri \u00fczd\u00fc&#8221;<br \/>\nCumhurba\u015fkan\u0131 Erdo\u011fan, Sudan ziyaretinin anlam\u0131na ve \u00f6nemine yara\u015f\u0131r bir \u015fekilde ger\u00e7ekten dolu dolu ge\u00e7ti\u011fine dikkati \u00e7ekerek, \u015f\u00f6yle devam etti:<\/p>\n<p>&#8220;Resmi temaslar\u0131n yan\u0131 s\u0131ra i\u015f forumundan, Port Sudan ziyaretine kadar Sudan toplumunun her kesimiyle bir araya gelme imkan\u0131 buluyoruz. Bug\u00fcn Say\u0131n Cumhurba\u015fkan\u0131na \u00f6zellikle rica ettim. Port Sudan&#8217;a, oradan adaya ge\u00e7tik. Orada T\u0130KA&#8217;n\u0131n yapt\u0131\u011f\u0131 malum Hanefi ve \u015eafii Camilerinin restorasyonu var.<\/p>\n<p>&#8216;Bu aday\u0131 bize tahsis etseniz de bu aday\u0131 tamam\u0131yla \u015f\u00f6yle bir restore etsek ve bu aday\u0131 tekrar tarihi \u015fan\u0131na lay\u0131k bir hale getirsek.&#8217; dedim. \u00c7\u00fcnk\u00fc Sevakin Adas\u0131&#8217;n\u0131 bu halde g\u00f6rmek bizleri \u00fczd\u00fc. Yer ile yeksan etmi\u015fler. Kim? Bat\u0131. Bat\u0131&#8217;n\u0131n karekterinde bu var. Oralar\u0131 yer ile yeksan etmek suretiyle&#8230; Hamd olsun, \u015fimdi yeniden restore etmek, aya\u011fa kalkmak, kald\u0131rmak bizlere nasip oldu\u011fu i\u00e7in ayr\u0131 bir memnuniyet i\u00e7erisindeyim.&#8221;<\/p>\n<p>Sudan Cumhurba\u015fkan\u0131 \u00d6mer El-Be\u015fir&#8217;e bundan dolay\u0131 ayr\u0131ca bir ricada bulundu\u011funu yineleyen Erdo\u011fan, &#8220;B\u00f6yle bir tahsis yapar da hemen biz burada i\u015fe ba\u015flarsak, bu aday\u0131 yeniden ayn\u0131 resimlerdeki gibi ihya ederiz, in\u015fa ederiz ve Sudan art\u0131k bununla iftihar eder.&#8221; diye konu\u015ftu.<\/p>\n<p>Cumhurba\u015fkan\u0131 Erdo\u011fan, turizmde yeni bir ad\u0131m atabileceklerine de i\u015faret ederek, &#8220;Nedir o yeni ad\u0131m? \u0130n\u015fallah umre seyahatlerine bile, tarihte b\u00f6yleydi, buraya gelip, buradan Cidde&#8217;ye gidilirdi. Tekrar bu yollar in\u015fa edilir, ihya ederiz.&#8221; ifadesini kulland\u0131.<\/p>\n<p>Salonda bulunan gen\u00e7lere, &#8220;Bu olur mu?&#8221; sorusunu y\u00f6nelten Erdo\u011fan, &#8220;Bunu hep beraber yapar m\u0131y\u0131z? Yapar\u0131z.&#8221; dedi.<\/p>\n<p>Son ziyaretinden bu yana Sudan&#8217;\u0131n her alanda katetti\u011fi mesafeyi g\u00f6rme imkan\u0131 buldu\u011funu belirten Erdo\u011fan, &#8220;Uzun y\u0131llard\u0131r Sudanl\u0131 karde\u015flerimizi s\u0131k\u0131nt\u0131ya sokan, adeta hayatlar\u0131n\u0131 kabusa \u00e7eviren haks\u0131z yapt\u0131r\u0131mlar\u0131n kald\u0131r\u0131lmas\u0131yla bu kalk\u0131nma hamlesinin daha da h\u0131zlanaca\u011f\u0131na inan\u0131yorum.&#8221; diye konu\u015ftu.<\/p>\n<p>Bu yapt\u0131r\u0131mlar\u0131n hen\u00fcz kalkmad\u0131\u011f\u0131na i\u015faret eden Erdo\u011fan, &#8220;Ama kalkmas\u0131 laz\u0131m. Bu ne zul\u00fcmd\u00fcr? B\u00f6yle bir yapt\u0131r\u0131mlar zinciri olabilir mi?&#8221; diye sordu.<\/p>\n<p>Erdo\u011fan, emperyalist g\u00fc\u00e7lerin bunu hep yapt\u0131\u011f\u0131n\u0131 ve hala yapmaya devam etti\u011fini belirterek, &#8220;Zannediyorlar ki bizim elimizdeki bu g\u00fc\u00e7, bu imkan daimi. Hay\u0131r, daimi de\u011fildir. \u0130nan\u0131yorum ki hakl\u0131 olan g\u00fc\u00e7l\u00fcd\u00fcr ve g\u00fc\u00e7l\u00fc olmaya devam edecektir.&#8221; ifadesini kulland\u0131.<\/p>\n<p>Bu ambargolardan dolay\u0131 Sudanl\u0131 karde\u015flerinin \u00e7ok ac\u0131 ve s\u0131k\u0131nt\u0131 \u00e7ekti\u011fini, uygulanan haks\u0131z yapt\u0131r\u0131mlar\u0131n Sudan&#8217;\u0131n bu g\u00fcn\u00fcnden ve istikbalinden seneler \u00e7ald\u0131\u011f\u0131n\u0131 vurgulayan Erdo\u011fan, &#8220;Ama biz \u015funu biliyoruz zul\u00fcm ile abat olunmaz. \u015eunu da biliyoruz &#8216;Alma mazlumun ah\u0131n\u0131, \u00e7\u0131kar aheste aheste.&#8221; dedi.<\/p>\n<p>T\u00fcrkiye olarak her f\u0131rsatta bu yapt\u0131r\u0131mlar\u0131 do\u011fru bulmad\u0131klar\u0131n\u0131 ve tasvip etmediklerini ifade ettiklerini  belirten Erdo\u011fan, &#8220;Sudan halk\u0131n\u0131 cezaland\u0131ran, y\u0131llarca Sudan&#8217;\u0131n kalk\u0131nmas\u0131na, geli\u015fmesine engel olan yapt\u0131r\u0131mlar\u0131n art\u0131k hi\u00e7bir makul gerek\u00e7esi kalmam\u0131\u015ft\u0131r.&#8221; de\u011ferlendirmesinde bulundu.<\/p>\n<p>Erdo\u011fan, zor g\u00fcnlerinde daima Sudan&#8217;\u0131n yan\u0131nda olundu\u011funu ve yine olunmaya devam edilece\u011fini ifade ederek, \u015f\u00f6yle devam etti:<\/p>\n<p>&#8220;Resmi kurumlar\u0131m\u0131zla sivil toplum kurulu\u015flar\u0131m\u0131zla tehditlere, bask\u0131lara, \u015fantajlara boyun e\u011fmeden imkanlar\u0131m\u0131z\u0131 Sudan halk\u0131 i\u00e7in seferber edece\u011fiz.<\/p>\n<p>Birilerinin keyfi i\u00e7in karde\u015flik hukukumuzun zedelenmesine asla m\u00fcsaade etmedik. \u00c7\u00fcnk\u00fc biz Peygamber Efendimizin \u015fu emirlerini kendimize daima ba\u015f tac\u0131 ediyoruz. Sevgili Peygamberimiz ne buyuruyor? M\u00fcsl\u00fcman M\u00fcsl\u00fcman&#8217;\u0131n karde\u015fidir. Ne buyuruyor? M\u00fcsl\u00fcman M\u00fcsl\u00fcman&#8217;a zulmetmez. Ne buyuruyor? M\u00fcsl\u00fcman M\u00fcsl\u00fcman&#8217;\u0131n ba\u015f\u0131na gelen musibette onu terk etmez, onu zalimin zulm\u00fcnde b\u0131rakmaz. Ne buyuruyor? M\u00fcsl\u00fcman bir karde\u015fine yard\u0131mda bulunduk\u00e7a Allah da ona yard\u0131mda bulunur. D\u00fcn oldu\u011fu gibi bug\u00fcn de yar\u0131n da Sudan halk\u0131n\u0131n yan\u0131nda olmay\u0131 s\u00fcrd\u00fcrece\u011fiz. Aziz karde\u015fim \u00d6mer el-Be\u015fir&#8217;in sa\u011fduyulu liderli\u011fi alt\u0131nda Sudanl\u0131 karde\u015flerimin sab\u0131r ve dayan\u0131\u015fmas\u0131yla -unutmay\u0131n sab\u0131r \u00e7ok b\u00fcy\u00fck bir zenginliktir. Men sabera zafera&#8230; Sudan&#8217;\u0131n hem b\u00f6lgesinde hem de uluslararas\u0131 alanda hak etti\u011fi konuma gelece\u011fine inan\u0131yorum.&#8221;<\/p>\n<p>M\u00fcsl\u00fcmanlar\u0131n son y\u0131llarda b\u00fcy\u00fck bir t\u00fcrb\u00fclans\u0131n i\u00e7inden ge\u00e7tiklerinin g\u00f6r\u00fcld\u00fc\u011f\u00fcn\u00fc vurgulayan Erdo\u011fan, \u015funlar\u0131 s\u00f6yledi:<\/p>\n<p>&#8220;Suriye&#8217;den Irak&#8217;a, Libya&#8217;dan M\u0131s\u0131r&#8217;a, Yemen&#8217;den K\u00f6rfez B\u00f6lgesi&#8217;ne kadar bir\u00e7ok \u00fclke sanc\u0131l\u0131 ve s\u0131k\u0131nt\u0131l\u0131 g\u00fcnler ya\u015f\u0131yor. As\u0131rlar boyunca ilim, irfan ve hikmet merkezi olan \u015fehirlerimiz maalesef bug\u00fcn ancak \u00e7at\u0131\u015fmalarla g\u00fcndeme geliyor. \u0130slam medeniyetinin as\u0131rl\u0131k k\u00fct\u00fcphaneleri, e\u015fsiz eserleri, mimari harikas\u0131 camileri ya ter\u00f6r \u00f6rg\u00fctleri ya da devlet ter\u00f6r\u00fc uygulayan rejimler taraf\u0131ndan tek tek yok ediliyor. \u015eimdi \u0130srail devlet ter\u00f6r\u00fc uygulam\u0131yor mu? Onunla beraber hareket edenler devlet ter\u00f6r\u00fc uygulam\u0131yor mu? 29 ya\u015f\u0131ndaki down sendromlu Muhammed&#8217;i kalk\u0131p da duvara yaslayarak, onu taciz edenler devlet ter\u00f6r\u00fc uygulam\u0131yor mu? 15 ya\u015f\u0131ndaki El-Junidi&#8217;yi g\u00f6zlerini ba\u011flayarak adeta ku\u015fatan 20 kadar \u0130srail askeri devlet ter\u00f6r\u00fc uygulam\u0131yor mu? Bunlar\u0131 s\u00f6yledi\u011fimiz zaman haks\u0131zl\u0131k m\u0131 yap\u0131yoruz? Bunu acaba biz g\u00f6r\u00fcyoruz da Bat\u0131 d\u00fcnyas\u0131 bunlar\u0131 g\u00f6rm\u00fcyor mu? G\u00f6r\u00fcyorlarsa ni\u00e7in sessiz kal\u0131yorlar?&#8221;<\/p>\n<p>&#8220;Haks\u0131zl\u0131k kar\u015f\u0131s\u0131nda susan dilsiz \u015feytand\u0131r&#8221;<br \/>\n&#8220;Biz \u015funa inan\u0131yoruz, haks\u0131zl\u0131k kar\u015f\u0131s\u0131nda susan dilsiz \u015feytand\u0131r.&#8221; ifadesini kullanan Erdo\u011fan, s\u00f6zlerini \u015f\u00f6yle s\u00fcrd\u00fcrd\u00fc:<\/p>\n<p>&#8220;Ge\u00e7ti\u011fimiz as\u0131rda oldu\u011fu gibi \u0130slam d\u00fcnyas\u0131 bir kez daha b\u00f6l\u00fcnmek, par\u00e7alanmak, kolay yutulur lokmalara ayr\u0131lmak isteniyor. Mezhep farkl\u0131l\u0131klar\u0131 k\u00f6r\u00fcklenerek etnik ayr\u0131l\u0131klar derinle\u015ftirilerek. Afrika&#8217;n\u0131n baz\u0131 \u00fclkelerinde oldu\u011fu gibi y\u00fczy\u0131llard\u0131r ayn\u0131 topra\u011f\u0131 payla\u015fan insanlar birbirlerine d\u00fc\u015f\u00fcr\u00fclerek son derece kirli, son derece kanl\u0131 bir senaryo uygulamaya konuluyor. Sudan&#8217;\u0131 b\u00f6lmediler mi? G\u00fcney Sudan nereden \u00e7\u0131kt\u0131? Sudan&#8217;\u0131n i\u00e7inden \u00e7\u0131kt\u0131. Kimler yapt\u0131 bunu? Malum. Karde\u015flerim bir damla petrol\u00fc, bir damla kandan daha k\u0131ymetli g\u00f6ren sefil anlay\u0131\u015f kaynaklar\u0131m\u0131z\u0131 daha kolay s\u00f6m\u00fcrmek, zenginliklerimizi daha kolay gasbetmek i\u00e7in bizi birbirimize k\u0131rd\u0131r\u0131yor. Bunun i\u00e7in kimi zaman ekonomik yapt\u0131r\u0131mlar\u0131 bir silah olarak kullan\u0131yorlar. Bunun i\u00e7in kimi zaman medyadaki elemanlar\u0131n\u0131 \u00fczerimize sald\u0131rt\u0131yorlar. Kimi zaman daha da ileri gidip halk\u0131n iradesine dayanan me\u015fru y\u00f6netimleri darbeyle tasfiye etmeye \u00e7al\u0131\u015f\u0131yorlar. Ama\u00e7lar\u0131n\u0131 ger\u00e7ekle\u015ftirmek i\u00e7in t\u0131pk\u0131 DEA\u015e&#8217;ta, PKK, PYD&#8217;de oldu\u011fu gibi ter\u00f6r \u00f6rg\u00fctlerini ta\u015feron olarak kullan\u0131yorlar. \u0130rlandal\u0131 bir yazar \u015f\u00f6yle bir tespitte bulunuyor, &#8216;Kan kokusu alm\u0131\u015f bir k\u00f6pek bal\u0131\u011f\u0131ndan daha tehlikelisi, petrol kokusu alm\u0131\u015f emperyalistlerdir.&#8221;<\/p>\n<p>Erdo\u011fan, konu\u015fmas\u0131 s\u0131ras\u0131nda &#8220;Dik dur e\u011filme, bu millet seninle&#8221; tezah\u00fcrat\u0131 \u00fczerine, &#8220;Gen\u00e7ler \u015funu bilmenizi isterim, biz hep dik durduk. Biz Allah&#8217;\u0131n huzurunda, r\u00fckuda ve secdede e\u011filmekten ba\u015fka hi\u00e7bir be\u015feri g\u00fcc\u00fcn \u00f6n\u00fcnde e\u011filmedik.&#8221; dedi. <\/p>\n<p>&#8220;Modern s\u00f6m\u00fcrgeciler i\u00e7in tek de\u011fer elmas, alt\u0131n ve petrold\u00fcr&#8221;<br \/>\nBurada konu\u015fan Erdo\u011fan, modern s\u00f6m\u00fcrgeciler ve g\u00fcn\u00fcm\u00fcz\u00fcn emperyalistleri i\u00e7in tek de\u011ferin elmas, alt\u0131n ve petrol oldu\u011funu belirterek, &#8220;Onlar\u0131n yegane k\u0131ymet verdikleri \u015fey, ya yer alt\u0131 kaynaklar\u0131m\u0131zd\u0131r ya da yer \u00fcst\u00fcndeki pazar potansiyelimizdir. Onlar i\u00e7in mesele demokrasi, hukuk, adalet de\u011fildir. Onlar i\u00e7in mesele insan, tabiat, \u00e7evre de\u011fildir. Onlar i\u00e7in tek mesele para, \u00e7\u0131kar, menfaattir. Menfaatleri i\u00e7in bir avu\u00e7 petrol i\u00e7in \u00e7i\u011fnemeyecekleri hi\u00e7bir de\u011fer, hi\u00e7bir ilke yoktur. \u015e\u00fcphesiz bunun anlam\u0131n\u0131 en iyi Afrika k\u0131tas\u0131 bilir.&#8221; ifadesini kulland\u0131. <\/p>\n<p>Erdo\u011fan, Afrikal\u0131lar\u0131n as\u0131rlar boyunca kendi topraklar\u0131nda kimi zaman k\u00f6le gibi kimi zamanda meta gibi al\u0131n\u0131p sat\u0131ld\u0131klar\u0131n\u0131 ve ba\u015fka k\u0131talara gayri insani \u015fartlarda g\u00f6t\u00fcr\u00fcld\u00fcklerine i\u015faret ederek, bu y\u00fczden s\u00f6m\u00fcr\u00fcn\u00fcn ne oldu\u011fu \u00e7ok iyi bildiklerini aktard\u0131.<\/p>\n<p>Afrika halklar\u0131n\u0131n ba\u011f\u0131ms\u0131zl\u0131klar\u0131n\u0131 di\u015fleri ve t\u0131rnaklar\u0131yla kazand\u0131klar\u0131n\u0131, yar\u0131m as\u0131r sonra bile o me\u015fhur d\u00f6nemin bedelini \u00f6dediklerini belirten Erdo\u011fan, &#8220;Allah&#8217;\u0131n izniyle gelecek, bu asr\u0131n sonunu bulmadan Afrika k\u0131tas\u0131n\u0131n olacakt\u0131r. Yeter ki dik dural\u0131m, yeter ki gayret edelim, yeter ki e\u011filmeyelim. Kud\u00fcs meselesinde e\u011filmedi\u011fimiz gibi.&#8221; dedi. <\/p>\n<p>Bir\u00e7ok Afrika \u00fclkesinde halen halk sefalet i\u00e7inde ya\u015farken \u00fclkenin zenginliklerinin bat\u0131l\u0131lar taraf\u0131ndan gasp edildi\u011fine dikkati \u00e7eken Erdo\u011fan, 10 sentlik a\u015f\u0131lara ve \u00fcretimi basit ila\u00e7lara ula\u015f\u0131lamad\u0131\u011f\u0131n\u0131 i\u00e7in bug\u00fcn onbinlerce Afrikal\u0131 \u00e7ocu\u011fun hayat\u0131n\u0131 kaybetti\u011fini bildirdi. <\/p>\n<p>Cumhurba\u015fkan\u0131 Erdo\u011fan, a\u00e7l\u0131k, k\u0131tl\u0131k ve yoksulluk dolay\u0131s\u0131yla her y\u0131l Afrika&#8217;n\u0131n binlerce evlad\u0131n\u0131 Akdeniz&#8217;in azg\u0131n dalgalar\u0131na kurban verdi\u011fini vurgulayarak, ziyaret ettikleri bir\u00e7ok \u00fclkede bu ger\u00e7e\u011fe kendilerinin de \u015fahit oldu\u011funu ifade etti. <\/p>\n<p>Erdo\u011fan, \u015f\u00f6yle devam etti:<\/p>\n<p>&#8220;\u00dclkesinde benzin istasyonlar\u0131nda kuyruk olan bir \u00fclkenin asl\u0131nda d\u00fcnyan\u0131n en \u00f6nemli petrol \u00fcreticilerinden biri olmas\u0131 bunun en \u00e7arp\u0131c\u0131 \u00f6rneklerinden biridir. Gitti\u011fimiz \u00fclkelerde devlet ba\u015fkanlar\u0131yla yapt\u0131\u011f\u0131m\u0131z temaslarda y\u00fcre\u011fimizi da\u011flayan manzaralarla kar\u015f\u0131la\u015f\u0131yoruz. Pek \u00e7ok liderin mevcut d\u00fczene itiraz etti\u011finde nas\u0131l bask\u0131 alt\u0131na al\u0131nd\u0131\u011f\u0131n\u0131, nelerle tehdit edildi\u011fini bizzat kendi a\u011f\u0131zlar\u0131ndan dinliyorum. <\/p>\n<p>Bu i\u00e7 karart\u0131c\u0131 tablo kar\u015f\u0131s\u0131nda biz biliyoruz ki mazlumlar\u0131n ah\u0131 asla yerde kalmaz. Yine biliyoruz ki &#8216;Zul\u00fcm ile abad olan\u0131n ahiri berbat olur.&#8217; Er ya da ge\u00e7 her Firavun&#8217;un kar\u015f\u0131s\u0131na, &#8216;Zul\u00fcm d\u00fczenini yerle yeksan edecek bir Musa \u00e7\u0131kar.&#8217; Bunu biliyoruz. Burada mesele, M\u00fcsl\u00fcmanlar olarak bizlerin basiret ve ferasetle hareket etmesidir. Peygamber Efendimiz \u015f\u00f6yle buyuruyor; &#8216;M\u00fcsl\u00fcman\u0131n ferasetinden korkun. \u00c7\u00fcnk\u00fc o Allah&#8217;\u0131n nuruyla bakar.&#8217; Bizim i\u00e7in as\u0131l imtihan i\u015fte budur.&#8221;<\/p>\n<p>S\u00f6m\u00fcrgecilerin oyununa gelmeleri durumunda kaybedeceklerini belirten Erdo\u011fan, &#8220;S\u0131rf belli g\u00fc\u00e7ler istiyor diye s\u0131rt\u0131m\u0131z\u0131 karde\u015fimize d\u00f6nersek, onu kendimize d\u00fc\u015fman g\u00f6r\u00fcrsek o zaman u\u00e7uruma do\u011fru yuvarlanm\u0131\u015f oluruz. Buna kar\u015f\u0131l\u0131k dayan\u0131\u015fma i\u00e7inde olursak, birbirimize kenetlenirsek o zaman da \u00fcstesinden gelemeyece\u011fimiz hi\u00e7bir engel yoktur.&#8221; dedi. <\/p>\n<p>Amerikan y\u00f6netiminin \u00f6nceki hafta a\u00e7\u0131klad\u0131\u011f\u0131 provokatif Kud\u00fcs karar\u0131 kar\u015f\u0131s\u0131nda t\u00fcm M\u00fcsl\u00fcmanlar\u0131n ve insanl\u0131\u011f\u0131n sergiledi\u011fi uhuvvetin bu anlamda k\u0131r\u0131lma noktas\u0131 oldu\u011funu vurgulayan Erdo\u011fan, &#8220;Sadece M\u00fcsl\u00fcmanlar de\u011fil akl\u0131 selim sahibi Hristiyanlar da Amerikan&#8217;\u0131n Kud\u00fcs&#8217;\u00fc \u0130srail&#8217;e pe\u015f ke\u015f \u00e7eken karar\u0131na direnmi\u015flerdir.&#8221; ifadesini kulland\u0131. <\/p>\n<p>Cumhurba\u015fkan\u0131 Erdo\u011fan, \u0130slam \u0130\u015fbirli\u011fi Te\u015fkilat\u0131&#8217;n\u0131n ola\u011fan\u00fcst\u00fc zirvesine destek vermek i\u00e7in Sudan Devlet Ba\u015fkan\u0131 \u00d6mer El-Be\u015fir ba\u015fta olmak \u00fczere bir\u00e7ok liderin, farkl\u0131 inan\u00e7 gruplar\u0131ndan y\u00fczlerce insan\u0131n \u0130stanbul&#8217;a geldi\u011fini belirtti.<\/p>\n<p>Erdo\u011fan, \u015funlar\u0131 kaydetti:<\/p>\n<p>&#8220;Orada b\u00fct\u00fcn \u00fclkeler yek v\u00fccut olarak Amerikan&#8217;\u0131n karar\u0131n\u0131 tan\u0131mad\u0131klar\u0131n\u0131, Kud\u00fcs&#8217;\u00fc Filistin&#8217;in i\u015fgal alt\u0131ndaki ba\u015fkenti olarak kabul ettiklerini ilan ettiler. Daha sonra konuyu \u00f6nce Birle\u015fmi\u015f Milletler G\u00fcvenlik Konseyine, akabinde de genel kurula ta\u015f\u0131d\u0131k. G\u00fcvenlik Konseyinde 14 \u00fclke haz\u0131rlad\u0131\u011f\u0131m\u0131z tasar\u0131ya &#8216;evet&#8217; demesine ra\u011fmen sadece Amerika&#8217;n\u0131n vetosu sebebiyle maalesef karar \u00e7\u0131kmad\u0131. Genel kurul s\u00fcrecinde ise 128 \u00fclke yap\u0131lan \u015fantaj ve tehditlere ra\u011fmen karar tasar\u0131s\u0131 lehine oy kulland\u0131. Fakat Amerika yan\u0131nda sadece 8 \u00fclke buldu. Onlar da n\u00fcfusu 15 bin, 20 bin, 25 bin, 30 bin olan \u00fclkecikler. Nereden nereye? B\u00f6ylece Amerika&#8217;n\u0131n Kud\u00fcs&#8217;\u00fcn \u0130srail&#8217;i ba\u015fkenti olarak tan\u0131ma karar\u0131n\u0131n hukuksuzlu\u011fu t\u00fcm d\u00fcnya taraf\u0131ndan kabul edilmi\u015f oldu. Amerika&#8217;n\u0131n karar\u0131n\u0131 a\u00e7\u0131klamas\u0131ndan sonraki 15 g\u00fcn i\u00e7inde elde edilen bu sonu\u00e7 \u015f\u00fcphesiz, hepimizin ortak zaferidir. Bu tablo bir ve beraber hareket edince neleri ba\u015farabilece\u011fimizin en g\u00fczel ifadesidir. Bu vesileyle bug\u00fcn Hartum&#8217;dan bu 128 \u00fclkenin t\u00fcm liderlerine, y\u00f6netecilerine \u015fahs\u0131m, milletim \u0130slam d\u00fcnyas\u0131 olarak te\u015fekk\u00fcr ediyorum.&#8221; <\/p>\n<p>&#8220;E\u011fitim \u00f6\u011fretim ve akademik de\u011fi\u015fim alan\u0131nda gereken deste\u011fi vermeye haz\u0131r\u0131z&#8221;<br \/>\nErdo\u011fan, T\u00fcrkiye&#8217;nin, Sudan&#8217;a e\u011fitim \u00f6\u011fretim ve akademik de\u011fi\u015fim alan\u0131nda gereken deste\u011fi vermeye haz\u0131r oldu\u011funu ifade ederek, &#8220;Bug\u00fcne kadar 407 Sudanl\u0131 \u00f6\u011frenciye T\u00fcrkiye burslar\u0131 vas\u0131tas\u0131yla \u00fclkemizde e\u011fitim \u00f6\u011fretim imkan\u0131 sunduk. Ayr\u0131ca vak\u0131f ve derneklerimiz de Sudanl\u0131 \u00f6\u011frencilere sahip \u00e7\u0131k\u0131yor, kendilerine T\u00fcrkiye&#8217;de e\u011fitim imkan\u0131 sa\u011fl\u0131yor.&#8221; dedi.<\/p>\n<p>T\u00fcrk ve Sudan \u00fcniversitelerinin i\u015f birli\u011finin \u00f6n\u00fcm\u00fczeki d\u00f6nemde daha da geli\u015fece\u011fine inand\u0131\u011f\u0131n\u0131 vurgulayan Erdo\u011fan, \u015funlar\u0131 kaydetti:<\/p>\n<p>&#8220;B\u00f6lgenin en fasih, en g\u00fczel Arap\u00e7as\u0131n\u0131 konu\u015fan Sudan&#8217;\u0131n, \u00f6zellikle Arap\u00e7a \u00f6\u011frenmek isteyen gen\u00e7lerimiz i\u00e7in \u00e7ok b\u00fcy\u00fck imkanlar sa\u011flad\u0131\u011f\u0131na da inan\u0131yorum. T\u00fcrk \u00f6\u011frenciler, Sudanl\u0131 karde\u015flerimin misafirperverli\u011finde hi\u00e7bir s\u0131k\u0131nt\u0131, hi\u00e7bir sorun ya\u015famadan burada en g\u00fczel \u015fekilde Arap\u00e7a&#8217;y\u0131 \u00f6\u011freneceklerdir.&#8221;<\/p>\n<p>Erdo\u011fan, \u00f6te yandan Sudanl\u0131 gen\u00e7lerin T\u00fcrk\u00e7e&#8217;ye ilgilerinin artmas\u0131ndan dolay\u0131 b\u00fcy\u00fck memnuniyet duydu\u011funu ifade ederek, \u015f\u00f6yle devam etti:<\/p>\n<p>&#8220;Hartum&#8217;daki Yunus Emre T\u00fcrk K\u00fclt\u00fcr Merkezinde \u015fu anda 800 civar\u0131nda \u00f6\u011frenci T\u00fcrk\u00e7e \u00f6\u011freniyor. Hartum \u00dcniversitesinin de b\u00fcnyesinde bir T\u00fcrk\u00e7e b\u00f6l\u00fcm\u00fc a\u00e7arak Sudanl\u0131 \u00f6\u011frencilerin bu talebine kar\u015f\u0131l\u0131k vermesini bekliyoruz. Bu ziyaretimizde bir ba\u015fka \u00e7al\u0131\u015fma daha yapt\u0131k. O da bir Sudan-T\u00fcrkiye \u00dcniversitesi kurmak. D\u00f6ner d\u00f6nmez bunun da talimatlar\u0131n\u0131 verece\u011fiz ve s\u00fcratle Y\u00d6K muhatab\u0131yla \u00e7al\u0131\u015fmas\u0131n\u0131 ba\u015flatacak ve b\u00f6ylece ad\u0131mlar\u0131m\u0131z\u0131 ataca\u011f\u0131z.&#8221;<\/p>\n<p>T\u00fcrkiye&#8217;nin b\u00f6lgede yapt\u0131\u011f\u0131 di\u011fer yat\u0131r\u0131mlara da de\u011finen Erdo\u011fan, Sa\u011fl\u0131k Bilimleri \u00dcniversitesi taraf\u0131ndan Sa\u011fl\u0131k Bilimleri Enstit\u00fcs\u00fc ve Sa\u011fl\u0131k Hizmetleri Y\u00fcksekokulu a\u00e7\u0131lmas\u0131na y\u00f6nelik \u00e7al\u0131\u015fmalar\u0131n devam etti\u011fi bilgisini verdi.<\/p>\n<p>\u00c7al\u0131\u015fmalar\u0131n k\u0131sa s\u00fcrede sona erece\u011fini kaydeden Erdo\u011fan, s\u00f6zlerini \u015f\u00f6yle s\u00fcrd\u00fcrd\u00fc:<\/p>\n<p>&#8220;Karde\u015flerim, b\u00fct\u00fcn bu d\u00fc\u015f\u00fcncelerimle \u00f6zellikle g\u00f6sterdi\u011finiz bu ilgiye, bu alakaya, Hartum \u00dcniversitesi y\u00f6netiminin \u015fahs\u0131ma tevdi etmi\u015f oldu\u011fu bu fahri doktora \u00fcnvan\u0131na, \u00f6zellikle \u015fahs\u0131m ve milletim olarak te\u015fekk\u00fcr ediyorum.<\/p>\n<p>Sudan&#8217;da bulunmaktan ve siz k\u0131ymetli karde\u015flerime hitap etmekten duydu\u011fum bahtiyarl\u0131\u011f\u0131 tekraren ifade etmek istiyorum. Rabbim yolumuzu, baht\u0131m\u0131z\u0131 a\u00e7\u0131k etsin, muhabbetimizi daim eylesin diyorum ve hepinizi Allah&#8217;\u0131n selam\u0131yla selaml\u0131yorum.&#8221;<\/p>\n<!-- Error, Advert is not available at this time due to schedule\/geolocation restrictions! -->\n","protected":false},"excerpt":{"rendered":"<p>Cumhurba\u015fkan\u0131 Erdo\u011fan, modern s\u00f6m\u00fcrgeciler ve g\u00fcn\u00fcm\u00fcz\u00fcn emperyalistleri i\u00e7in tek de\u011ferin elmas, alt\u0131n ve petrol oldu\u011funu belirterek, &#8220;\u015e\u00fcphesiz bunun anlam\u0131n\u0131 en iyi Afrika k\u0131tas\u0131 bilir.&#8221; dedi. Cumhurba\u015fkan\u0131 Recep Tayyip Erdo\u011fan, Sudan&#8217;da Dostlar Meclisi&#8217;nde ger\u00e7ekle\u015fen t\u00f6renle Erdo\u011fan&#8217;a, Hartum \u00dcniversitesi taraf\u0131ndan hukuk alan\u0131nda fahri doktora takdim edildi. Burada konu\u015fan Erdo\u011fan, Sudanl\u0131lara misafirperverlikleri dolay\u0131s\u0131yla \u015f\u00fckranlar\u0131n\u0131 sundu. Kar\u015f\u0131s\u0131nda \u00e7ok farkl\u0131 &hellip;<\/p>\n","protected":false},"author":4,"featured_media":259527,"comment_status":"open","ping_status":"open","sticky":false,"template":"","format":"standard","meta":{"_acf_changed":false,"footnotes":""},"categories":[6155,5005,6202],"tags":[30374,787,8512],"class_list":["post-259526","post","type-post","status-publish","format-standard","has-post-thumbnail","hentry","category-gundem","category-manset","category-politika","tag-afrika","tag-recep-tayyip-erdogan","tag-sudan"],"acf":[],"_links":{"self":[{"href":"https:\/\/www.nationalturk.com\/tr\/wp-json\/wp\/v2\/posts\/259526","targetHints":{"allow":["GET"]}}],"collection":[{"href":"https:\/\/www.nationalturk.com\/tr\/wp-json\/wp\/v2\/posts"}],"about":[{"href":"https:\/\/www.nationalturk.com\/tr\/wp-json\/wp\/v2\/types\/post"}],"author":[{"embeddable":true,"href":"https:\/\/www.nationalturk.com\/tr\/wp-json\/wp\/v2\/users\/4"}],"replies":[{"embeddable":true,"href":"https:\/\/www.nationalturk.com\/tr\/wp-json\/wp\/v2\/comments?post=259526"}],"version-history":[{"count":0,"href":"https:\/\/www.nationalturk.com\/tr\/wp-json\/wp\/v2\/posts\/259526\/revisions"}],"wp:featuredmedia":[{"embeddable":true,"href":"https:\/\/www.nationalturk.com\/tr\/wp-json\/wp\/v2\/media\/259527"}],"wp:attachment":[{"href":"https:\/\/www.nationalturk.com\/tr\/wp-json\/wp\/v2\/media?parent=259526"}],"wp:term":[{"taxonomy":"category","embeddable":true,"href":"https:\/\/www.nationalturk.com\/tr\/wp-json\/wp\/v2\/categories?post=259526"},{"taxonomy":"post_tag","embeddable":true,"href":"https:\/\/www.nationalturk.com\/tr\/wp-json\/wp\/v2\/tags?post=259526"}],"curies":[{"name":"wp","href":"https:\/\/api.w.org\/{rel}","templated":true}]}}