{"id":259617,"date":"2017-12-28T11:42:56","date_gmt":"2017-12-28T08:42:56","guid":{"rendered":"http:\/\/www.nationalturk.com\/?p=259617"},"modified":"2017-12-28T11:42:56","modified_gmt":"2017-12-28T08:42:56","slug":"rafael-nadala-sakatlik-engeli","status":"publish","type":"post","link":"https:\/\/www.nationalturk.com\/tr\/rafael-nadala-sakatlik-engeli\/","title":{"rendered":"Rafael Nadal&#8217;a sakatl\u0131k engeli"},"content":{"rendered":"<h2>\u0130spanyol tenis\u00e7i Rafael Nadal, Uluslararas\u0131 Brisbane Tenis Turnuvas\u0131&#8217;ndan \u00e7ekildi\u011fini duyurdu.<\/h2>\n<p>Tek erkeklerde d\u00fcnya klasman\u0131n\u0131n zirvesinde yer alan 31 ya\u015f\u0131ndaki Nadal, dizinde devam eden sakatl\u0131\u011f\u0131 nedeniyle Abu Dabi&#8217;deki Mubadala Turnuvas\u0131&#8217;n\u0131n ard\u0131ndan sert zemin turnuvas\u0131 Brisbane&#8217;den de \u00e7ekilme karar\u0131 ald\u0131.<\/p>\n<p>Sosyal medya hesab\u0131ndan yapt\u0131\u011f\u0131 a\u00e7\u0131klamada, yeni sezon i\u00e7in hen\u00fcz tam olarak haz\u0131r hale gelmedi\u011fini belirten \u0130spanyol tenis\u00e7i, sezonun ilk grand slam turnuvas\u0131 Avustralya A\u00e7\u0131k i\u00e7in \u00e7al\u0131\u015fmalar\u0131n\u0131n olduk\u00e7a iyi gitti\u011fini belirtti.<\/p>\n<p>Bu y\u0131l oynanan grand slam turnuvalar\u0131nda Nadal, Fransa A\u00e7\u0131k ve ABD A\u00e7\u0131k&#8217;ta \u015fampiyonlu\u011fa ula\u015f\u0131rken, 36 ya\u015f\u0131ndaki \u0130svi\u00e7reli Roger Federer de Avustralya A\u00e7\u0131k ve Wimbledon&#8217;da kupa sevinci ya\u015fam\u0131\u015ft\u0131.<\/p>\n<p>Avustralya A\u00e7\u0131k, 15 Ocak 2018 tarihinde ba\u015flayacak.<\/p>\n<!-- Error, Advert is not available at this time due to schedule\/geolocation restrictions! -->\n","protected":false},"excerpt":{"rendered":"<p>\u0130spanyol tenis\u00e7i Rafael Nadal, Uluslararas\u0131 Brisbane Tenis Turnuvas\u0131&#8217;ndan \u00e7ekildi\u011fini duyurdu. Tek erkeklerde d\u00fcnya klasman\u0131n\u0131n zirvesinde yer alan 31 ya\u015f\u0131ndaki Nadal, dizinde devam eden sakatl\u0131\u011f\u0131 nedeniyle Abu Dabi&#8217;deki Mubadala Turnuvas\u0131&#8217;n\u0131n ard\u0131ndan sert zemin turnuvas\u0131 Brisbane&#8217;den de \u00e7ekilme karar\u0131 ald\u0131. Sosyal medya hesab\u0131ndan yapt\u0131\u011f\u0131 a\u00e7\u0131klamada, yeni sezon i\u00e7in hen\u00fcz tam olarak haz\u0131r hale gelmedi\u011fini belirten \u0130spanyol tenis\u00e7i, &hellip;<\/p>\n","protected":false},"author":4,"featured_media":259618,"comment_status":"open","ping_status":"open","sticky":false,"template":"","format":"standard","meta":{"_acf_changed":false,"footnotes":""},"categories":[6194,6778],"tags":[33492,59137,13230,195977],"class_list":["post-259617","post","type-post","status-publish","format-standard","has-post-thumbnail","hentry","category-spor","category-tenis","tag-avustralya-acik","tag-brisbane","tag-rafael-nadal","tag-tenis"],"acf":[],"_links":{"self":[{"href":"https:\/\/www.nationalturk.com\/tr\/wp-json\/wp\/v2\/posts\/259617","targetHints":{"allow":["GET"]}}],"collection":[{"href":"https:\/\/www.nationalturk.com\/tr\/wp-json\/wp\/v2\/posts"}],"about":[{"href":"https:\/\/www.nationalturk.com\/tr\/wp-json\/wp\/v2\/types\/post"}],"author":[{"embeddable":true,"href":"https:\/\/www.nationalturk.com\/tr\/wp-json\/wp\/v2\/users\/4"}],"replies":[{"embeddable":true,"href":"https:\/\/www.nationalturk.com\/tr\/wp-json\/wp\/v2\/comments?post=259617"}],"version-history":[{"count":0,"href":"https:\/\/www.nationalturk.com\/tr\/wp-json\/wp\/v2\/posts\/259617\/revisions"}],"wp:featuredmedia":[{"embeddable":true,"href":"https:\/\/www.nationalturk.com\/tr\/wp-json\/wp\/v2\/media\/259618"}],"wp:attachment":[{"href":"https:\/\/www.nationalturk.com\/tr\/wp-json\/wp\/v2\/media?parent=259617"}],"wp:term":[{"taxonomy":"category","embeddable":true,"href":"https:\/\/www.nationalturk.com\/tr\/wp-json\/wp\/v2\/categories?post=259617"},{"taxonomy":"post_tag","embeddable":true,"href":"https:\/\/www.nationalturk.com\/tr\/wp-json\/wp\/v2\/tags?post=259617"}],"curies":[{"name":"wp","href":"https:\/\/api.w.org\/{rel}","templated":true}]}}