{"id":25970,"date":"2010-05-31T11:46:58","date_gmt":"2010-05-31T09:46:58","guid":{"rendered":"http:\/\/www.nationalturk.com\/?p=25970"},"modified":"2024-09-10T12:34:41","modified_gmt":"2024-09-10T09:34:41","slug":"taksim-meydani-israil-protestosu-video-7620284","status":"publish","type":"post","link":"https:\/\/www.nationalturk.com\/tr\/taksim-meydani-israil-protestosu-video-7620284\/","title":{"rendered":"\u0130srail&#8217;e \u00f6fke \u00e7\u0131\u011f gibi! Taksim Meydan\u0131&#8217;ndan canl\u0131 yay\u0131n"},"content":{"rendered":"<p><strong><\/strong><\/p>\n<p><strong>\u0130srail&#8217;in yard\u0131m gemilerine d\u00fczenledi\u011fi operasyonun ard\u0131ndan T\u00fcrkiye ayakland\u0131. Levent&#8217;teki \u0130srail \u0130stanbul Konsoloslu\u011fu \u00f6n\u00fcnde toplanan protestocular Taksim Meydan\u0131&#8217;na ula\u015ft\u0131.<\/strong><\/p>\n<p>Yakla\u015f\u0131k 5 bin ki\u015fi, \u0130srail aleyhine slogan atarak Taksim Meydan\u0131&#8217;na y\u00fcr\u00fcy\u00fc\u015fe ge\u00e7ti. Protestocular, Taksim Meydan\u0131&#8217;na ula\u015ft\u0131 ve geni\u015f kat\u0131l\u0131ml\u0131 bir miting yap\u0131lacak.<\/p>\n<p>\u0130\u015fte Taksim&#8217;den g\u00f6r\u00fcnt\u00fcler;<\/p>\n[media id=499 width=610 height=340]\n<span style=\"font-weight: bold; color: #f00;\">Error, group does not exist! Check your syntax! (ID: 51)<\/span>\n[media id=497 width=610 height=340]\n<p>Protestocular &#8216;Mehmet\u00e7ik Gazze&#8217;ye&#8217;, &#8216;Siyonist el\u00e7ilik kapat\u0131ls\u0131n&#8217;, &#8216;\u015eehitlerin hesab\u0131 sorulacak&#8217;, &#8216;Kahrolsun \u0130srail, ya\u015fas\u0131n k\u00fcresel intifada&#8217; \u015feklinde sloganlar at\u0131yor. Vatanda\u015flardan da eyleme \u00e7ok b\u00fcy\u00fck destek var.<\/p>\n<p>Baz\u0131 sol g\u00f6r\u00fc\u015fl\u00fc gruplar da Taksim&#8217;e gelmeye ba\u015flad\u0131.<\/p>\n<span style=\"font-weight: bold; color: #f00;\">Error, group does not exist! Check your syntax! (ID: 51)<\/span>\n","protected":false},"excerpt":{"rendered":"<p>Taksim&#8217;den canl\u0131 yay\u0131n<\/p>\n","protected":false},"author":4,"featured_media":25972,"comment_status":"open","ping_status":"open","sticky":false,"template":"","format":"standard","meta":{"_acf_changed":false,"footnotes":""},"categories":[6155,6202,6805,342],"tags":[13668,28060,28005,28006,1555,28062,27997,28066,28003,28000,28082,27999,28063,28064,28065,28068,28067,28001,28002,28004,27996,27998,31650,29166,3805,6622,28084,28085,28083,28086],"class_list":["post-25970","post","type-post","status-publish","format-standard","has-post-thumbnail","hentry","category-gundem","category-politika","category-turkiye","category-video","tag-danny-ayalon","tag-danny-ayalon-aciklama-video","tag-gazze-yardim-gemisi-video","tag-gazze-yardim-gemisine-saldiri-video","tag-israil","tag-israil-aciklama-video","tag-israil-baskin","tag-israil-baskin-saldiri-video-israil-tv","tag-israil-baskin-video","tag-israil-insani-yardim-vakfi-saldiri","tag-israil-protestolar","tag-israil-saldiri","tag-israil-televizyonlari","tag-israil-televizyonlari-canli-yayin","tag-israil-televizyonlari-canli-yayin-video","tag-israil-tv-canli-yayin","tag-israil-tv-video","tag-israil-video","tag-israil-yardim-gemisi-baskin-video","tag-israil-yardim-gemisi-baskin-viedo","tag-israil-yardim-gemisine-baskin","tag-israil-yardim-gemisine-saldiri","tag-sehit","tag-sehit-cenazeleri","tag-taksim","tag-taksim-meydani","tag-taksim-meydani-filistin-mitingi-video","tag-taksim-meydani-israil-mitingi-video","tag-taksim-meydani-israil-protestosu","tag-taksim-meydani-video"],"acf":[],"_links":{"self":[{"href":"https:\/\/www.nationalturk.com\/tr\/wp-json\/wp\/v2\/posts\/25970","targetHints":{"allow":["GET"]}}],"collection":[{"href":"https:\/\/www.nationalturk.com\/tr\/wp-json\/wp\/v2\/posts"}],"about":[{"href":"https:\/\/www.nationalturk.com\/tr\/wp-json\/wp\/v2\/types\/post"}],"author":[{"embeddable":true,"href":"https:\/\/www.nationalturk.com\/tr\/wp-json\/wp\/v2\/users\/4"}],"replies":[{"embeddable":true,"href":"https:\/\/www.nationalturk.com\/tr\/wp-json\/wp\/v2\/comments?post=25970"}],"version-history":[{"count":0,"href":"https:\/\/www.nationalturk.com\/tr\/wp-json\/wp\/v2\/posts\/25970\/revisions"}],"wp:featuredmedia":[{"embeddable":true,"href":"https:\/\/www.nationalturk.com\/tr\/wp-json\/wp\/v2\/media\/25972"}],"wp:attachment":[{"href":"https:\/\/www.nationalturk.com\/tr\/wp-json\/wp\/v2\/media?parent=25970"}],"wp:term":[{"taxonomy":"category","embeddable":true,"href":"https:\/\/www.nationalturk.com\/tr\/wp-json\/wp\/v2\/categories?post=25970"},{"taxonomy":"post_tag","embeddable":true,"href":"https:\/\/www.nationalturk.com\/tr\/wp-json\/wp\/v2\/tags?post=25970"}],"curies":[{"name":"wp","href":"https:\/\/api.w.org\/{rel}","templated":true}]}}