{"id":259934,"date":"2018-01-06T12:02:39","date_gmt":"2018-01-06T09:02:39","guid":{"rendered":"http:\/\/www.nationalturk.com\/?p=259934"},"modified":"2018-01-06T12:02:39","modified_gmt":"2018-01-06T09:02:39","slug":"beyaz-sarayi-karistiran-gazap-ve-ofke-ciktigi-gun-tukendi","status":"publish","type":"post","link":"https:\/\/www.nationalturk.com\/tr\/beyaz-sarayi-karistiran-gazap-ve-ofke-ciktigi-gun-tukendi\/","title":{"rendered":"Beyaz Saray&#8217;\u0131 kar\u0131\u015ft\u0131ran &#8216;Gazap ve \u00d6fke&#8217; \u00e7\u0131kt\u0131\u011f\u0131 g\u00fcn t\u00fckendi!"},"content":{"rendered":"<h2>Beyaz Saray&#8217;\u0131n eski ba\u015fstratejisti Steve Bannon&#8217;\u0131n, ABD Lideri Donald Trump kar\u015f\u0131t\u0131 ifadeleriyle ad\u0131 duyulan &#8216;Gazap ve \u00d6fke&#8217; (Fire and Fury) adl\u0131 kitap, piyasaya \u00e7\u0131kt\u0131\u011f\u0131 g\u00fcn t\u00fckendi.<\/h2>\n<p>ABD Ba\u015fkan\u0131 Donald Trump&#8217;\u0131n g\u00f6revdeki ilk y\u0131l\u0131n\u0131n konu edildi\u011fi, tart\u0131\u015fmalara neden olan &#8220;Gazap ve \u00d6fke: Trump&#8217;\u0131n Beyaz Saray\u0131n\u0131n \u0130\u00e7inden&#8221; adl\u0131 kitap, ABD&#8217;de piyasaya \u00e7\u0131kt\u0131\u011f\u0131 g\u00fcn t\u00fckendi.<\/p>\n<p>Michael Wolff taraf\u0131ndan kaleme al\u0131nan kitap, online sat\u0131\u015f yapan Amazon&#8217;un kitap b\u00f6l\u00fcm\u00fcnde 1 numaraya yerle\u015fti, ba\u015fkent Washington ve New York gibi kentlerdeki kitap\u00e7\u0131larda ise dakikalar i\u00e7inde sat\u0131ld\u0131.<\/p>\n<p>\u00dclke kamuoyunda tart\u0131\u015fmalara neden olan kitap, Donald Trump&#8217;\u0131n eski ba\u015fstratejisti Steve Bannon&#8217;\u0131n ba\u015fkan\u0131n b\u00fcy\u00fck o\u011flunu Rusya soru\u015fturmas\u0131 kapsam\u0131nda su\u00e7lad\u0131\u011f\u0131 bir b\u00f6l\u00fcm\u00fcn medyaya yans\u0131mas\u0131yla g\u00fcndemi de\u011fi\u015ftirdi.<\/p>\n<p>Ard\u0131ndan kitapla ilgili New York dergisinde yer alan bir r\u00f6portajda Trump&#8217;a y\u00f6nelik ortaya at\u0131lan iddialar da Washington kulislerini ve Beyaz Saray&#8217;\u0131 kar\u0131\u015ft\u0131rd\u0131.<\/p>\n<h3>&#8220;Trump ba\u015fkanl\u0131\u011f\u0131 bekleniyordu&#8221;<\/h3>\n<p>Kitapta en \u00e7ok tart\u0131\u015fmalara neden olan b\u00f6l\u00fcmlerden birinde Michael Wolff, ABD Lideri Trump&#8217;a yak\u0131n isimlere dayand\u0131rd\u0131\u011f\u0131 ifadelerde &#8220;Trump&#8217;\u0131n ba\u015fkan olmay\u0131 ger\u00e7ekten istemedi\u011fini ve se\u00e7ilmeyi beklemedi\u011fini&#8221; iddia etti.<\/p>\n<p>Se\u00e7im kampanyas\u0131ndaki s\u00fcre\u00e7te Trump&#8217;\u0131n kazanaca\u011f\u0131na inanmad\u0131\u011f\u0131n\u0131 savunan yazar, Trump&#8217;\u0131n ba\u015fdan\u0131\u015fman\u0131 Kellyanne Conway&#8217;in &#8220;Trump&#8217;\u0131n kaybedece\u011finden emin oldu\u011funu&#8221; da ileri s\u00fcrd\u00fc.<\/p>\n<h4>Zehirlenmekten korkan Trump, hamburger men\u00fcleri yedi<\/h4>\n<p>ABD Lideri Trump&#8217;\u0131n Beyaz Saray&#8217;a yerle\u015ftikten sonra odas\u0131na iki yeni televizyon ekletti\u011fi, zehirlenme korkusundan dolay\u0131 uzunca bir s\u00fcredir haz\u0131r hamburger men\u00fcleri yedi\u011fi, yata\u011f\u0131nda saatlerce televizyon izledi\u011fi gibi bir\u00e7ok ki\u015fisel al\u0131\u015fkanl\u0131klar\u0131n\u0131n yer ald\u0131\u011f\u0131 kitaptaki bilgilerin ne \u00f6l\u00e7\u00fcde do\u011fru oldu\u011fu ise kamuoyunda tart\u0131\u015f\u0131l\u0131yor.<\/p>\n<h4>Trump: D\u00fczmece kitap<\/h4>\n<p>Kitapla ilgili Twitter hesab\u0131ndan a\u00e7\u0131klama yapan Trump ise &#8220;D\u00fczmece kitab\u0131n yazar\u0131n\u0131n Beyaz Saray&#8217;a girmesine hi\u00e7 izin vermedim. Kitapla ilgili kendisiyle de hi\u00e7 konu\u015fmad\u0131m. Yalanlar, yanl\u0131\u015f anlat\u0131mlar ve olmayan kaynaklarla dolu bir kitap&#8221; de\u011ferlendirmesinde bulundu.<\/p>\n<p>\u200bBeyaz Saray S\u00f6zc\u00fcs\u00fc Sarah Sanders da d\u00fcnk\u00fc bas\u0131n brifinginde, kitab\u0131n yazar\u0131 Wolff&#8217;un Beyaz Saray&#8217;a girmek i\u00e7in 30, Trump ile g\u00f6r\u00fc\u015fmek i\u00e7in de 20&#8217;ye yak\u0131n ba\u015fvuru yapt\u0131\u011f\u0131n\u0131, ancak bunlar\u0131n kabul edilmedi\u011fini ve kitab\u0131n ger\u00e7eklerle uyu\u015fmayan bir\u00e7ok iddiay\u0131 i\u00e7erdi\u011fini savunmu\u015ftu.<\/p>\n<h5>&#8220;Sadece i\u015fini de\u011fil akl\u0131n\u0131 da yitirmi\u015f&#8221;<\/h5>\n<p>Trump&#8217;\u0131n eski ba\u015fstratejisi Steve Bannon ile yap\u0131lan r\u00f6portaj\u0131n da yer ald\u0131\u011f\u0131 kitaptan medyaya yans\u0131yan baz\u0131 b\u00f6l\u00fcmler Amerikan kamuoyunda tart\u0131\u015fmalara neden olmu\u015ftu. S\u00f6z konusu m\u00fclakatta Bannon, Trump&#8217;\u0131n b\u00fcy\u00fck o\u011flu Trump Jr. ile baz\u0131 Ruslar aras\u0131nda New York&#8217;taki Trump Otel&#8217;de yap\u0131lan g\u00f6r\u00fc\u015fme i\u00e7in &#8220;haince&#8221; ifadesini kullanm\u0131\u015ft\u0131.<\/p>\n<p>Trump ise yaz\u0131l\u0131 a\u00e7\u0131klamayla Bannon&#8217;a \u00e7\u0131k\u0131\u015fm\u0131\u015f, &#8220;Kovuldu\u011fu g\u00fcn sadece i\u015fini de\u011fil, ayn\u0131 zamanda akl\u0131n\u0131 da kaybetmi\u015f&#8221; s\u00f6zleriyle tepki g\u00f6stermi\u015fti.<\/p>\n<h6>Yay\u0131nlanmamas\u0131 istendi!<\/h6>\n<p>Bu arada Trump&#8217;\u0131n avukatlar\u0131ndan Charles Harder&#8217;\u0131n, &#8220;Ate\u015f ve \u00d6fke: Trump Beyaz Saray\u0131n\u0131n \u0130\u00e7inden&#8221; ba\u015fl\u0131kl\u0131 kitab\u0131 yay\u0131mlamaya haz\u0131rlanan Wolff ile yay\u0131nevinin y\u00f6neticisi Henry Holt&#8217;a ihtar mektubu g\u00f6ndererek kitab\u0131n piyasaya s\u00fcr\u00fclmemesini talep etti\u011fi ortaya \u00e7\u0131km\u0131\u015ft\u0131.<\/p>\n<p>Yay\u0131nevi ise Trump&#8217;\u0131n bu giri\u015fimine kar\u015f\u0131l\u0131k, 9 Ocak&#8217;ta yay\u0131mlanmas\u0131 beklenen kitab\u0131 5 Ocak&#8217;ta piyasaya sunmu\u015ftu.<\/p>\n<!-- Error, Advert is not available at this time due to schedule\/geolocation restrictions! -->\n","protected":false},"excerpt":{"rendered":"<p>Beyaz Saray&#8217;\u0131n eski ba\u015fstratejisti Steve Bannon&#8217;\u0131n, ABD Lideri Donald Trump kar\u015f\u0131t\u0131 ifadeleriyle ad\u0131 duyulan &#8216;Gazap ve \u00d6fke&#8217; (Fire and Fury) adl\u0131 kitap, piyasaya \u00e7\u0131kt\u0131\u011f\u0131 g\u00fcn t\u00fckendi. ABD Ba\u015fkan\u0131 Donald Trump&#8217;\u0131n g\u00f6revdeki ilk y\u0131l\u0131n\u0131n konu edildi\u011fi, tart\u0131\u015fmalara neden olan &#8220;Gazap ve \u00d6fke: Trump&#8217;\u0131n Beyaz Saray\u0131n\u0131n \u0130\u00e7inden&#8221; adl\u0131 kitap, ABD&#8217;de piyasaya \u00e7\u0131kt\u0131\u011f\u0131 g\u00fcn t\u00fckendi. Michael Wolff taraf\u0131ndan &hellip;<\/p>\n","protected":false},"author":9192198,"featured_media":259936,"comment_status":"open","ping_status":"open","sticky":false,"template":"","format":"standard","meta":{"_acf_changed":false,"footnotes":""},"categories":[6199,6221,5005],"tags":[37535,2936,199658,215882,215881,2230,213194],"class_list":["post-259934","post","type-post","status-publish","format-standard","has-post-thumbnail","hentry","category-ekonomi","category-kultur","category-manset","tag-amerika-baskani","tag-beyaz-saray","tag-donald-trump","tag-kellyanne-conway","tag-michael-wolff","tag-new-york","tag-steve-bannon"],"acf":[],"_links":{"self":[{"href":"https:\/\/www.nationalturk.com\/tr\/wp-json\/wp\/v2\/posts\/259934","targetHints":{"allow":["GET"]}}],"collection":[{"href":"https:\/\/www.nationalturk.com\/tr\/wp-json\/wp\/v2\/posts"}],"about":[{"href":"https:\/\/www.nationalturk.com\/tr\/wp-json\/wp\/v2\/types\/post"}],"author":[{"embeddable":true,"href":"https:\/\/www.nationalturk.com\/tr\/wp-json\/wp\/v2\/users\/9192198"}],"replies":[{"embeddable":true,"href":"https:\/\/www.nationalturk.com\/tr\/wp-json\/wp\/v2\/comments?post=259934"}],"version-history":[{"count":0,"href":"https:\/\/www.nationalturk.com\/tr\/wp-json\/wp\/v2\/posts\/259934\/revisions"}],"wp:featuredmedia":[{"embeddable":true,"href":"https:\/\/www.nationalturk.com\/tr\/wp-json\/wp\/v2\/media\/259936"}],"wp:attachment":[{"href":"https:\/\/www.nationalturk.com\/tr\/wp-json\/wp\/v2\/media?parent=259934"}],"wp:term":[{"taxonomy":"category","embeddable":true,"href":"https:\/\/www.nationalturk.com\/tr\/wp-json\/wp\/v2\/categories?post=259934"},{"taxonomy":"post_tag","embeddable":true,"href":"https:\/\/www.nationalturk.com\/tr\/wp-json\/wp\/v2\/tags?post=259934"}],"curies":[{"name":"wp","href":"https:\/\/api.w.org\/{rel}","templated":true}]}}