{"id":259939,"date":"2018-01-06T12:37:35","date_gmt":"2018-01-06T09:37:35","guid":{"rendered":"http:\/\/www.nationalturk.com\/?p=259939"},"modified":"2018-01-06T12:37:35","modified_gmt":"2018-01-06T09:37:35","slug":"acemi-er-canli-bomba-iddiasiyla-tutuklandi","status":"publish","type":"post","link":"https:\/\/www.nationalturk.com\/tr\/acemi-er-canli-bomba-iddiasiyla-tutuklandi\/","title":{"rendered":"Acemi er, canl\u0131 bomba iddias\u0131yla tutukland\u0131!"},"content":{"rendered":"<h2>Bir ay \u00f6nce temel e\u011fitimini almak i\u00e7in Manisa 1\u2019inci Piyade E\u011fitim Tugay Komutanl\u0131\u011f\u0131\u2019na ba\u011fl\u0131 Albay Arif Seyhun K\u0131\u015flas\u0131\u2019na teslim olan asker, ter\u00f6r \u00f6rg\u00fct\u00fc DEA\u015e \u00fcyesi oldu\u011fu gerek\u00e7esiyle g\u00f6zalt\u0131na al\u0131nd\u0131. \u0130smi a\u00e7\u0131klanmayan erin, DEA\u015e&#8217;\u0131n canl\u0131 bombac\u0131s\u0131 oldu\u011fu \u015f\u00fcphesi ile yakalan\u0131p, tutukland\u0131.<\/h2>\n<p>Manisa 1\u2019inciPiyade E\u011fitim Tugay Komutanl\u0131\u011f\u0131\u2019na ba\u011fl\u0131 Arif Seyhun K\u0131\u015flas\u0131\u2019na bir ay \u00f6nce kat\u0131lan, ismi a\u00e7\u0131klanmayan bir askerin DEA\u015e \u00fcyesi oldu\u011fu anla\u015f\u0131ld\u0131.<\/p>\n<p>Manisa \u0130l Emniyet M\u00fcd\u00fcrl\u00fc\u011f\u00fc\u2019nce, acemi erlere y\u00f6nelik kimlik sorgulanmas\u0131nda, \u015eanl\u0131urfa\u2019n\u0131n Siverek il\u00e7esinden gelen asker hakk\u0131nda, ter\u00f6r \u00f6rg\u00fct\u00fc DEA\u015e \u00fcyesi oldu\u011fu gerek\u00e7esiyle yakalama karar\u0131 bulundu\u011fu belirlendi. Acemi asker, ge\u00e7en y\u0131l 16 Aral\u0131k\u2019ta g\u00f6zalt\u0131na al\u0131nd\u0131 ve sevk edildi\u011fi adliyede tutukland\u0131.<\/p>\n<p>\u0130smi a\u00e7\u0131klanmayan askerin, DEA\u015e\u2019\u0131n canl\u0131 bombac\u0131s\u0131 oldu\u011fu \u015f\u00fcphesiyle hakk\u0131nda yakalama \u00e7\u0131kar\u0131ld\u0131\u011f\u0131 \u00f6\u011frenildi.<\/p>\n<!-- Error, Advert is not available at this time due to schedule\/geolocation restrictions! -->\n","protected":false},"excerpt":{"rendered":"<p>Bir ay \u00f6nce temel e\u011fitimini almak i\u00e7in Manisa 1\u2019inci Piyade E\u011fitim Tugay Komutanl\u0131\u011f\u0131\u2019na ba\u011fl\u0131 Albay Arif Seyhun K\u0131\u015flas\u0131\u2019na teslim olan asker, ter\u00f6r \u00f6rg\u00fct\u00fc DEA\u015e \u00fcyesi oldu\u011fu gerek\u00e7esiyle g\u00f6zalt\u0131na al\u0131nd\u0131. \u0130smi a\u00e7\u0131klanmayan erin, DEA\u015e&#8217;\u0131n canl\u0131 bombac\u0131s\u0131 oldu\u011fu \u015f\u00fcphesi ile yakalan\u0131p, tutukland\u0131. Manisa 1\u2019inciPiyade E\u011fitim Tugay Komutanl\u0131\u011f\u0131\u2019na ba\u011fl\u0131 Arif Seyhun K\u0131\u015flas\u0131\u2019na bir ay \u00f6nce kat\u0131lan, ismi a\u00e7\u0131klanmayan &hellip;<\/p>\n","protected":false},"author":9192198,"featured_media":259940,"comment_status":"open","ping_status":"open","sticky":false,"template":"","format":"standard","meta":{"_acf_changed":false,"footnotes":""},"categories":[763,5005,349,6805],"tags":[215562,193964,1471,22441],"class_list":["post-259939","post","type-post","status-publish","format-standard","has-post-thumbnail","hentry","category-gunun-olayi","category-manset","category-son-dakika","category-turkiye","tag-albay-arif-seyhun-kislasi","tag-deas","tag-sanliurfa","tag-siverek"],"acf":[],"_links":{"self":[{"href":"https:\/\/www.nationalturk.com\/tr\/wp-json\/wp\/v2\/posts\/259939","targetHints":{"allow":["GET"]}}],"collection":[{"href":"https:\/\/www.nationalturk.com\/tr\/wp-json\/wp\/v2\/posts"}],"about":[{"href":"https:\/\/www.nationalturk.com\/tr\/wp-json\/wp\/v2\/types\/post"}],"author":[{"embeddable":true,"href":"https:\/\/www.nationalturk.com\/tr\/wp-json\/wp\/v2\/users\/9192198"}],"replies":[{"embeddable":true,"href":"https:\/\/www.nationalturk.com\/tr\/wp-json\/wp\/v2\/comments?post=259939"}],"version-history":[{"count":0,"href":"https:\/\/www.nationalturk.com\/tr\/wp-json\/wp\/v2\/posts\/259939\/revisions"}],"wp:featuredmedia":[{"embeddable":true,"href":"https:\/\/www.nationalturk.com\/tr\/wp-json\/wp\/v2\/media\/259940"}],"wp:attachment":[{"href":"https:\/\/www.nationalturk.com\/tr\/wp-json\/wp\/v2\/media?parent=259939"}],"wp:term":[{"taxonomy":"category","embeddable":true,"href":"https:\/\/www.nationalturk.com\/tr\/wp-json\/wp\/v2\/categories?post=259939"},{"taxonomy":"post_tag","embeddable":true,"href":"https:\/\/www.nationalturk.com\/tr\/wp-json\/wp\/v2\/tags?post=259939"}],"curies":[{"name":"wp","href":"https:\/\/api.w.org\/{rel}","templated":true}]}}